{"id":10189,"date":"2024-03-29T11:01:35","date_gmt":"2024-03-29T10:01:35","guid":{"rendered":"https:\/\/sp17.pl\/?p=10189"},"modified":"2024-03-29T11:01:36","modified_gmt":"2024-03-29T10:01:36","slug":"milosc-niejedno-ma-imie-koncert","status":"publish","type":"post","link":"https:\/\/sp17.pl\/?p=10189","title":{"rendered":"MI\u0141O\u015a\u0106 NIEJEDNO MA IMI\u0118 &#8211; KONCERT"},"content":{"rendered":"<h5 dir=\"auto\">&#8222;Jedna prze\u017cyta chwila czasami uczy nas wi\u0119cej, ani\u017celi ca\u0142e \u017cycie&#8221; ~ gen. W\u0142adys\u0142aw Sikorski<\/h5>\n<h5 dir=\"auto\" style=\"text-align: justify;\">W dniu 21 marca 2024 r. w naszej szkole odby\u0142 si\u0119 koncert pt. &#8222;Mi\u0142o\u015b\u0107 niejedno ma imi\u0119&#8221;. Uczniowie, rodzice i nauczyciele&nbsp; zaprezentowali utwory prowadz\u0105c nas przez r\u00f3\u017cne style muzyczne oraz r\u00f3\u017cne oblicza mi\u0142o\u015bci. W repertuarze naszego koncertu znalaz\u0142o si\u0119 miejsce dla ca\u0142ej gamy uczu\u0107. By\u0142y piosenki o mi\u0142o\u015bci niespe\u0142nionej, o tej na dobre i z\u0142e, o mi\u0142o\u015bci do pieni\u0105dza, o przyja\u017ani i mi\u0142o\u015bci rodzicielskiej. Bo przecie\u017c zakocha\u0107 mo\u017cna si\u0119 wsz\u0119dzie i niemal we wszystkim, a mi\u0142o\u015b\u0107 niejedno ma imi\u0119&#8230;&nbsp;<\/h5>\n<h5 dir=\"auto\" style=\"text-align: justify;\">Koncert odby\u0142 si\u0119 we wsp\u00f3\u0142pracy z Rad\u0105 Rodzic\u00f3w oraz w ramach obchod\u00f3w Jubileuszu 60 &#8211; lecia Szko\u0142y Podstawowej nr 17&nbsp; &nbsp; &nbsp; &nbsp; &nbsp; &nbsp; &nbsp; oraz 20 &#8211; lecia Zespo\u0142u Edukacyjnego nr 2. Podczas koncertu odby\u0142a si\u0119 premiera piosenki promuj\u0105cej Zesp\u00f3\u0142 Edukacyjny nr 2.<\/h5>\n<!-- default-view.php -->\n<div\n\tclass=\"ngg-galleryoverview default-view \"\n\tid=\"ngg-gallery-2b46ea3e342a4985274b18b90e551f06-1\">\n\n\t\t<!-- Thumbnails -->\n\t\t\t\t<div id=\"ngg-image-0\" class=\"ngg-gallery-thumbnail-box ngg-3-columns\" >\n\t\t\t\t        <div class=\"ngg-gallery-thumbnail\">\n            <a href=\"https:\/\/sp17.pl\/wp-content\/gallery\/2024-koncert-milosc\/IMG_3270.JPEG\"\n               title=\"\"\n               data-src=\"https:\/\/sp17.pl\/wp-content\/gallery\/2024-koncert-milosc\/IMG_3270.JPEG\"\n               data-thumbnail=\"https:\/\/sp17.pl\/wp-content\/gallery\/2024-koncert-milosc\/thumbs\/thumbs_IMG_3270.JPEG\"\n               data-image-id=\"3546\"\n               data-title=\"IMG_3270\"\n               data-description=\"\"\n               data-image-slug=\"img_3270\"\n               class=\"ngg-simplelightbox\" rel=\"2b46ea3e342a4985274b18b90e551f06\">\n                <img\n                    title=\"IMG_3270\"\n                    alt=\"IMG_3270\"\n                    src=\"https:\/\/sp17.pl\/wp-content\/gallery\/2024-koncert-milosc\/thumbs\/thumbs_IMG_3270.JPEG\"\n                    width=\"240\"\n                    height=\"160\"\n                    style=\"max-width:100%;\"\n                \/>\n            <\/a>\n        <\/div>\n\t\t\t\t\t\t\t<\/div> \n\t\t\t\n\t\t\t\t<div id=\"ngg-image-1\" class=\"ngg-gallery-thumbnail-box ngg-3-columns\" >\n\t\t\t\t        <div class=\"ngg-gallery-thumbnail\">\n            <a href=\"https:\/\/sp17.pl\/wp-content\/gallery\/2024-koncert-milosc\/IMG_3277.JPEG\"\n               title=\"\"\n               data-src=\"https:\/\/sp17.pl\/wp-content\/gallery\/2024-koncert-milosc\/IMG_3277.JPEG\"\n               data-thumbnail=\"https:\/\/sp17.pl\/wp-content\/gallery\/2024-koncert-milosc\/thumbs\/thumbs_IMG_3277.JPEG\"\n               data-image-id=\"3547\"\n               data-title=\"IMG_3277\"\n               data-description=\"\"\n               data-image-slug=\"img_3277\"\n               class=\"ngg-simplelightbox\" rel=\"2b46ea3e342a4985274b18b90e551f06\">\n                <img\n                    title=\"IMG_3277\"\n                    alt=\"IMG_3277\"\n                    src=\"https:\/\/sp17.pl\/wp-content\/gallery\/2024-koncert-milosc\/thumbs\/thumbs_IMG_3277.JPEG\"\n                    width=\"240\"\n                    height=\"160\"\n                    style=\"max-width:100%;\"\n                \/>\n            <\/a>\n        <\/div>\n\t\t\t\t\t\t\t<\/div> \n\t\t\t\n\t\t\t\t<div id=\"ngg-image-2\" class=\"ngg-gallery-thumbnail-box ngg-3-columns\" >\n\t\t\t\t        <div class=\"ngg-gallery-thumbnail\">\n            <a href=\"https:\/\/sp17.pl\/wp-content\/gallery\/2024-koncert-milosc\/IMG_3282.JPEG\"\n               title=\"\"\n               data-src=\"https:\/\/sp17.pl\/wp-content\/gallery\/2024-koncert-milosc\/IMG_3282.JPEG\"\n               data-thumbnail=\"https:\/\/sp17.pl\/wp-content\/gallery\/2024-koncert-milosc\/thumbs\/thumbs_IMG_3282.JPEG\"\n               data-image-id=\"3548\"\n               data-title=\"IMG_3282\"\n               data-description=\"\"\n               data-image-slug=\"img_3282\"\n               class=\"ngg-simplelightbox\" rel=\"2b46ea3e342a4985274b18b90e551f06\">\n                <img\n                    title=\"IMG_3282\"\n                    alt=\"IMG_3282\"\n                    src=\"https:\/\/sp17.pl\/wp-content\/gallery\/2024-koncert-milosc\/thumbs\/thumbs_IMG_3282.JPEG\"\n                    width=\"240\"\n                    height=\"160\"\n                    style=\"max-width:100%;\"\n                \/>\n            <\/a>\n        <\/div>\n\t\t\t\t\t\t\t<\/div> \n\t\t\t\n\t\t\t\t<div id=\"ngg-image-3\" class=\"ngg-gallery-thumbnail-box ngg-3-columns\" >\n\t\t\t\t        <div class=\"ngg-gallery-thumbnail\">\n            <a href=\"https:\/\/sp17.pl\/wp-content\/gallery\/2024-koncert-milosc\/IMG_3288.JPEG\"\n               title=\"\"\n               data-src=\"https:\/\/sp17.pl\/wp-content\/gallery\/2024-koncert-milosc\/IMG_3288.JPEG\"\n               data-thumbnail=\"https:\/\/sp17.pl\/wp-content\/gallery\/2024-koncert-milosc\/thumbs\/thumbs_IMG_3288.JPEG\"\n               data-image-id=\"3549\"\n               data-title=\"IMG_3288\"\n               data-description=\"\"\n               data-image-slug=\"img_3288\"\n               class=\"ngg-simplelightbox\" rel=\"2b46ea3e342a4985274b18b90e551f06\">\n                <img\n                    title=\"IMG_3288\"\n                    alt=\"IMG_3288\"\n                    src=\"https:\/\/sp17.pl\/wp-content\/gallery\/2024-koncert-milosc\/thumbs\/thumbs_IMG_3288.JPEG\"\n                    width=\"240\"\n                    height=\"160\"\n                    style=\"max-width:100%;\"\n                \/>\n            <\/a>\n        <\/div>\n\t\t\t\t\t\t\t<\/div> \n\t\t\t\n\t\t\t\t<div id=\"ngg-image-4\" class=\"ngg-gallery-thumbnail-box ngg-3-columns\" >\n\t\t\t\t        <div class=\"ngg-gallery-thumbnail\">\n            <a href=\"https:\/\/sp17.pl\/wp-content\/gallery\/2024-koncert-milosc\/IMG_3289.JPEG\"\n               title=\"\"\n               data-src=\"https:\/\/sp17.pl\/wp-content\/gallery\/2024-koncert-milosc\/IMG_3289.JPEG\"\n               data-thumbnail=\"https:\/\/sp17.pl\/wp-content\/gallery\/2024-koncert-milosc\/thumbs\/thumbs_IMG_3289.JPEG\"\n               data-image-id=\"3550\"\n               data-title=\"IMG_3289\"\n               data-description=\"\"\n               data-image-slug=\"img_3289\"\n               class=\"ngg-simplelightbox\" rel=\"2b46ea3e342a4985274b18b90e551f06\">\n                <img\n                    title=\"IMG_3289\"\n                    alt=\"IMG_3289\"\n                    src=\"https:\/\/sp17.pl\/wp-content\/gallery\/2024-koncert-milosc\/thumbs\/thumbs_IMG_3289.JPEG\"\n                    width=\"240\"\n                    height=\"160\"\n                    style=\"max-width:100%;\"\n                \/>\n            <\/a>\n        <\/div>\n\t\t\t\t\t\t\t<\/div> \n\t\t\t\n\t\t\t\t<div id=\"ngg-image-5\" class=\"ngg-gallery-thumbnail-box ngg-3-columns\" >\n\t\t\t\t        <div class=\"ngg-gallery-thumbnail\">\n            <a href=\"https:\/\/sp17.pl\/wp-content\/gallery\/2024-koncert-milosc\/IMG_3290.JPEG\"\n               title=\"\"\n               data-src=\"https:\/\/sp17.pl\/wp-content\/gallery\/2024-koncert-milosc\/IMG_3290.JPEG\"\n               data-thumbnail=\"https:\/\/sp17.pl\/wp-content\/gallery\/2024-koncert-milosc\/thumbs\/thumbs_IMG_3290.JPEG\"\n               data-image-id=\"3551\"\n               data-title=\"IMG_3290\"\n               data-description=\"\"\n               data-image-slug=\"img_3290\"\n               class=\"ngg-simplelightbox\" rel=\"2b46ea3e342a4985274b18b90e551f06\">\n                <img\n                    title=\"IMG_3290\"\n                    alt=\"IMG_3290\"\n                    src=\"https:\/\/sp17.pl\/wp-content\/gallery\/2024-koncert-milosc\/thumbs\/thumbs_IMG_3290.JPEG\"\n                    width=\"240\"\n                    height=\"160\"\n                    style=\"max-width:100%;\"\n                \/>\n            <\/a>\n        <\/div>\n\t\t\t\t\t\t\t<\/div> \n\t\t\t\n\t\t\t\t<div id=\"ngg-image-6\" class=\"ngg-gallery-thumbnail-box ngg-3-columns\" >\n\t\t\t\t        <div class=\"ngg-gallery-thumbnail\">\n            <a href=\"https:\/\/sp17.pl\/wp-content\/gallery\/2024-koncert-milosc\/IMG_3292.JPEG\"\n               title=\"\"\n               data-src=\"https:\/\/sp17.pl\/wp-content\/gallery\/2024-koncert-milosc\/IMG_3292.JPEG\"\n               data-thumbnail=\"https:\/\/sp17.pl\/wp-content\/gallery\/2024-koncert-milosc\/thumbs\/thumbs_IMG_3292.JPEG\"\n               data-image-id=\"3552\"\n               data-title=\"IMG_3292\"\n               data-description=\"\"\n               data-image-slug=\"img_3292\"\n               class=\"ngg-simplelightbox\" rel=\"2b46ea3e342a4985274b18b90e551f06\">\n                <img\n                    title=\"IMG_3292\"\n                    alt=\"IMG_3292\"\n                    src=\"https:\/\/sp17.pl\/wp-content\/gallery\/2024-koncert-milosc\/thumbs\/thumbs_IMG_3292.JPEG\"\n                    width=\"240\"\n                    height=\"160\"\n                    style=\"max-width:100%;\"\n                \/>\n            <\/a>\n        <\/div>\n\t\t\t\t\t\t\t<\/div> \n\t\t\t\n\t\t\t\t<div id=\"ngg-image-7\" class=\"ngg-gallery-thumbnail-box ngg-3-columns\" >\n\t\t\t\t        <div class=\"ngg-gallery-thumbnail\">\n            <a href=\"https:\/\/sp17.pl\/wp-content\/gallery\/2024-koncert-milosc\/IMG_3293.JPEG\"\n               title=\"\"\n               data-src=\"https:\/\/sp17.pl\/wp-content\/gallery\/2024-koncert-milosc\/IMG_3293.JPEG\"\n               data-thumbnail=\"https:\/\/sp17.pl\/wp-content\/gallery\/2024-koncert-milosc\/thumbs\/thumbs_IMG_3293.JPEG\"\n               data-image-id=\"3553\"\n               data-title=\"IMG_3293\"\n               data-description=\"\"\n               data-image-slug=\"img_3293\"\n               class=\"ngg-simplelightbox\" rel=\"2b46ea3e342a4985274b18b90e551f06\">\n                <img\n                    title=\"IMG_3293\"\n                    alt=\"IMG_3293\"\n                    src=\"https:\/\/sp17.pl\/wp-content\/gallery\/2024-koncert-milosc\/thumbs\/thumbs_IMG_3293.JPEG\"\n                    width=\"240\"\n                    height=\"160\"\n                    style=\"max-width:100%;\"\n                \/>\n            <\/a>\n        <\/div>\n\t\t\t\t\t\t\t<\/div> \n\t\t\t\n\t\t\t\t<div id=\"ngg-image-8\" class=\"ngg-gallery-thumbnail-box ngg-3-columns\" >\n\t\t\t\t        <div class=\"ngg-gallery-thumbnail\">\n            <a href=\"https:\/\/sp17.pl\/wp-content\/gallery\/2024-koncert-milosc\/IMG_3299.JPEG\"\n               title=\"\"\n               data-src=\"https:\/\/sp17.pl\/wp-content\/gallery\/2024-koncert-milosc\/IMG_3299.JPEG\"\n               data-thumbnail=\"https:\/\/sp17.pl\/wp-content\/gallery\/2024-koncert-milosc\/thumbs\/thumbs_IMG_3299.JPEG\"\n               data-image-id=\"3554\"\n               data-title=\"IMG_3299\"\n               data-description=\"\"\n               data-image-slug=\"img_3299\"\n               class=\"ngg-simplelightbox\" rel=\"2b46ea3e342a4985274b18b90e551f06\">\n                <img\n                    title=\"IMG_3299\"\n                    alt=\"IMG_3299\"\n                    src=\"https:\/\/sp17.pl\/wp-content\/gallery\/2024-koncert-milosc\/thumbs\/thumbs_IMG_3299.JPEG\"\n                    width=\"240\"\n                    height=\"160\"\n                    style=\"max-width:100%;\"\n                \/>\n            <\/a>\n        <\/div>\n\t\t\t\t\t\t\t<\/div> \n\t\t\t\n\t\n\t<br style=\"clear: both\" \/>\n\n\t\n\t\t<!-- Pagination -->\n\t<div class='ngg-clear'><\/div>\t<\/div>\n\n\n\n<p><\/p>\n\n\n\n\n","protected":false},"excerpt":{"rendered":"<p>&#8222;Jedna prze\u017cyta chwila czasami uczy nas wi\u0119cej, ani\u017celi ca\u0142e \u017cycie&#8221; ~ gen. W\u0142adys\u0142aw Sikorski W dniu 21 marca 2024 r. w naszej szkole odby\u0142 si\u0119 koncert pt. &#8222;Mi\u0142o\u015b\u0107 niejedno ma imi\u0119&#8221;. Uczniowie, rodzice i nauczyciele&nbsp; zaprezentowali utwory prowadz\u0105c nas przez r\u00f3\u017cne style muzyczne oraz r\u00f3\u017cne oblicza mi\u0142o\u015bci. W repertuarze naszego koncertu znalaz\u0142o si\u0119 miejsce dla &hellip;<\/p>\n<p class=\"read-more\"> <a class=\"\" href=\"https:\/\/sp17.pl\/?p=10189\"> <span class=\"screen-reader-text\">MI\u0141O\u015a\u0106 NIEJEDNO MA IMI\u0118 &#8211; KONCERT<\/span> Czytaj wi\u0119cej<\/a><\/p>\n","protected":false},"author":1,"featured_media":10196,"comment_status":"closed","ping_status":"open","sticky":false,"template":"","format":"standard","meta":{"ngg_post_thumbnail":0,"site-sidebar-layout":"default","site-content-layout":"","ast-site-content-layout":"","site-content-style":"default","site-sidebar-style":"default","ast-global-header-display":"","ast-banner-title-visibility":"","ast-main-header-display":"","ast-hfb-above-header-display":"","ast-hfb-below-header-display":"","ast-hfb-mobile-header-display":"","site-post-title":"","ast-breadcrumbs-content":"","ast-featured-img":"","footer-sml-layout":"","theme-transparent-header-meta":"","adv-header-id-meta":"","stick-header-meta":"","header-above-stick-meta":"","header-main-stick-meta":"","header-below-stick-meta":"","astra-migrate-meta-layouts":"default","ast-page-background-enabled":"default","ast-page-background-meta":{"desktop":{"background-color":"var(--ast-global-color-4)","background-image":"","background-repeat":"repeat","background-position":"center center","background-size":"auto","background-attachment":"scroll","background-type":"","background-media":"","overlay-type":"","overlay-color":"","overlay-gradient":""},"tablet":{"background-color":"","background-image":"","background-repeat":"repeat","background-position":"center center","background-size":"auto","background-attachment":"scroll","background-type":"","background-media":"","overlay-type":"","overlay-color":"","overlay-gradient":""},"mobile":{"background-color":"","background-image":"","background-repeat":"repeat","background-position":"center center","background-size":"auto","background-attachment":"scroll","background-type":"","background-media":"","overlay-type":"","overlay-color":"","overlay-gradient":""}},"ast-content-background-meta":{"desktop":{"background-color":"var(--ast-global-color-5)","background-image":"","background-repeat":"repeat","background-position":"center center","background-size":"auto","background-attachment":"scroll","background-type":"","background-media":"","overlay-type":"","overlay-color":"","overlay-gradient":""},"tablet":{"background-color":"var(--ast-global-color-5)","background-image":"","background-repeat":"repeat","background-position":"center center","background-size":"auto","background-attachment":"scroll","background-type":"","background-media":"","overlay-type":"","overlay-color":"","overlay-gradient":""},"mobile":{"background-color":"var(--ast-global-color-5)","background-image":"","background-repeat":"repeat","background-position":"center center","background-size":"auto","background-attachment":"scroll","background-type":"","background-media":"","overlay-type":"","overlay-color":"","overlay-gradient":""}},"footnotes":""},"categories":[6],"tags":[],"_links":{"self":[{"href":"https:\/\/sp17.pl\/index.php?rest_route=\/wp\/v2\/posts\/10189"}],"collection":[{"href":"https:\/\/sp17.pl\/index.php?rest_route=\/wp\/v2\/posts"}],"about":[{"href":"https:\/\/sp17.pl\/index.php?rest_route=\/wp\/v2\/types\/post"}],"author":[{"embeddable":true,"href":"https:\/\/sp17.pl\/index.php?rest_route=\/wp\/v2\/users\/1"}],"replies":[{"embeddable":true,"href":"https:\/\/sp17.pl\/index.php?rest_route=%2Fwp%2Fv2%2Fcomments&post=10189"}],"version-history":[{"count":2,"href":"https:\/\/sp17.pl\/index.php?rest_route=\/wp\/v2\/posts\/10189\/revisions"}],"predecessor-version":[{"id":10216,"href":"https:\/\/sp17.pl\/index.php?rest_route=\/wp\/v2\/posts\/10189\/revisions\/10216"}],"wp:featuredmedia":[{"embeddable":true,"href":"https:\/\/sp17.pl\/index.php?rest_route=\/wp\/v2\/media\/10196"}],"wp:attachment":[{"href":"https:\/\/sp17.pl\/index.php?rest_route=%2Fwp%2Fv2%2Fmedia&parent=10189"}],"wp:term":[{"taxonomy":"category","embeddable":true,"href":"https:\/\/sp17.pl\/index.php?rest_route=%2Fwp%2Fv2%2Fcategories&post=10189"},{"taxonomy":"post_tag","embeddable":true,"href":"https:\/\/sp17.pl\/index.php?rest_route=%2Fwp%2Fv2%2Ftags&post=10189"}],"curies":[{"name":"wp","href":"https:\/\/api.w.org\/{rel}","templated":true}]}}