{"id":10277,"date":"2024-04-20T11:06:06","date_gmt":"2024-04-20T09:06:06","guid":{"rendered":"https:\/\/sp17.pl\/?p=10277"},"modified":"2024-04-20T11:06:07","modified_gmt":"2024-04-20T09:06:07","slug":"dzien-autyzmu","status":"publish","type":"post","link":"https:\/\/sp17.pl\/?p=10277","title":{"rendered":"DZIE\u0143 AUTYZMU"},"content":{"rendered":"<p style=\"text-align: justify;\">5 kwietnia obchodzili\u015bmy w naszej szkole Dzie\u0144 \u015awiadomo\u015bci Autyzmu. Tego dnia przyszli\u015bmy do szko\u0142y ubrani na niebiesko. Po pierwszej lekcji na ka\u017cdym pi\u0119trze na uczni\u00f3w czeka\u0142a niespodzianka w postaci niebieskich balon\u00f3w gotowych do zabawy. Podczas innej przerwy, na wszystkich pi\u0119trach, uczniowie pomalowanymi na niebiesko d\u0142o\u0144mi ozdobili przegotowane przez nauczycieli skrzyd\u0142a. Gotowe skrzyd\u0142a pos\u0142u\u017cy\u0142y za t\u0142o do indywidualnych i grupowych zdj\u0119\u0107. Podczas lekcji wychowawczych nauczycielie przeprowadzili ze swoimi uczniami pogadanki na temat autyzmu.<\/p>\n<p style=\"text-align: justify;\">Z niebieskim pozdrowieniem koordynatorki projektu, Edyta Wieczorek i Ilona Poszwa<\/p>\n<!-- default-view.php -->\n<div\n\tclass=\"ngg-galleryoverview default-view \"\n\tid=\"ngg-gallery-d125fbeec99884868111b7df2b8826ea-1\">\n\n\t\t<!-- Thumbnails -->\n\t\t\t\t<div id=\"ngg-image-0\" class=\"ngg-gallery-thumbnail-box ngg-3-columns\" >\n\t\t\t\t        <div class=\"ngg-gallery-thumbnail\">\n            <a href=\"https:\/\/sp17.pl\/wp-content\/gallery\/2024-dzien-autyzmu\/438051555_3408768779398091_305741125832998484_n.jpg\"\n               title=\"\"\n               data-src=\"https:\/\/sp17.pl\/wp-content\/gallery\/2024-dzien-autyzmu\/438051555_3408768779398091_305741125832998484_n.jpg\"\n               data-thumbnail=\"https:\/\/sp17.pl\/wp-content\/gallery\/2024-dzien-autyzmu\/thumbs\/thumbs_438051555_3408768779398091_305741125832998484_n.jpg\"\n               data-image-id=\"3574\"\n               data-title=\"438051555_3408768779398091_305741125832998484_n\"\n               data-description=\"\"\n               data-image-slug=\"438051555_3408768779398091_305741125832998484_n\"\n               class=\"ngg-simplelightbox\" rel=\"d125fbeec99884868111b7df2b8826ea\">\n                <img\n                    title=\"438051555_3408768779398091_305741125832998484_n\"\n                    alt=\"438051555_3408768779398091_305741125832998484_n\"\n                    src=\"https:\/\/sp17.pl\/wp-content\/gallery\/2024-dzien-autyzmu\/thumbs\/thumbs_438051555_3408768779398091_305741125832998484_n.jpg\"\n                    width=\"240\"\n                    height=\"160\"\n                    style=\"max-width:100%;\"\n                \/>\n            <\/a>\n        <\/div>\n\t\t\t\t\t\t\t<\/div> \n\t\t\t\n\t\t\t\t<div id=\"ngg-image-1\" class=\"ngg-gallery-thumbnail-box ngg-3-columns\" >\n\t\t\t\t        <div class=\"ngg-gallery-thumbnail\">\n            <a href=\"https:\/\/sp17.pl\/wp-content\/gallery\/2024-dzien-autyzmu\/438115674_347967598288968_8392142452268369533_n.jpg\"\n               title=\"\"\n               data-src=\"https:\/\/sp17.pl\/wp-content\/gallery\/2024-dzien-autyzmu\/438115674_347967598288968_8392142452268369533_n.jpg\"\n               data-thumbnail=\"https:\/\/sp17.pl\/wp-content\/gallery\/2024-dzien-autyzmu\/thumbs\/thumbs_438115674_347967598288968_8392142452268369533_n.jpg\"\n               data-image-id=\"3575\"\n               data-title=\"438115674_347967598288968_8392142452268369533_n\"\n               data-description=\"\"\n               data-image-slug=\"438115674_347967598288968_8392142452268369533_n\"\n               class=\"ngg-simplelightbox\" rel=\"d125fbeec99884868111b7df2b8826ea\">\n                <img\n                    title=\"438115674_347967598288968_8392142452268369533_n\"\n                    alt=\"438115674_347967598288968_8392142452268369533_n\"\n                    src=\"https:\/\/sp17.pl\/wp-content\/gallery\/2024-dzien-autyzmu\/thumbs\/thumbs_438115674_347967598288968_8392142452268369533_n.jpg\"\n                    width=\"240\"\n                    height=\"160\"\n                    style=\"max-width:100%;\"\n                \/>\n            <\/a>\n        <\/div>\n\t\t\t\t\t\t\t<\/div> \n\t\t\t\n\t\n\t<br style=\"clear: both\" \/>\n\n\t\n\t\t<!-- Pagination -->\n\t<div class='ngg-clear'><\/div>\t<\/div>\n\n","protected":false},"excerpt":{"rendered":"<p>5 kwietnia obchodzili\u015bmy w naszej szkole Dzie\u0144 \u015awiadomo\u015bci Autyzmu. Tego dnia przyszli\u015bmy do szko\u0142y ubrani na niebiesko. Po pierwszej lekcji na ka\u017cdym pi\u0119trze na uczni\u00f3w czeka\u0142a niespodzianka w postaci niebieskich balon\u00f3w gotowych do zabawy. Podczas innej przerwy, na wszystkich pi\u0119trach, uczniowie pomalowanymi na niebiesko d\u0142o\u0144mi ozdobili przegotowane przez nauczycieli skrzyd\u0142a. Gotowe skrzyd\u0142a pos\u0142u\u017cy\u0142y za t\u0142o &hellip;<\/p>\n<p class=\"read-more\"> <a class=\"\" href=\"https:\/\/sp17.pl\/?p=10277\"> <span class=\"screen-reader-text\">DZIE\u0143 AUTYZMU<\/span> Czytaj wi\u0119cej<\/a><\/p>\n","protected":false},"author":1,"featured_media":10281,"comment_status":"closed","ping_status":"open","sticky":false,"template":"","format":"standard","meta":{"ngg_post_thumbnail":0,"site-sidebar-layout":"default","site-content-layout":"","ast-site-content-layout":"","site-content-style":"default","site-sidebar-style":"default","ast-global-header-display":"","ast-banner-title-visibility":"","ast-main-header-display":"","ast-hfb-above-header-display":"","ast-hfb-below-header-display":"","ast-hfb-mobile-header-display":"","site-post-title":"","ast-breadcrumbs-content":"","ast-featured-img":"","footer-sml-layout":"","theme-transparent-header-meta":"","adv-header-id-meta":"","stick-header-meta":"","header-above-stick-meta":"","header-main-stick-meta":"","header-below-stick-meta":"","astra-migrate-meta-layouts":"default","ast-page-background-enabled":"default","ast-page-background-meta":{"desktop":{"background-color":"var(--ast-global-color-4)","background-image":"","background-repeat":"repeat","background-position":"center center","background-size":"auto","background-attachment":"scroll","background-type":"","background-media":"","overlay-type":"","overlay-color":"","overlay-gradient":""},"tablet":{"background-color":"","background-image":"","background-repeat":"repeat","background-position":"center center","background-size":"auto","background-attachment":"scroll","background-type":"","background-media":"","overlay-type":"","overlay-color":"","overlay-gradient":""},"mobile":{"background-color":"","background-image":"","background-repeat":"repeat","background-position":"center center","background-size":"auto","background-attachment":"scroll","background-type":"","background-media":"","overlay-type":"","overlay-color":"","overlay-gradient":""}},"ast-content-background-meta":{"desktop":{"background-color":"var(--ast-global-color-5)","background-image":"","background-repeat":"repeat","background-position":"center center","background-size":"auto","background-attachment":"scroll","background-type":"","background-media":"","overlay-type":"","overlay-color":"","overlay-gradient":""},"tablet":{"background-color":"var(--ast-global-color-5)","background-image":"","background-repeat":"repeat","background-position":"center center","background-size":"auto","background-attachment":"scroll","background-type":"","background-media":"","overlay-type":"","overlay-color":"","overlay-gradient":""},"mobile":{"background-color":"var(--ast-global-color-5)","background-image":"","background-repeat":"repeat","background-position":"center center","background-size":"auto","background-attachment":"scroll","background-type":"","background-media":"","overlay-type":"","overlay-color":"","overlay-gradient":""}},"footnotes":""},"categories":[6],"tags":[],"_links":{"self":[{"href":"https:\/\/sp17.pl\/index.php?rest_route=\/wp\/v2\/posts\/10277"}],"collection":[{"href":"https:\/\/sp17.pl\/index.php?rest_route=\/wp\/v2\/posts"}],"about":[{"href":"https:\/\/sp17.pl\/index.php?rest_route=\/wp\/v2\/types\/post"}],"author":[{"embeddable":true,"href":"https:\/\/sp17.pl\/index.php?rest_route=\/wp\/v2\/users\/1"}],"replies":[{"embeddable":true,"href":"https:\/\/sp17.pl\/index.php?rest_route=%2Fwp%2Fv2%2Fcomments&post=10277"}],"version-history":[{"count":1,"href":"https:\/\/sp17.pl\/index.php?rest_route=\/wp\/v2\/posts\/10277\/revisions"}],"predecessor-version":[{"id":10282,"href":"https:\/\/sp17.pl\/index.php?rest_route=\/wp\/v2\/posts\/10277\/revisions\/10282"}],"wp:featuredmedia":[{"embeddable":true,"href":"https:\/\/sp17.pl\/index.php?rest_route=\/wp\/v2\/media\/10281"}],"wp:attachment":[{"href":"https:\/\/sp17.pl\/index.php?rest_route=%2Fwp%2Fv2%2Fmedia&parent=10277"}],"wp:term":[{"taxonomy":"category","embeddable":true,"href":"https:\/\/sp17.pl\/index.php?rest_route=%2Fwp%2Fv2%2Fcategories&post=10277"},{"taxonomy":"post_tag","embeddable":true,"href":"https:\/\/sp17.pl\/index.php?rest_route=%2Fwp%2Fv2%2Ftags&post=10277"}],"curies":[{"name":"wp","href":"https:\/\/api.w.org\/{rel}","templated":true}]}}