{"id":1031,"date":"2019-11-25T21:05:28","date_gmt":"2019-11-25T20:05:28","guid":{"rendered":"https:\/\/sp17.pl\/?p=1031"},"modified":"2019-12-01T17:13:54","modified_gmt":"2019-12-01T16:13:54","slug":"wsadzawka-czyli-jak-male-projekty-moga-zmieniac-swiat","status":"publish","type":"post","link":"https:\/\/sp17.pl\/?p=1031","title":{"rendered":"WSADZAWKA, czyli jak ma\u0142e projekty mog\u0105 zmienia\u0107 \u015bwiat"},"content":{"rendered":"\n<h5 style=\"text-align: justify;\">Jesie\u0144 by\u0142a bardzo pracowita dla uczni\u00f3w klasy 7a ze Szko\u0142y Podstawowej nr 17 w Zielonej G\u00f3rze. W ramach zaj\u0119\u0107 plastycznych realizowali happening, w kt\u00f3ry w\u0142\u0105czy\u0142a si\u0119 ca\u0142a szko\u0142a. Powsta\u0142 edukacyjno-artystyczny projekt, kt\u00f3ry sta\u0142 si\u0119 odpowiedzi\u0105 na jeden z wa\u017cniejszych temat\u00f3w wsp\u00f3\u0142czesno\u015bci. Wszyscy zgodnie uznali, \u017ce problemem, kt\u00f3ry nale\u017cy poruszy\u0107 jest to, i\u017c na naszej planecie przyroda jest niszczona, a dost\u0119p do niej jest niestety ograniczony.<\/h5>\n<h5 style=\"text-align: justify;\">Postanowili stworzy\u0107 ma\u0142y sadzik z le\u015bnymi drzewami owocowymi oraz z takimi, kt\u00f3re posiadaj\u0105 w\u0142a\u015bciwo\u015bci lecznicze &#8211; znane naszym babciom i&nbsp;&nbsp;dziadkom.&nbsp;&nbsp;Miejsce na realizacj\u0119 projektu, po konsultacji z Pani\u0105 Dyrektor i Panem Wo\u017anym, znalaz\u0142o na ty\u0142ach szko\u0142y. Ka\u017cda klasa dosta\u0142a do wylosowania dziedzin\u0119, z kt\u00f3rej mia\u0142a wybra\u0107 jedyne i niepowtarzalne imi\u0119 dla swojego drzewka. Miejsce do wsadzenia sadzonki trzeba by\u0142o odnale\u017a\u0107 na specjalnej mapie. Sadzenie trwa\u0142o niemal przez dwa tygodnie, a\u017c wszystkie do\u0142ki przygotowane przez 7A oraz Pana Wo\u017anego zosta\u0142y zaadoptowane i dotychczas pusty placyk przekszta\u0142ci\u0142 si\u0119 w m\u0142ody sadzik.<\/h5>\n<h5 style=\"text-align: justify;\">Projekt nie uda\u0142 by si\u0119 bez wsparcia materia\u0142owego, wi\u0119c w pierwszej kolejno\u015bci w ruch posz\u0142y pi\u00f3ra, by napisa\u0107 wnioski z pro\u015bb\u0105 o sponsoring akcji. M\u0142ode drzewka oraz krzewy przekaza\u0142o <span style=\"color: #ff0000;\">Nadle\u015bnictwo Zielona G\u00f3ra<\/span>, ziemi\u0119 pod sadzonki <span style=\"color: #ff0000;\">Centrum Kwiatowe<\/span> oraz <span style=\"color: #ff0000;\">Rada Rodzic\u00f3w<\/span>.&nbsp;&nbsp;Najbardziej skomplikowane by\u0142o zdobycie p\u0142otk\u00f3w ochronnych, by zabezpieczy\u0107 drzewka. Tu niezast\u0105piona okaza\u0142a si\u0119 pomoc firmy <span style=\"color: #ff0000;\">Stelmet<\/span>, kt\u00f3ra przekaza\u0142a szkole potrzebn\u0105 ich ilo\u015b\u0107.<\/h5>\n<h5 style=\"text-align: justify;\">Celem akcji jest zwr\u00f3cenie uwagi na du\u017ce znaczenie przyrody w naszym \u017cyciu i to, \u017ce \u017cycie blisko niej poprawia nam nastr\u00f3j. Sad b\u0119dzie r\u00f3s\u0142 przez lata i dopiero kolejne generacje uczni\u00f3w b\u0119d\u0105 mog\u0142y w pe\u0142ni korzysta\u0107 z jego dobroczynno\u015bci. My za\u015b czujemy, \u017ce zrobili\u015bmy co\u015b bardzo wa\u017cnego i trwa\u0142ego dla nas i przysz\u0142ych pokole\u0144. Zach\u0119camy inne szko\u0142y do sadzenia swoich mini parczk\u00f3w!<\/h5>\n<p>Wi\u0119cej zdj\u0119\u0107 w zak\u0142adce innowacje i galeria<\/p>\n<!-- default-view.php -->\n<div\n\tclass=\"ngg-galleryoverview default-view \"\n\tid=\"ngg-gallery-48b4e4e2b6cff847e79d9e0016c110d3-1\">\n\n\t\t<!-- Thumbnails -->\n\t\t\t\t<div id=\"ngg-image-0\" class=\"ngg-gallery-thumbnail-box ngg-3-columns\" >\n\t\t\t\t        <div class=\"ngg-gallery-thumbnail\">\n            <a href=\"https:\/\/sp17.pl\/wp-content\/gallery\/sadzik\/drzewka6.jpg\"\n               title=\"\"\n               data-src=\"https:\/\/sp17.pl\/wp-content\/gallery\/sadzik\/drzewka6.jpg\"\n               data-thumbnail=\"https:\/\/sp17.pl\/wp-content\/gallery\/sadzik\/thumbs\/thumbs_drzewka6.jpg\"\n               data-image-id=\"305\"\n               data-title=\"drzewka6\"\n               data-description=\"\"\n               data-image-slug=\"drzewka6-1\"\n               class=\"ngg-simplelightbox\" rel=\"48b4e4e2b6cff847e79d9e0016c110d3\">\n                <img\n                    title=\"drzewka6\"\n                    alt=\"drzewka6\"\n                    src=\"https:\/\/sp17.pl\/wp-content\/gallery\/sadzik\/thumbs\/thumbs_drzewka6.jpg\"\n                    width=\"240\"\n                    height=\"160\"\n                    style=\"max-width:100%;\"\n                \/>\n            <\/a>\n        <\/div>\n\t\t\t\t\t\t\t<\/div> \n\t\t\t\n\t\t\t\t<div id=\"ngg-image-1\" class=\"ngg-gallery-thumbnail-box ngg-3-columns\" >\n\t\t\t\t        <div class=\"ngg-gallery-thumbnail\">\n            <a href=\"https:\/\/sp17.pl\/wp-content\/gallery\/sadzik\/drzewka10.jpg\"\n               title=\"Szko\u0142a Podstawowa nr 17 w Zielonej Gorze. Projekt Edukacyjno-artystyczny WSADZAWKA - Szkolny Sad\"\n               data-src=\"https:\/\/sp17.pl\/wp-content\/gallery\/sadzik\/drzewka10.jpg\"\n               data-thumbnail=\"https:\/\/sp17.pl\/wp-content\/gallery\/sadzik\/thumbs\/thumbs_drzewka10.jpg\"\n               data-image-id=\"306\"\n               data-title=\"Projekt Edukacyjno-artystyczny WSADZAWKA - Szkolny Sad\"\n               data-description=\"Szko\u0142a Podstawowa nr 17 w Zielonej Gorze. Projekt Edukacyjno-artystyczny WSADZAWKA - Szkolny Sad\"\n               data-image-slug=\"drzewka10-1\"\n               class=\"ngg-simplelightbox\" rel=\"48b4e4e2b6cff847e79d9e0016c110d3\">\n                <img\n                    title=\"Projekt Edukacyjno-artystyczny WSADZAWKA - Szkolny Sad\"\n                    alt=\"Projekt Edukacyjno-artystyczny WSADZAWKA - Szkolny Sad\"\n                    src=\"https:\/\/sp17.pl\/wp-content\/gallery\/sadzik\/thumbs\/thumbs_drzewka10.jpg\"\n                    width=\"240\"\n                    height=\"160\"\n                    style=\"max-width:100%;\"\n                \/>\n            <\/a>\n        <\/div>\n\t\t\t\t\t\t\t<\/div> \n\t\t\t\n\t\t\t\t<div id=\"ngg-image-2\" class=\"ngg-gallery-thumbnail-box ngg-3-columns\" >\n\t\t\t\t        <div class=\"ngg-gallery-thumbnail\">\n            <a href=\"https:\/\/sp17.pl\/wp-content\/gallery\/sadzik\/drzewka19.jpg\"\n               title=\"Szko\u0142a Podstawowa nr 17 w Zielonej Gorze. Projekt Edukacyjno-artystyczny WSADZAWKA - Szkolny Sad\"\n               data-src=\"https:\/\/sp17.pl\/wp-content\/gallery\/sadzik\/drzewka19.jpg\"\n               data-thumbnail=\"https:\/\/sp17.pl\/wp-content\/gallery\/sadzik\/thumbs\/thumbs_drzewka19.jpg\"\n               data-image-id=\"307\"\n               data-title=\"Projekt Edukacyjno-artystyczny WSADZAWKA - Szkolny Sad\"\n               data-description=\"Szko\u0142a Podstawowa nr 17 w Zielonej Gorze. Projekt Edukacyjno-artystyczny WSADZAWKA - Szkolny Sad\"\n               data-image-slug=\"drzewka19-1\"\n               class=\"ngg-simplelightbox\" rel=\"48b4e4e2b6cff847e79d9e0016c110d3\">\n                <img\n                    title=\"Projekt Edukacyjno-artystyczny WSADZAWKA - Szkolny Sad\"\n                    alt=\"Projekt Edukacyjno-artystyczny WSADZAWKA - Szkolny Sad\"\n                    src=\"https:\/\/sp17.pl\/wp-content\/gallery\/sadzik\/thumbs\/thumbs_drzewka19.jpg\"\n                    width=\"240\"\n                    height=\"160\"\n                    style=\"max-width:100%;\"\n                \/>\n            <\/a>\n        <\/div>\n\t\t\t\t\t\t\t<\/div> \n\t\t\t\n\t\n\t<br style=\"clear: both\" \/>\n\n\t\n\t\t<!-- Pagination -->\n\t<div class='ngg-clear'><\/div>\t<\/div>\n\n","protected":false},"excerpt":{"rendered":"<p>Jesie\u0144 by\u0142a bardzo pracowita dla uczni\u00f3w klasy 7a ze Szko\u0142y Podstawowej nr 17 w Zielonej G\u00f3rze. W ramach zaj\u0119\u0107 plastycznych realizowali happening, w kt\u00f3ry w\u0142\u0105czy\u0142a si\u0119 ca\u0142a szko\u0142a. Powsta\u0142 edukacyjno-artystyczny projekt, kt\u00f3ry sta\u0142 si\u0119 odpowiedzi\u0105 na jeden z wa\u017cniejszych temat\u00f3w wsp\u00f3\u0142czesno\u015bci. Wszyscy zgodnie uznali, \u017ce problemem, kt\u00f3ry nale\u017cy poruszy\u0107 jest to, i\u017c na naszej planecie &hellip;<\/p>\n<p class=\"read-more\"> <a class=\"\" href=\"https:\/\/sp17.pl\/?p=1031\"> <span class=\"screen-reader-text\">WSADZAWKA, czyli jak ma\u0142e projekty mog\u0105 zmienia\u0107 \u015bwiat<\/span> Czytaj wi\u0119cej<\/a><\/p>\n","protected":false},"author":1,"featured_media":1090,"comment_status":"closed","ping_status":"closed","sticky":false,"template":"","format":"standard","meta":{"ngg_post_thumbnail":0,"site-sidebar-layout":"default","site-content-layout":"","ast-site-content-layout":"","site-content-style":"default","site-sidebar-style":"default","ast-global-header-display":"","ast-banner-title-visibility":"","ast-main-header-display":"","ast-hfb-above-header-display":"","ast-hfb-below-header-display":"","ast-hfb-mobile-header-display":"","site-post-title":"","ast-breadcrumbs-content":"","ast-featured-img":"","footer-sml-layout":"","theme-transparent-header-meta":"","adv-header-id-meta":"","stick-header-meta":"","header-above-stick-meta":"","header-main-stick-meta":"","header-below-stick-meta":"","astra-migrate-meta-layouts":"default","ast-page-background-enabled":"default","ast-page-background-meta":{"desktop":{"background-color":"var(--ast-global-color-4)","background-image":"","background-repeat":"repeat","background-position":"center center","background-size":"auto","background-attachment":"scroll","background-type":"","background-media":"","overlay-type":"","overlay-color":"","overlay-gradient":""},"tablet":{"background-color":"","background-image":"","background-repeat":"repeat","background-position":"center center","background-size":"auto","background-attachment":"scroll","background-type":"","background-media":"","overlay-type":"","overlay-color":"","overlay-gradient":""},"mobile":{"background-color":"","background-image":"","background-repeat":"repeat","background-position":"center center","background-size":"auto","background-attachment":"scroll","background-type":"","background-media":"","overlay-type":"","overlay-color":"","overlay-gradient":""}},"ast-content-background-meta":{"desktop":{"background-color":"var(--ast-global-color-5)","background-image":"","background-repeat":"repeat","background-position":"center center","background-size":"auto","background-attachment":"scroll","background-type":"","background-media":"","overlay-type":"","overlay-color":"","overlay-gradient":""},"tablet":{"background-color":"var(--ast-global-color-5)","background-image":"","background-repeat":"repeat","background-position":"center center","background-size":"auto","background-attachment":"scroll","background-type":"","background-media":"","overlay-type":"","overlay-color":"","overlay-gradient":""},"mobile":{"background-color":"var(--ast-global-color-5)","background-image":"","background-repeat":"repeat","background-position":"center center","background-size":"auto","background-attachment":"scroll","background-type":"","background-media":"","overlay-type":"","overlay-color":"","overlay-gradient":""}},"footnotes":""},"categories":[6,8],"tags":[],"_links":{"self":[{"href":"https:\/\/sp17.pl\/index.php?rest_route=\/wp\/v2\/posts\/1031"}],"collection":[{"href":"https:\/\/sp17.pl\/index.php?rest_route=\/wp\/v2\/posts"}],"about":[{"href":"https:\/\/sp17.pl\/index.php?rest_route=\/wp\/v2\/types\/post"}],"author":[{"embeddable":true,"href":"https:\/\/sp17.pl\/index.php?rest_route=\/wp\/v2\/users\/1"}],"replies":[{"embeddable":true,"href":"https:\/\/sp17.pl\/index.php?rest_route=%2Fwp%2Fv2%2Fcomments&post=1031"}],"version-history":[{"count":2,"href":"https:\/\/sp17.pl\/index.php?rest_route=\/wp\/v2\/posts\/1031\/revisions"}],"predecessor-version":[{"id":1092,"href":"https:\/\/sp17.pl\/index.php?rest_route=\/wp\/v2\/posts\/1031\/revisions\/1092"}],"wp:featuredmedia":[{"embeddable":true,"href":"https:\/\/sp17.pl\/index.php?rest_route=\/wp\/v2\/media\/1090"}],"wp:attachment":[{"href":"https:\/\/sp17.pl\/index.php?rest_route=%2Fwp%2Fv2%2Fmedia&parent=1031"}],"wp:term":[{"taxonomy":"category","embeddable":true,"href":"https:\/\/sp17.pl\/index.php?rest_route=%2Fwp%2Fv2%2Fcategories&post=1031"},{"taxonomy":"post_tag","embeddable":true,"href":"https:\/\/sp17.pl\/index.php?rest_route=%2Fwp%2Fv2%2Ftags&post=1031"}],"curies":[{"name":"wp","href":"https:\/\/api.w.org\/{rel}","templated":true}]}}