{"id":10444,"date":"2024-05-20T19:12:19","date_gmt":"2024-05-20T17:12:19","guid":{"rendered":"https:\/\/sp17.pl\/?p=10444"},"modified":"2024-05-20T20:16:54","modified_gmt":"2024-05-20T18:16:54","slug":"jubileuszowa-gala-na-20-lecie-ze2","status":"publish","type":"post","link":"https:\/\/sp17.pl\/?p=10444","title":{"rendered":"JUBILEUSZOWA GALA NA 20-LECIE ZE2"},"content":{"rendered":"<h5 style=\"text-align: justify;\">We wtorek 28 maja d\u0142ugo oczekiwana chwila &#8211; Gala Jubileuszowa z okazji potr\u00f3jnego Jubileuszu: 60-lecia SP17, 70-lecia MP9&nbsp; oraz&nbsp; 55-lecia MP30. Pi\u0119kne okr\u0105g\u0142e urodziny trzech jednostek wchodz\u0105cych w sk\u0142ad Zespo\u0142u Edukacyjnego nr 2. Sam ZE2 zosta\u0142 powo\u0142any dok\u0142adnie 20 lat temu, wi\u0119c Jubileusz jest a\u017c poczw\u00f3rny! Z okazji 20-lecia ZE2 powsta\u0142o mi\u0119dzy innymi specjalne logo wy\u0142onione w szkolnym konkursie, kt\u00f3rego autork\u0105 jest Liliana Ignaszewska z klasy 6C i kt\u00f3re zdobi wszelkie materia\u0142y jubileuszowe.&nbsp;<\/h5>\n<h5 style=\"text-align: justify;\">A co nas czeka na Gali z udzia\u0142em zaproszonych Go\u015bci? Oto program w skr\u00f3conej formie: wyst\u0119py zespo\u0142u tanecznego prowadzonego przez Kamil\u0119 Forysiak, wyst\u0119py dzieci z przedszkola Lokomotywa oraz z przedszkola Weso\u0142e Nutki, premiera filmu Szko\u0142y Podstawowej nr 17, Wyst\u0119py zespo\u0142u muzycznego Agnieszki \u0141adysz, rozdanie nagr\u00f3d i medali, a ponadto ksi\u0119gi pami\u0105tkowe, kroniki ze zdj\u0119ciami do ogl\u0105dania, wystawa logotyp\u00f3w uczni\u00f3w SP17 z okazji 20-lecia. Za\u015b ca\u0142o\u015b\u0107 poprowadzi&#8230; m\u0142ody Wo\u0142osza\u0144ski w historycznym, jak na takie rocznice przysta\u0142o, antura\u017cu wydarzenia \ud83d\ude42<\/h5>\n<h5>28 maja 2024 r., aula Uniwersytetu Zielonog\u00f3rskiego przy ulicy Podg\u00f3rnej, godzina 13.<\/h5>\n<p>&nbsp;<\/p>\n<p><img loading=\"lazy\" decoding=\"async\" class=\"aligncenter wp-image-10445 size-full\" src=\"https:\/\/sp17.pl\/wp-content\/uploads\/2024\/05\/20-lecie.png\" alt=\"\" width=\"990\" height=\"699\" srcset=\"https:\/\/sp17.pl\/wp-content\/uploads\/2024\/05\/20-lecie.png 990w, https:\/\/sp17.pl\/wp-content\/uploads\/2024\/05\/20-lecie-300x212.png 300w, https:\/\/sp17.pl\/wp-content\/uploads\/2024\/05\/20-lecie-768x542.png 768w\" sizes=\"(max-width: 990px) 100vw, 990px\" \/><\/p>\n","protected":false},"excerpt":{"rendered":"<p>We wtorek 28 maja d\u0142ugo oczekiwana chwila &#8211; Gala Jubileuszowa z okazji potr\u00f3jnego Jubileuszu: 60-lecia SP17, 70-lecia MP9&nbsp; oraz&nbsp; 55-lecia MP30. Pi\u0119kne okr\u0105g\u0142e urodziny trzech jednostek wchodz\u0105cych w sk\u0142ad Zespo\u0142u Edukacyjnego nr 2. Sam ZE2 zosta\u0142 powo\u0142any dok\u0142adnie 20 lat temu, wi\u0119c Jubileusz jest a\u017c poczw\u00f3rny! Z okazji 20-lecia ZE2 powsta\u0142o mi\u0119dzy innymi specjalne logo &hellip;<\/p>\n<p class=\"read-more\"> <a class=\"\" href=\"https:\/\/sp17.pl\/?p=10444\"> <span class=\"screen-reader-text\">JUBILEUSZOWA GALA NA 20-LECIE ZE2<\/span> Czytaj wi\u0119cej<\/a><\/p>\n","protected":false},"author":1,"featured_media":10445,"comment_status":"closed","ping_status":"open","sticky":false,"template":"","format":"standard","meta":{"ngg_post_thumbnail":0,"site-sidebar-layout":"default","site-content-layout":"","ast-site-content-layout":"","site-content-style":"default","site-sidebar-style":"default","ast-global-header-display":"","ast-banner-title-visibility":"","ast-main-header-display":"","ast-hfb-above-header-display":"","ast-hfb-below-header-display":"","ast-hfb-mobile-header-display":"","site-post-title":"","ast-breadcrumbs-content":"","ast-featured-img":"","footer-sml-layout":"","theme-transparent-header-meta":"","adv-header-id-meta":"","stick-header-meta":"","header-above-stick-meta":"","header-main-stick-meta":"","header-below-stick-meta":"","astra-migrate-meta-layouts":"default","ast-page-background-enabled":"default","ast-page-background-meta":{"desktop":{"background-color":"var(--ast-global-color-4)","background-image":"","background-repeat":"repeat","background-position":"center center","background-size":"auto","background-attachment":"scroll","background-type":"","background-media":"","overlay-type":"","overlay-color":"","overlay-gradient":""},"tablet":{"background-color":"","background-image":"","background-repeat":"repeat","background-position":"center center","background-size":"auto","background-attachment":"scroll","background-type":"","background-media":"","overlay-type":"","overlay-color":"","overlay-gradient":""},"mobile":{"background-color":"","background-image":"","background-repeat":"repeat","background-position":"center center","background-size":"auto","background-attachment":"scroll","background-type":"","background-media":"","overlay-type":"","overlay-color":"","overlay-gradient":""}},"ast-content-background-meta":{"desktop":{"background-color":"var(--ast-global-color-5)","background-image":"","background-repeat":"repeat","background-position":"center center","background-size":"auto","background-attachment":"scroll","background-type":"","background-media":"","overlay-type":"","overlay-color":"","overlay-gradient":""},"tablet":{"background-color":"var(--ast-global-color-5)","background-image":"","background-repeat":"repeat","background-position":"center center","background-size":"auto","background-attachment":"scroll","background-type":"","background-media":"","overlay-type":"","overlay-color":"","overlay-gradient":""},"mobile":{"background-color":"var(--ast-global-color-5)","background-image":"","background-repeat":"repeat","background-position":"center center","background-size":"auto","background-attachment":"scroll","background-type":"","background-media":"","overlay-type":"","overlay-color":"","overlay-gradient":""}},"footnotes":""},"categories":[6,25],"tags":[],"_links":{"self":[{"href":"https:\/\/sp17.pl\/index.php?rest_route=\/wp\/v2\/posts\/10444"}],"collection":[{"href":"https:\/\/sp17.pl\/index.php?rest_route=\/wp\/v2\/posts"}],"about":[{"href":"https:\/\/sp17.pl\/index.php?rest_route=\/wp\/v2\/types\/post"}],"author":[{"embeddable":true,"href":"https:\/\/sp17.pl\/index.php?rest_route=\/wp\/v2\/users\/1"}],"replies":[{"embeddable":true,"href":"https:\/\/sp17.pl\/index.php?rest_route=%2Fwp%2Fv2%2Fcomments&post=10444"}],"version-history":[{"count":7,"href":"https:\/\/sp17.pl\/index.php?rest_route=\/wp\/v2\/posts\/10444\/revisions"}],"predecessor-version":[{"id":10453,"href":"https:\/\/sp17.pl\/index.php?rest_route=\/wp\/v2\/posts\/10444\/revisions\/10453"}],"wp:featuredmedia":[{"embeddable":true,"href":"https:\/\/sp17.pl\/index.php?rest_route=\/wp\/v2\/media\/10445"}],"wp:attachment":[{"href":"https:\/\/sp17.pl\/index.php?rest_route=%2Fwp%2Fv2%2Fmedia&parent=10444"}],"wp:term":[{"taxonomy":"category","embeddable":true,"href":"https:\/\/sp17.pl\/index.php?rest_route=%2Fwp%2Fv2%2Fcategories&post=10444"},{"taxonomy":"post_tag","embeddable":true,"href":"https:\/\/sp17.pl\/index.php?rest_route=%2Fwp%2Fv2%2Ftags&post=10444"}],"curies":[{"name":"wp","href":"https:\/\/api.w.org\/{rel}","templated":true}]}}