{"id":10559,"date":"2024-06-21T08:34:54","date_gmt":"2024-06-21T06:34:54","guid":{"rendered":"https:\/\/sp17.pl\/?p=10559"},"modified":"2024-06-21T09:10:36","modified_gmt":"2024-06-21T07:10:36","slug":"swietowanie-jubileuszuzespolu-edukacyjnego-nr-2","status":"publish","type":"post","link":"https:\/\/sp17.pl\/?p=10559","title":{"rendered":"\u015awi\u0119towanie Jubileuszu Zespo\u0142u Edukacyjnego nr 2"},"content":{"rendered":"\t\t<div data-elementor-type=\"wp-post\" data-elementor-id=\"10559\" class=\"elementor elementor-10559\" data-elementor-settings=\"[]\">\n\t\t\t\t\t\t<div class=\"elementor-inner\">\n\t\t\t\t\t\t\t<div class=\"elementor-section-wrap\">\n\t\t\t\t\t\t\t<section class=\"elementor-section elementor-top-section elementor-element elementor-element-5e43677 elementor-section-boxed elementor-section-height-default elementor-section-height-default\" data-id=\"5e43677\" data-element_type=\"section\">\n\t\t\t\t\t\t<div class=\"elementor-container elementor-column-gap-default\">\n\t\t\t\t\t\t\t<div class=\"elementor-row\">\n\t\t\t\t\t<div class=\"elementor-column elementor-col-100 elementor-top-column elementor-element elementor-element-7f3a198\" data-id=\"7f3a198\" data-element_type=\"column\">\n\t\t\t<div class=\"elementor-column-wrap elementor-element-populated\">\n\t\t\t\t\t\t\t<div class=\"elementor-widget-wrap\">\n\t\t\t\t\t\t<div class=\"elementor-element elementor-element-adb20b9 elementor-widget elementor-widget-spacer\" data-id=\"adb20b9\" data-element_type=\"widget\" data-widget_type=\"spacer.default\">\n\t\t\t\t<div class=\"elementor-widget-container\">\n\t\t\t\t\t<div class=\"elementor-spacer\">\n\t\t\t<div class=\"elementor-spacer-inner\"><\/div>\n\t\t<\/div>\n\t\t\t\t<\/div>\n\t\t\t\t<\/div>\n\t\t\t\t<div class=\"elementor-element elementor-element-2515be0 elementor-widget elementor-widget-text-editor\" data-id=\"2515be0\" data-element_type=\"widget\" data-widget_type=\"text-editor.default\">\n\t\t\t\t<div class=\"elementor-widget-container\">\n\t\t\t\t\t<div class=\"elementor-text-editor elementor-clearfix\"><p class=\"MsoNormal\" style=\"text-align: left;\"><span style=\"font-family: georgia, palatino, serif; color: #000000;\">Emocje opad\u0142y, rok szkolny dobiega ko\u0144ca, a my nadal\u00a0<span style=\"font-style: inherit; font-weight: inherit; background-color: var(--ast-global-color-5);\">pami\u0119tamy o naszym Jubileuszu i jego hucznych obchodach.\u00a0<\/span><\/span><\/p>\n<p class=\"MsoNormal\" style=\"text-align: left;\"><span style=\"font-family: georgia, palatino, serif; color: #000000;\"><span style=\"font-style: inherit; font-weight: inherit; background-color: var(--ast-global-color-5);\">Uroczysta gala z tej okazji odby\u0142a si\u0119 28 maja w auli\u00a0<\/span><span style=\"font-style: inherit; font-weight: inherit; background-color: var(--ast-global-color-5);\">Uniwersytetu Zielonog\u00f3rskiego.\u00a0<\/span><\/span><\/p>\n<p class=\"MsoNormal\" style=\"text-align: left;\"><span style=\"font-family: georgia, palatino, serif; color: #000000;\"><span style=\"font-style: inherit; font-weight: inherit; background-color: var(--ast-global-color-5);\">Podczas uroczysto\u015bci rozdano medale dla najbardziej\u00a0<\/span><span style=\"font-style: inherit; font-weight: inherit; background-color: var(--ast-global-color-5);\">zas\u0142u\u017conych pracownik\u00f3w, wr\u0119czono kwiaty i nagrody.\u00a0<\/span><\/span><\/p>\n<p class=\"MsoNormal\" style=\"text-align: left;\"><span style=\"font-family: georgia, palatino, serif; color: #000000;\"><span style=\"font-style: inherit; font-weight: inherit; background-color: var(--ast-global-color-5);\">Uczniowie naszej szko\u0142y oraz wychowankowie MP 9 i MP30\u00a0<\/span><span style=\"font-style: inherit; font-weight: inherit; background-color: var(--ast-global-color-5);\">zadbali o opraw\u0119 artystyczn\u0105 wydarzenia.<\/span><\/span><\/p>\n<p class=\"MsoNormal\" style=\"text-align: left;\"><span style=\"font-family: georgia, palatino, serif; color: #000000;\">Zaproszeni go\u015bcie, zwi\u0105zani z plac\u00f3wkami pracownicy oraz i\u00a0<span style=\"font-style: inherit; font-weight: inherit; background-color: var(--ast-global-color-5);\">uczniowie u\u015bwietnili swoj\u0105 obecno\u015bci\u0105 gal\u0119.<\/span><\/span><\/p>\n<p class=\"MsoNormal\" style=\"text-align: left;\"><span style=\"font-family: georgia, palatino, serif; color: #000000;\">Nie zabrak\u0142o wspomnie\u0144, zabawnych anegdotek i ogl\u0105danie\u00a0<span style=\"font-style: inherit; font-weight: inherit; background-color: var(--ast-global-color-5);\">kronik szkolnych i przedszkolnych z minionych\u00a0<\/span><span style=\"font-style: inherit; font-weight: inherit; background-color: var(--ast-global-color-5);\">kilkudziesi\u0119ciu lat.<\/span><\/span><\/p>\n<p class=\"MsoNormal\" style=\"text-align: left;\"><span style=\"font-family: georgia, palatino, serif; color: #000000;\">\u017byczymy sobie i Wam drodzy uczniowie kolejnych wsp\u00f3lnie\u00a0<span style=\"font-style: inherit; font-weight: inherit; background-color: var(--ast-global-color-5);\">sp\u0119dzonych lat, budowania historii Zespo\u0142u Edukacyjnego nr\u00a0<\/span><span style=\"font-style: inherit; font-weight: inherit; background-color: var(--ast-global-color-5);\">2 w Zielonej G\u00f3rze.<\/span><\/span><\/p>\n<p class=\"MsoNormal\" style=\"text-align: left;\"><span style=\"font-family: georgia, palatino, serif; color: #000000;\">Zapraszamy do galerii.<\/span><\/p>\n<p class=\"MsoNormal\" style=\"text-align: left;\"><span style=\"font-family: georgia, palatino, serif; color: #000000;\">Zajrzyjcie tak\u017ce do artyku\u0142\u00f3w i fotorelacji z Naszego \u015awi\u0119ta!<\/span><\/p>\n<p class=\"MsoNormal\" style=\"text-align: left;\">\u00a0<\/p><\/div>\n\t\t\t\t<\/div>\n\t\t\t\t<\/div>\n\t\t\t\t<div class=\"elementor-element elementor-element-cbf86c9 elementor-align-center elementor-mobile-align-center elementor-invisible elementor-widget elementor-widget-button\" data-id=\"cbf86c9\" data-element_type=\"widget\" data-settings=\"{&quot;_animation&quot;:&quot;none&quot;}\" data-widget_type=\"button.default\">\n\t\t\t\t<div class=\"elementor-widget-container\">\n\t\t\t\t\t<div class=\"elementor-button-wrapper\">\n\t\t\t<a href=\"https:\/\/photos.app.goo.gl\/7A6w57XU3NJFCgt96\" class=\"elementor-button-link elementor-button elementor-size-sm\" role=\"button\">\n\t\t\t\t\t\t<span class=\"elementor-button-content-wrapper\">\n\t\t\t\t\t\t<span class=\"elementor-button-text\">GALERIA ZDJ\u0118\u0106<\/span>\n\t\t<\/span>\n\t\t\t\t\t<\/a>\n\t\t<\/div>\n\t\t\t\t<\/div>\n\t\t\t\t<\/div>\n\t\t\t\t<div class=\"elementor-element elementor-element-f9115a9 elementor-align-center elementor-mobile-align-center elementor-widget elementor-widget-button\" data-id=\"f9115a9\" data-element_type=\"widget\" data-widget_type=\"button.default\">\n\t\t\t\t<div class=\"elementor-widget-container\">\n\t\t\t\t\t<div class=\"elementor-button-wrapper\">\n\t\t\t<a href=\"https:\/\/rzg.pl\/382988\/zespol-edukacyjny-nr-2-swietuje-20-%20lecie-istnienia-zdjecia\/\" class=\"elementor-button-link elementor-button elementor-size-lg\" role=\"button\">\n\t\t\t\t\t\t<span class=\"elementor-button-content-wrapper\">\n\t\t\t\t\t\t<span class=\"elementor-button-text\">Radio Zielona G\u00f3ra<\/span>\n\t\t<\/span>\n\t\t\t\t\t<\/a>\n\t\t<\/div>\n\t\t\t\t<\/div>\n\t\t\t\t<\/div>\n\t\t\t\t<div class=\"elementor-element elementor-element-50a0a08 elementor-align-center elementor-mobile-align-center elementor-widget elementor-widget-button\" data-id=\"50a0a08\" data-element_type=\"widget\" data-widget_type=\"button.default\">\n\t\t\t\t<div class=\"elementor-widget-container\">\n\t\t\t\t\t<div class=\"elementor-button-wrapper\">\n\t\t\t<a href=\"https:\/\/gorzow.tvp.pl\/77822915\/niezapomniane-spotkanie-%20pokolen-70-lecia-zespolu-edukacyjnego-w-zg\" class=\"elementor-button-link elementor-button elementor-size-sm\" role=\"button\">\n\t\t\t\t\t\t<span class=\"elementor-button-content-wrapper\">\n\t\t\t\t\t\t<span class=\"elementor-button-text\">TVP Gorz\u00f3w<\/span>\n\t\t<\/span>\n\t\t\t\t\t<\/a>\n\t\t<\/div>\n\t\t\t\t<\/div>\n\t\t\t\t<\/div>\n\t\t\t\t<div class=\"elementor-element elementor-element-045d753 elementor-align-center elementor-widget elementor-widget-button\" data-id=\"045d753\" data-element_type=\"widget\" data-widget_type=\"button.default\">\n\t\t\t\t<div class=\"elementor-widget-container\">\n\t\t\t\t\t<div class=\"elementor-button-wrapper\">\n\t\t\t<a href=\"https:\/\/swiebodzin.naszemiasto.pl\/poczworne-urodziny-%20zespolu-edukacyjnego-nr-2-w-zielonej\/ar\/c5-9715903\" class=\"elementor-button-link elementor-button elementor-size-sm\" role=\"button\">\n\t\t\t\t\t\t<span class=\"elementor-button-content-wrapper\">\n\t\t\t\t\t\t<span class=\"elementor-button-text\">\u015awiebodzin Nasze Miasto<\/span>\n\t\t<\/span>\n\t\t\t\t\t<\/a>\n\t\t<\/div>\n\t\t\t\t<\/div>\n\t\t\t\t<\/div>\n\t\t\t\t<div class=\"elementor-element elementor-element-a45c07c elementor-align-center elementor-mobile-align-center elementor-widget elementor-widget-button\" data-id=\"a45c07c\" data-element_type=\"widget\" data-widget_type=\"button.default\">\n\t\t\t\t<div class=\"elementor-widget-container\">\n\t\t\t\t\t<div class=\"elementor-button-wrapper\">\n\t\t\t<a href=\"https:\/\/www.facebook.com\/share\/p\/ZaYMyuAyhqNdTPRn\/\" class=\"elementor-button-link elementor-button elementor-size-lg\" role=\"button\">\n\t\t\t\t\t\t<span class=\"elementor-button-content-wrapper\">\n\t\t\t\t\t\t<span class=\"elementor-button-text\">Facebook<\/span>\n\t\t<\/span>\n\t\t\t\t\t<\/a>\n\t\t<\/div>\n\t\t\t\t<\/div>\n\t\t\t\t<\/div>\n\t\t\t\t<div class=\"elementor-element elementor-element-8728921 elementor-widget elementor-widget-text-editor\" data-id=\"8728921\" data-element_type=\"widget\" data-widget_type=\"text-editor.default\">\n\t\t\t\t<div class=\"elementor-widget-container\">\n\t\t\t\t\t<div class=\"elementor-text-editor elementor-clearfix\"><p><strong><span style=\"font-family: georgia, palatino, serif; color: #000000;\">Zesp\u00f3\u0142 Edukacyjny nr 2<\/span><\/strong><\/p><\/div>\n\t\t\t\t<\/div>\n\t\t\t\t<\/div>\n\t\t\t\t\t\t<\/div>\n\t\t\t\t\t<\/div>\n\t\t<\/div>\n\t\t\t\t\t\t\t\t<\/div>\n\t\t\t\t\t<\/div>\n\t\t<\/section>\n\t\t\t\t\t\t<\/div>\n\t\t\t\t\t\t<\/div>\n\t\t\t\t\t<\/div>\n\t\t","protected":false},"excerpt":{"rendered":"<p>Emocje opad\u0142y, rok szkolny dobiega ko\u0144ca, a my nadal\u00a0pami\u0119tamy o naszym Jubileuszu i jego hucznych obchodach.\u00a0 Uroczysta gala z tej okazji odby\u0142a si\u0119 28 maja w auli\u00a0Uniwersytetu Zielonog\u00f3rskiego.\u00a0 Podczas uroczysto\u015bci rozdano medale dla najbardziej\u00a0zas\u0142u\u017conych pracownik\u00f3w, wr\u0119czono kwiaty i nagrody.\u00a0 Uczniowie naszej szko\u0142y oraz wychowankowie MP 9 i MP30\u00a0zadbali o opraw\u0119 artystyczn\u0105 wydarzenia. Zaproszeni go\u015bcie, zwi\u0105zani &hellip;<\/p>\n<p class=\"read-more\"> <a class=\"\" href=\"https:\/\/sp17.pl\/?p=10559\"> <span class=\"screen-reader-text\">\u015awi\u0119towanie Jubileuszu Zespo\u0142u Edukacyjnego nr 2<\/span> Czytaj wi\u0119cej<\/a><\/p>\n","protected":false},"author":1,"featured_media":0,"comment_status":"closed","ping_status":"open","sticky":false,"template":"","format":"standard","meta":{"ngg_post_thumbnail":0,"site-sidebar-layout":"default","site-content-layout":"","ast-site-content-layout":"","site-content-style":"default","site-sidebar-style":"default","ast-global-header-display":"","ast-banner-title-visibility":"","ast-main-header-display":"","ast-hfb-above-header-display":"","ast-hfb-below-header-display":"","ast-hfb-mobile-header-display":"","site-post-title":"","ast-breadcrumbs-content":"","ast-featured-img":"","footer-sml-layout":"","theme-transparent-header-meta":"","adv-header-id-meta":"","stick-header-meta":"","header-above-stick-meta":"","header-main-stick-meta":"","header-below-stick-meta":"","astra-migrate-meta-layouts":"default","ast-page-background-enabled":"default","ast-page-background-meta":{"desktop":{"background-color":"var(--ast-global-color-4)","background-image":"","background-repeat":"repeat","background-position":"center center","background-size":"auto","background-attachment":"scroll","background-type":"","background-media":"","overlay-type":"","overlay-color":"","overlay-gradient":""},"tablet":{"background-color":"","background-image":"","background-repeat":"repeat","background-position":"center center","background-size":"auto","background-attachment":"scroll","background-type":"","background-media":"","overlay-type":"","overlay-color":"","overlay-gradient":""},"mobile":{"background-color":"","background-image":"","background-repeat":"repeat","background-position":"center center","background-size":"auto","background-attachment":"scroll","background-type":"","background-media":"","overlay-type":"","overlay-color":"","overlay-gradient":""}},"ast-content-background-meta":{"desktop":{"background-color":"var(--ast-global-color-5)","background-image":"","background-repeat":"repeat","background-position":"center center","background-size":"auto","background-attachment":"scroll","background-type":"","background-media":"","overlay-type":"","overlay-color":"","overlay-gradient":""},"tablet":{"background-color":"var(--ast-global-color-5)","background-image":"","background-repeat":"repeat","background-position":"center center","background-size":"auto","background-attachment":"scroll","background-type":"","background-media":"","overlay-type":"","overlay-color":"","overlay-gradient":""},"mobile":{"background-color":"var(--ast-global-color-5)","background-image":"","background-repeat":"repeat","background-position":"center center","background-size":"auto","background-attachment":"scroll","background-type":"","background-media":"","overlay-type":"","overlay-color":"","overlay-gradient":""}},"footnotes":""},"categories":[25],"tags":[],"_links":{"self":[{"href":"https:\/\/sp17.pl\/index.php?rest_route=\/wp\/v2\/posts\/10559"}],"collection":[{"href":"https:\/\/sp17.pl\/index.php?rest_route=\/wp\/v2\/posts"}],"about":[{"href":"https:\/\/sp17.pl\/index.php?rest_route=\/wp\/v2\/types\/post"}],"author":[{"embeddable":true,"href":"https:\/\/sp17.pl\/index.php?rest_route=\/wp\/v2\/users\/1"}],"replies":[{"embeddable":true,"href":"https:\/\/sp17.pl\/index.php?rest_route=%2Fwp%2Fv2%2Fcomments&post=10559"}],"version-history":[{"count":7,"href":"https:\/\/sp17.pl\/index.php?rest_route=\/wp\/v2\/posts\/10559\/revisions"}],"predecessor-version":[{"id":10567,"href":"https:\/\/sp17.pl\/index.php?rest_route=\/wp\/v2\/posts\/10559\/revisions\/10567"}],"wp:attachment":[{"href":"https:\/\/sp17.pl\/index.php?rest_route=%2Fwp%2Fv2%2Fmedia&parent=10559"}],"wp:term":[{"taxonomy":"category","embeddable":true,"href":"https:\/\/sp17.pl\/index.php?rest_route=%2Fwp%2Fv2%2Fcategories&post=10559"},{"taxonomy":"post_tag","embeddable":true,"href":"https:\/\/sp17.pl\/index.php?rest_route=%2Fwp%2Fv2%2Ftags&post=10559"}],"curies":[{"name":"wp","href":"https:\/\/api.w.org\/{rel}","templated":true}]}}