{"id":10926,"date":"2024-11-19T13:23:23","date_gmt":"2024-11-19T12:23:23","guid":{"rendered":"https:\/\/sp17.pl\/?p=10926"},"modified":"2024-11-19T13:23:26","modified_gmt":"2024-11-19T12:23:26","slug":"slubowanie-pierwszakow","status":"publish","type":"post","link":"https:\/\/sp17.pl\/?p=10926","title":{"rendered":"\u015aLUBOWANIE PIERWSZAK\u00d3W"},"content":{"rendered":"\n<p><\/p>\n\n\n<h5 dir=\"auto\">Jeszcze w pa\u017adzierniku w SP17 odby\u0142a si\u0119 wspania\u0142a uroczysto\u015b\u0107 \u015blubowania i pasowania uczni\u00f3w pierwszych klas. Mimo, \u017ce uczniowie bardzo si\u0119 denerwowali publicznym wyst\u0119pem,&nbsp; doskonale sobie poradzili i udowodnili, \u017ce s\u0105 gotowi na przyj\u0119cie do braci uczniowskiej naszej szko\u0142y. Uroczysto\u015b\u0107 u\u015bwietni\u0142 Pan Dyrektor Tomasz Chmielarczyk, nauczyciele oraz licznie przybyli rodzice i opiekunowie naszych pierwszak\u00f3w.<\/h5>\n<h5 dir=\"auto\">Agnieszka Szczukowska&nbsp;<\/h5>\n<!-- default-view.php -->\n<div\n\tclass=\"ngg-galleryoverview default-view \"\n\tid=\"ngg-gallery-3829a1bccd08fd147002d72a6bb8a682-1\">\n\n\t\t<!-- Thumbnails -->\n\t\t\t\t<div id=\"ngg-image-0\" class=\"ngg-gallery-thumbnail-box ngg-3-columns\" >\n\t\t\t\t        <div class=\"ngg-gallery-thumbnail\">\n            <a href=\"https:\/\/sp17.pl\/wp-content\/gallery\/2024-slubowanie-pierwszakow\/IMG-20241025-WA0001.jpg\"\n               title=\"\"\n               data-src=\"https:\/\/sp17.pl\/wp-content\/gallery\/2024-slubowanie-pierwszakow\/IMG-20241025-WA0001.jpg\"\n               data-thumbnail=\"https:\/\/sp17.pl\/wp-content\/gallery\/2024-slubowanie-pierwszakow\/thumbs\/thumbs_IMG-20241025-WA0001.jpg\"\n               data-image-id=\"3789\"\n               data-title=\"IMG-20241025-WA0001\"\n               data-description=\"\"\n               data-image-slug=\"img-20241025-wa0001\"\n               class=\"ngg-simplelightbox\" rel=\"3829a1bccd08fd147002d72a6bb8a682\">\n                <img\n                    title=\"IMG-20241025-WA0001\"\n                    alt=\"IMG-20241025-WA0001\"\n                    src=\"https:\/\/sp17.pl\/wp-content\/gallery\/2024-slubowanie-pierwszakow\/thumbs\/thumbs_IMG-20241025-WA0001.jpg\"\n                    width=\"240\"\n                    height=\"160\"\n                    style=\"max-width:100%;\"\n                \/>\n            <\/a>\n        <\/div>\n\t\t\t\t\t\t\t<\/div> \n\t\t\t\n\t\t\t\t<div id=\"ngg-image-1\" class=\"ngg-gallery-thumbnail-box ngg-3-columns\" >\n\t\t\t\t        <div class=\"ngg-gallery-thumbnail\">\n            <a href=\"https:\/\/sp17.pl\/wp-content\/gallery\/2024-slubowanie-pierwszakow\/IMG-20241025-WA0002.jpg\"\n               title=\"\"\n               data-src=\"https:\/\/sp17.pl\/wp-content\/gallery\/2024-slubowanie-pierwszakow\/IMG-20241025-WA0002.jpg\"\n               data-thumbnail=\"https:\/\/sp17.pl\/wp-content\/gallery\/2024-slubowanie-pierwszakow\/thumbs\/thumbs_IMG-20241025-WA0002.jpg\"\n               data-image-id=\"3790\"\n               data-title=\"IMG-20241025-WA0002\"\n               data-description=\"\"\n               data-image-slug=\"img-20241025-wa0002\"\n               class=\"ngg-simplelightbox\" rel=\"3829a1bccd08fd147002d72a6bb8a682\">\n                <img\n                    title=\"IMG-20241025-WA0002\"\n                    alt=\"IMG-20241025-WA0002\"\n                    src=\"https:\/\/sp17.pl\/wp-content\/gallery\/2024-slubowanie-pierwszakow\/thumbs\/thumbs_IMG-20241025-WA0002.jpg\"\n                    width=\"240\"\n                    height=\"160\"\n                    style=\"max-width:100%;\"\n                \/>\n            <\/a>\n        <\/div>\n\t\t\t\t\t\t\t<\/div> \n\t\t\t\n\t\t\t\t<div id=\"ngg-image-2\" class=\"ngg-gallery-thumbnail-box ngg-3-columns\" >\n\t\t\t\t        <div class=\"ngg-gallery-thumbnail\">\n            <a href=\"https:\/\/sp17.pl\/wp-content\/gallery\/2024-slubowanie-pierwszakow\/IMG-20241025-WA0003.jpg\"\n               title=\"\"\n               data-src=\"https:\/\/sp17.pl\/wp-content\/gallery\/2024-slubowanie-pierwszakow\/IMG-20241025-WA0003.jpg\"\n               data-thumbnail=\"https:\/\/sp17.pl\/wp-content\/gallery\/2024-slubowanie-pierwszakow\/thumbs\/thumbs_IMG-20241025-WA0003.jpg\"\n               data-image-id=\"3791\"\n               data-title=\"IMG-20241025-WA0003\"\n               data-description=\"\"\n               data-image-slug=\"img-20241025-wa0003\"\n               class=\"ngg-simplelightbox\" rel=\"3829a1bccd08fd147002d72a6bb8a682\">\n                <img\n                    title=\"IMG-20241025-WA0003\"\n                    alt=\"IMG-20241025-WA0003\"\n                    src=\"https:\/\/sp17.pl\/wp-content\/gallery\/2024-slubowanie-pierwszakow\/thumbs\/thumbs_IMG-20241025-WA0003.jpg\"\n                    width=\"240\"\n                    height=\"160\"\n                    style=\"max-width:100%;\"\n                \/>\n            <\/a>\n        <\/div>\n\t\t\t\t\t\t\t<\/div> \n\t\t\t\n\t\t\t\t<div id=\"ngg-image-3\" class=\"ngg-gallery-thumbnail-box ngg-3-columns\" >\n\t\t\t\t        <div class=\"ngg-gallery-thumbnail\">\n            <a href=\"https:\/\/sp17.pl\/wp-content\/gallery\/2024-slubowanie-pierwszakow\/IMG-20241025-WA0005.jpg\"\n               title=\"\"\n               data-src=\"https:\/\/sp17.pl\/wp-content\/gallery\/2024-slubowanie-pierwszakow\/IMG-20241025-WA0005.jpg\"\n               data-thumbnail=\"https:\/\/sp17.pl\/wp-content\/gallery\/2024-slubowanie-pierwszakow\/thumbs\/thumbs_IMG-20241025-WA0005.jpg\"\n               data-image-id=\"3792\"\n               data-title=\"IMG-20241025-WA0005\"\n               data-description=\"\"\n               data-image-slug=\"img-20241025-wa0005\"\n               class=\"ngg-simplelightbox\" rel=\"3829a1bccd08fd147002d72a6bb8a682\">\n                <img\n                    title=\"IMG-20241025-WA0005\"\n                    alt=\"IMG-20241025-WA0005\"\n                    src=\"https:\/\/sp17.pl\/wp-content\/gallery\/2024-slubowanie-pierwszakow\/thumbs\/thumbs_IMG-20241025-WA0005.jpg\"\n                    width=\"240\"\n                    height=\"160\"\n                    style=\"max-width:100%;\"\n                \/>\n            <\/a>\n        <\/div>\n\t\t\t\t\t\t\t<\/div> \n\t\t\t\n\t\t\t\t<div id=\"ngg-image-4\" class=\"ngg-gallery-thumbnail-box ngg-3-columns\" >\n\t\t\t\t        <div class=\"ngg-gallery-thumbnail\">\n            <a href=\"https:\/\/sp17.pl\/wp-content\/gallery\/2024-slubowanie-pierwszakow\/IMG-20241025-WA0008.jpg\"\n               title=\"\"\n               data-src=\"https:\/\/sp17.pl\/wp-content\/gallery\/2024-slubowanie-pierwszakow\/IMG-20241025-WA0008.jpg\"\n               data-thumbnail=\"https:\/\/sp17.pl\/wp-content\/gallery\/2024-slubowanie-pierwszakow\/thumbs\/thumbs_IMG-20241025-WA0008.jpg\"\n               data-image-id=\"3793\"\n               data-title=\"IMG-20241025-WA0008\"\n               data-description=\"\"\n               data-image-slug=\"img-20241025-wa0008\"\n               class=\"ngg-simplelightbox\" rel=\"3829a1bccd08fd147002d72a6bb8a682\">\n                <img\n                    title=\"IMG-20241025-WA0008\"\n                    alt=\"IMG-20241025-WA0008\"\n                    src=\"https:\/\/sp17.pl\/wp-content\/gallery\/2024-slubowanie-pierwszakow\/thumbs\/thumbs_IMG-20241025-WA0008.jpg\"\n                    width=\"240\"\n                    height=\"160\"\n                    style=\"max-width:100%;\"\n                \/>\n            <\/a>\n        <\/div>\n\t\t\t\t\t\t\t<\/div> \n\t\t\t\n\t\t\t\t<div id=\"ngg-image-5\" class=\"ngg-gallery-thumbnail-box ngg-3-columns\" >\n\t\t\t\t        <div class=\"ngg-gallery-thumbnail\">\n            <a href=\"https:\/\/sp17.pl\/wp-content\/gallery\/2024-slubowanie-pierwszakow\/IMG-20241025-WA0011.jpg\"\n               title=\"\"\n               data-src=\"https:\/\/sp17.pl\/wp-content\/gallery\/2024-slubowanie-pierwszakow\/IMG-20241025-WA0011.jpg\"\n               data-thumbnail=\"https:\/\/sp17.pl\/wp-content\/gallery\/2024-slubowanie-pierwszakow\/thumbs\/thumbs_IMG-20241025-WA0011.jpg\"\n               data-image-id=\"3794\"\n               data-title=\"IMG-20241025-WA0011\"\n               data-description=\"\"\n               data-image-slug=\"img-20241025-wa0011\"\n               class=\"ngg-simplelightbox\" rel=\"3829a1bccd08fd147002d72a6bb8a682\">\n                <img\n                    title=\"IMG-20241025-WA0011\"\n                    alt=\"IMG-20241025-WA0011\"\n                    src=\"https:\/\/sp17.pl\/wp-content\/gallery\/2024-slubowanie-pierwszakow\/thumbs\/thumbs_IMG-20241025-WA0011.jpg\"\n                    width=\"240\"\n                    height=\"160\"\n                    style=\"max-width:100%;\"\n                \/>\n            <\/a>\n        <\/div>\n\t\t\t\t\t\t\t<\/div> \n\t\t\t\n\t\n\t<br style=\"clear: both\" \/>\n\n\t\n\t\t<!-- Pagination -->\n\t<div class='ngg-clear'><\/div>\t<\/div>\n","protected":false},"excerpt":{"rendered":"<p>Jeszcze w pa\u017adzierniku w SP17 odby\u0142a si\u0119 wspania\u0142a uroczysto\u015b\u0107 \u015blubowania i pasowania uczni\u00f3w pierwszych klas. Mimo, \u017ce uczniowie bardzo si\u0119 denerwowali publicznym wyst\u0119pem,&nbsp; doskonale sobie poradzili i udowodnili, \u017ce s\u0105 gotowi na przyj\u0119cie do braci uczniowskiej naszej szko\u0142y. Uroczysto\u015b\u0107 u\u015bwietni\u0142 Pan Dyrektor Tomasz Chmielarczyk, nauczyciele oraz licznie przybyli rodzice i opiekunowie naszych pierwszak\u00f3w. Agnieszka Szczukowska&nbsp;<\/p>\n","protected":false},"author":1,"featured_media":10934,"comment_status":"closed","ping_status":"open","sticky":false,"template":"","format":"standard","meta":{"ngg_post_thumbnail":0,"site-sidebar-layout":"default","site-content-layout":"","ast-site-content-layout":"","site-content-style":"default","site-sidebar-style":"default","ast-global-header-display":"","ast-banner-title-visibility":"","ast-main-header-display":"","ast-hfb-above-header-display":"","ast-hfb-below-header-display":"","ast-hfb-mobile-header-display":"","site-post-title":"","ast-breadcrumbs-content":"","ast-featured-img":"","footer-sml-layout":"","theme-transparent-header-meta":"","adv-header-id-meta":"","stick-header-meta":"","header-above-stick-meta":"","header-main-stick-meta":"","header-below-stick-meta":"","astra-migrate-meta-layouts":"default","ast-page-background-enabled":"default","ast-page-background-meta":{"desktop":{"background-color":"var(--ast-global-color-4)","background-image":"","background-repeat":"repeat","background-position":"center center","background-size":"auto","background-attachment":"scroll","background-type":"","background-media":"","overlay-type":"","overlay-color":"","overlay-gradient":""},"tablet":{"background-color":"","background-image":"","background-repeat":"repeat","background-position":"center center","background-size":"auto","background-attachment":"scroll","background-type":"","background-media":"","overlay-type":"","overlay-color":"","overlay-gradient":""},"mobile":{"background-color":"","background-image":"","background-repeat":"repeat","background-position":"center center","background-size":"auto","background-attachment":"scroll","background-type":"","background-media":"","overlay-type":"","overlay-color":"","overlay-gradient":""}},"ast-content-background-meta":{"desktop":{"background-color":"var(--ast-global-color-5)","background-image":"","background-repeat":"repeat","background-position":"center center","background-size":"auto","background-attachment":"scroll","background-type":"","background-media":"","overlay-type":"","overlay-color":"","overlay-gradient":""},"tablet":{"background-color":"var(--ast-global-color-5)","background-image":"","background-repeat":"repeat","background-position":"center center","background-size":"auto","background-attachment":"scroll","background-type":"","background-media":"","overlay-type":"","overlay-color":"","overlay-gradient":""},"mobile":{"background-color":"var(--ast-global-color-5)","background-image":"","background-repeat":"repeat","background-position":"center center","background-size":"auto","background-attachment":"scroll","background-type":"","background-media":"","overlay-type":"","overlay-color":"","overlay-gradient":""}},"footnotes":""},"categories":[6],"tags":[],"_links":{"self":[{"href":"https:\/\/sp17.pl\/index.php?rest_route=\/wp\/v2\/posts\/10926"}],"collection":[{"href":"https:\/\/sp17.pl\/index.php?rest_route=\/wp\/v2\/posts"}],"about":[{"href":"https:\/\/sp17.pl\/index.php?rest_route=\/wp\/v2\/types\/post"}],"author":[{"embeddable":true,"href":"https:\/\/sp17.pl\/index.php?rest_route=\/wp\/v2\/users\/1"}],"replies":[{"embeddable":true,"href":"https:\/\/sp17.pl\/index.php?rest_route=%2Fwp%2Fv2%2Fcomments&post=10926"}],"version-history":[{"count":1,"href":"https:\/\/sp17.pl\/index.php?rest_route=\/wp\/v2\/posts\/10926\/revisions"}],"predecessor-version":[{"id":10935,"href":"https:\/\/sp17.pl\/index.php?rest_route=\/wp\/v2\/posts\/10926\/revisions\/10935"}],"wp:featuredmedia":[{"embeddable":true,"href":"https:\/\/sp17.pl\/index.php?rest_route=\/wp\/v2\/media\/10934"}],"wp:attachment":[{"href":"https:\/\/sp17.pl\/index.php?rest_route=%2Fwp%2Fv2%2Fmedia&parent=10926"}],"wp:term":[{"taxonomy":"category","embeddable":true,"href":"https:\/\/sp17.pl\/index.php?rest_route=%2Fwp%2Fv2%2Fcategories&post=10926"},{"taxonomy":"post_tag","embeddable":true,"href":"https:\/\/sp17.pl\/index.php?rest_route=%2Fwp%2Fv2%2Ftags&post=10926"}],"curies":[{"name":"wp","href":"https:\/\/api.w.org\/{rel}","templated":true}]}}