{"id":11158,"date":"2025-01-16T08:31:14","date_gmt":"2025-01-16T07:31:14","guid":{"rendered":"https:\/\/sp17.pl\/?p=11158"},"modified":"2025-01-16T08:31:15","modified_gmt":"2025-01-16T07:31:15","slug":"lubuskie-talenty","status":"publish","type":"post","link":"https:\/\/sp17.pl\/?p=11158","title":{"rendered":"LUBUSKIE TALENTY"},"content":{"rendered":"<h5 class=\"atomsArticleLead component\" data-event-position-context=\"atomsArticleLead\">Lubuskie Talenty to najwi\u0119kszy taki program stypendialny w wojew\u00f3dztwie. 13 stycznia w Filharmonii Zielonog\u00f3rskiej odby\u0142o si\u0119 wr\u0119czenie tych nagr\u00f3d, ju\u017c po raz si\u00f3dmy. M\u0142odzi ludzie ze szk\u00f3\u0142 podstawowych i \u015brednich dostali wsparcie na rozwijanie swoich pasji. To forma podzi\u0119kowania za ci\u0119\u017ck\u0105 prac\u0119 i liczne sukcesy dla najbardziej zdolnej m\u0142odzie\u017cy. Przyznano 238 stypendi\u00f3w, w tym 80 dla uczni\u00f3w szk\u00f3\u0142 podstawowych i 158 lice\u00f3w og\u00f3lnokszta\u0142c\u0105cych.<\/h5>\n<h5 data-event-position-context=\"atomsArticleLead\">W\u015br\u00f3d laureat\u00f3w tegorocznej edycji jest nasz ucze\u0144, Aleksander z klasy 7B. Gratulujemy Olkowi tego wyr\u00f3\u017cnienia i wielu talent\u00f3w!<\/h5>\n<!-- default-view.php -->\n<div\n\tclass=\"ngg-galleryoverview default-view \"\n\tid=\"ngg-gallery-7f9945c6b0166d547014d8fd83200387-1\">\n\n\t\t<!-- Thumbnails -->\n\t\t\t\t<div id=\"ngg-image-0\" class=\"ngg-gallery-thumbnail-box ngg-3-columns\" >\n\t\t\t\t        <div class=\"ngg-gallery-thumbnail\">\n            <a href=\"https:\/\/sp17.pl\/wp-content\/gallery\/2025-lubuskie-talenty\/20250113_102808.jpg\"\n               title=\"\"\n               data-src=\"https:\/\/sp17.pl\/wp-content\/gallery\/2025-lubuskie-talenty\/20250113_102808.jpg\"\n               data-thumbnail=\"https:\/\/sp17.pl\/wp-content\/gallery\/2025-lubuskie-talenty\/thumbs\/thumbs_20250113_102808.jpg\"\n               data-image-id=\"3872\"\n               data-title=\"20250113_102808\"\n               data-description=\"\"\n               data-image-slug=\"20250113_102808\"\n               class=\"ngg-simplelightbox\" rel=\"7f9945c6b0166d547014d8fd83200387\">\n                <img\n                    title=\"20250113_102808\"\n                    alt=\"20250113_102808\"\n                    src=\"https:\/\/sp17.pl\/wp-content\/gallery\/2025-lubuskie-talenty\/thumbs\/thumbs_20250113_102808.jpg\"\n                    width=\"240\"\n                    height=\"160\"\n                    style=\"max-width:100%;\"\n                \/>\n            <\/a>\n        <\/div>\n\t\t\t\t\t\t\t<\/div> \n\t\t\t\n\t\t\t\t<div id=\"ngg-image-1\" class=\"ngg-gallery-thumbnail-box ngg-3-columns\" >\n\t\t\t\t        <div class=\"ngg-gallery-thumbnail\">\n            <a href=\"https:\/\/sp17.pl\/wp-content\/gallery\/2025-lubuskie-talenty\/wan_8741.jpg\"\n               title=\"\"\n               data-src=\"https:\/\/sp17.pl\/wp-content\/gallery\/2025-lubuskie-talenty\/wan_8741.jpg\"\n               data-thumbnail=\"https:\/\/sp17.pl\/wp-content\/gallery\/2025-lubuskie-talenty\/thumbs\/thumbs_wan_8741.jpg\"\n               data-image-id=\"3873\"\n               data-title=\"wan_8741\"\n               data-description=\"\"\n               data-image-slug=\"wan_8741\"\n               class=\"ngg-simplelightbox\" rel=\"7f9945c6b0166d547014d8fd83200387\">\n                <img\n                    title=\"wan_8741\"\n                    alt=\"wan_8741\"\n                    src=\"https:\/\/sp17.pl\/wp-content\/gallery\/2025-lubuskie-talenty\/thumbs\/thumbs_wan_8741.jpg\"\n                    width=\"240\"\n                    height=\"160\"\n                    style=\"max-width:100%;\"\n                \/>\n            <\/a>\n        <\/div>\n\t\t\t\t\t\t\t<\/div> \n\t\t\t\n\t\t\t\t<div id=\"ngg-image-2\" class=\"ngg-gallery-thumbnail-box ngg-3-columns\" >\n\t\t\t\t        <div class=\"ngg-gallery-thumbnail\">\n            <a href=\"https:\/\/sp17.pl\/wp-content\/gallery\/2025-lubuskie-talenty\/wan_8405.jpg\"\n               title=\"\"\n               data-src=\"https:\/\/sp17.pl\/wp-content\/gallery\/2025-lubuskie-talenty\/wan_8405.jpg\"\n               data-thumbnail=\"https:\/\/sp17.pl\/wp-content\/gallery\/2025-lubuskie-talenty\/thumbs\/thumbs_wan_8405.jpg\"\n               data-image-id=\"3874\"\n               data-title=\"wan_8405\"\n               data-description=\"\"\n               data-image-slug=\"wan_8405\"\n               class=\"ngg-simplelightbox\" rel=\"7f9945c6b0166d547014d8fd83200387\">\n                <img\n                    title=\"wan_8405\"\n                    alt=\"wan_8405\"\n                    src=\"https:\/\/sp17.pl\/wp-content\/gallery\/2025-lubuskie-talenty\/thumbs\/thumbs_wan_8405.jpg\"\n                    width=\"240\"\n                    height=\"160\"\n                    style=\"max-width:100%;\"\n                \/>\n            <\/a>\n        <\/div>\n\t\t\t\t\t\t\t<\/div> \n\t\t\t\n\t\t\t\t<div id=\"ngg-image-3\" class=\"ngg-gallery-thumbnail-box ngg-3-columns\" >\n\t\t\t\t        <div class=\"ngg-gallery-thumbnail\">\n            <a href=\"https:\/\/sp17.pl\/wp-content\/gallery\/2025-lubuskie-talenty\/20250113_103131.jpg\"\n               title=\"\"\n               data-src=\"https:\/\/sp17.pl\/wp-content\/gallery\/2025-lubuskie-talenty\/20250113_103131.jpg\"\n               data-thumbnail=\"https:\/\/sp17.pl\/wp-content\/gallery\/2025-lubuskie-talenty\/thumbs\/thumbs_20250113_103131.jpg\"\n               data-image-id=\"3875\"\n               data-title=\"20250113_103131\"\n               data-description=\"\"\n               data-image-slug=\"20250113_103131\"\n               class=\"ngg-simplelightbox\" rel=\"7f9945c6b0166d547014d8fd83200387\">\n                <img\n                    title=\"20250113_103131\"\n                    alt=\"20250113_103131\"\n                    src=\"https:\/\/sp17.pl\/wp-content\/gallery\/2025-lubuskie-talenty\/thumbs\/thumbs_20250113_103131.jpg\"\n                    width=\"240\"\n                    height=\"160\"\n                    style=\"max-width:100%;\"\n                \/>\n            <\/a>\n        <\/div>\n\t\t\t\t\t\t\t<\/div> \n\t\t\t\n\t\t\t\t<div id=\"ngg-image-4\" class=\"ngg-gallery-thumbnail-box ngg-3-columns\" >\n\t\t\t\t        <div class=\"ngg-gallery-thumbnail\">\n            <a href=\"https:\/\/sp17.pl\/wp-content\/gallery\/2025-lubuskie-talenty\/20250113_100825.jpg\"\n               title=\"\"\n               data-src=\"https:\/\/sp17.pl\/wp-content\/gallery\/2025-lubuskie-talenty\/20250113_100825.jpg\"\n               data-thumbnail=\"https:\/\/sp17.pl\/wp-content\/gallery\/2025-lubuskie-talenty\/thumbs\/thumbs_20250113_100825.jpg\"\n               data-image-id=\"3876\"\n               data-title=\"20250113_100825\"\n               data-description=\"\"\n               data-image-slug=\"20250113_100825\"\n               class=\"ngg-simplelightbox\" rel=\"7f9945c6b0166d547014d8fd83200387\">\n                <img\n                    title=\"20250113_100825\"\n                    alt=\"20250113_100825\"\n                    src=\"https:\/\/sp17.pl\/wp-content\/gallery\/2025-lubuskie-talenty\/thumbs\/thumbs_20250113_100825.jpg\"\n                    width=\"240\"\n                    height=\"160\"\n                    style=\"max-width:100%;\"\n                \/>\n            <\/a>\n        <\/div>\n\t\t\t\t\t\t\t<\/div> \n\t\t\t\n\t\t\t\t<div id=\"ngg-image-5\" class=\"ngg-gallery-thumbnail-box ngg-3-columns\" >\n\t\t\t\t        <div class=\"ngg-gallery-thumbnail\">\n            <a href=\"https:\/\/sp17.pl\/wp-content\/gallery\/2025-lubuskie-talenty\/20250113_091134.jpg\"\n               title=\"\"\n               data-src=\"https:\/\/sp17.pl\/wp-content\/gallery\/2025-lubuskie-talenty\/20250113_091134.jpg\"\n               data-thumbnail=\"https:\/\/sp17.pl\/wp-content\/gallery\/2025-lubuskie-talenty\/thumbs\/thumbs_20250113_091134.jpg\"\n               data-image-id=\"3877\"\n               data-title=\"20250113_091134\"\n               data-description=\"\"\n               data-image-slug=\"20250113_091134\"\n               class=\"ngg-simplelightbox\" rel=\"7f9945c6b0166d547014d8fd83200387\">\n                <img\n                    title=\"20250113_091134\"\n                    alt=\"20250113_091134\"\n                    src=\"https:\/\/sp17.pl\/wp-content\/gallery\/2025-lubuskie-talenty\/thumbs\/thumbs_20250113_091134.jpg\"\n                    width=\"240\"\n                    height=\"160\"\n                    style=\"max-width:100%;\"\n                \/>\n            <\/a>\n        <\/div>\n\t\t\t\t\t\t\t<\/div> \n\t\t\t\n\t\t\t\t<div id=\"ngg-image-6\" class=\"ngg-gallery-thumbnail-box ngg-3-columns\" >\n\t\t\t\t        <div class=\"ngg-gallery-thumbnail\">\n            <a href=\"https:\/\/sp17.pl\/wp-content\/gallery\/2025-lubuskie-talenty\/20250113_093620.jpg\"\n               title=\"\"\n               data-src=\"https:\/\/sp17.pl\/wp-content\/gallery\/2025-lubuskie-talenty\/20250113_093620.jpg\"\n               data-thumbnail=\"https:\/\/sp17.pl\/wp-content\/gallery\/2025-lubuskie-talenty\/thumbs\/thumbs_20250113_093620.jpg\"\n               data-image-id=\"3878\"\n               data-title=\"20250113_093620\"\n               data-description=\"\"\n               data-image-slug=\"20250113_093620\"\n               class=\"ngg-simplelightbox\" rel=\"7f9945c6b0166d547014d8fd83200387\">\n                <img\n                    title=\"20250113_093620\"\n                    alt=\"20250113_093620\"\n                    src=\"https:\/\/sp17.pl\/wp-content\/gallery\/2025-lubuskie-talenty\/thumbs\/thumbs_20250113_093620.jpg\"\n                    width=\"240\"\n                    height=\"160\"\n                    style=\"max-width:100%;\"\n                \/>\n            <\/a>\n        <\/div>\n\t\t\t\t\t\t\t<\/div> \n\t\t\t\n\t\n\t<br style=\"clear: both\" \/>\n\n\t\n\t\t<!-- Pagination -->\n\t<div class='ngg-clear'><\/div>\t<\/div>\n\n","protected":false},"excerpt":{"rendered":"<p>Lubuskie Talenty to najwi\u0119kszy taki program stypendialny w wojew\u00f3dztwie. 13 stycznia w Filharmonii Zielonog\u00f3rskiej odby\u0142o si\u0119 wr\u0119czenie tych nagr\u00f3d, ju\u017c po raz si\u00f3dmy. M\u0142odzi ludzie ze szk\u00f3\u0142 podstawowych i \u015brednich dostali wsparcie na rozwijanie swoich pasji. To forma podzi\u0119kowania za ci\u0119\u017ck\u0105 prac\u0119 i liczne sukcesy dla najbardziej zdolnej m\u0142odzie\u017cy. Przyznano 238 stypendi\u00f3w, w tym 80 &hellip;<\/p>\n<p class=\"read-more\"> <a class=\"\" href=\"https:\/\/sp17.pl\/?p=11158\"> <span class=\"screen-reader-text\">LUBUSKIE TALENTY<\/span> Czytaj wi\u0119cej<\/a><\/p>\n","protected":false},"author":1,"featured_media":11167,"comment_status":"closed","ping_status":"open","sticky":false,"template":"","format":"standard","meta":{"ngg_post_thumbnail":0,"site-sidebar-layout":"default","site-content-layout":"","ast-site-content-layout":"","site-content-style":"default","site-sidebar-style":"default","ast-global-header-display":"","ast-banner-title-visibility":"","ast-main-header-display":"","ast-hfb-above-header-display":"","ast-hfb-below-header-display":"","ast-hfb-mobile-header-display":"","site-post-title":"","ast-breadcrumbs-content":"","ast-featured-img":"","footer-sml-layout":"","theme-transparent-header-meta":"","adv-header-id-meta":"","stick-header-meta":"","header-above-stick-meta":"","header-main-stick-meta":"","header-below-stick-meta":"","astra-migrate-meta-layouts":"default","ast-page-background-enabled":"default","ast-page-background-meta":{"desktop":{"background-color":"var(--ast-global-color-4)","background-image":"","background-repeat":"repeat","background-position":"center center","background-size":"auto","background-attachment":"scroll","background-type":"","background-media":"","overlay-type":"","overlay-color":"","overlay-gradient":""},"tablet":{"background-color":"","background-image":"","background-repeat":"repeat","background-position":"center center","background-size":"auto","background-attachment":"scroll","background-type":"","background-media":"","overlay-type":"","overlay-color":"","overlay-gradient":""},"mobile":{"background-color":"","background-image":"","background-repeat":"repeat","background-position":"center center","background-size":"auto","background-attachment":"scroll","background-type":"","background-media":"","overlay-type":"","overlay-color":"","overlay-gradient":""}},"ast-content-background-meta":{"desktop":{"background-color":"var(--ast-global-color-5)","background-image":"","background-repeat":"repeat","background-position":"center center","background-size":"auto","background-attachment":"scroll","background-type":"","background-media":"","overlay-type":"","overlay-color":"","overlay-gradient":""},"tablet":{"background-color":"var(--ast-global-color-5)","background-image":"","background-repeat":"repeat","background-position":"center center","background-size":"auto","background-attachment":"scroll","background-type":"","background-media":"","overlay-type":"","overlay-color":"","overlay-gradient":""},"mobile":{"background-color":"var(--ast-global-color-5)","background-image":"","background-repeat":"repeat","background-position":"center center","background-size":"auto","background-attachment":"scroll","background-type":"","background-media":"","overlay-type":"","overlay-color":"","overlay-gradient":""}},"footnotes":""},"categories":[6],"tags":[],"_links":{"self":[{"href":"https:\/\/sp17.pl\/index.php?rest_route=\/wp\/v2\/posts\/11158"}],"collection":[{"href":"https:\/\/sp17.pl\/index.php?rest_route=\/wp\/v2\/posts"}],"about":[{"href":"https:\/\/sp17.pl\/index.php?rest_route=\/wp\/v2\/types\/post"}],"author":[{"embeddable":true,"href":"https:\/\/sp17.pl\/index.php?rest_route=\/wp\/v2\/users\/1"}],"replies":[{"embeddable":true,"href":"https:\/\/sp17.pl\/index.php?rest_route=%2Fwp%2Fv2%2Fcomments&post=11158"}],"version-history":[{"count":1,"href":"https:\/\/sp17.pl\/index.php?rest_route=\/wp\/v2\/posts\/11158\/revisions"}],"predecessor-version":[{"id":11168,"href":"https:\/\/sp17.pl\/index.php?rest_route=\/wp\/v2\/posts\/11158\/revisions\/11168"}],"wp:featuredmedia":[{"embeddable":true,"href":"https:\/\/sp17.pl\/index.php?rest_route=\/wp\/v2\/media\/11167"}],"wp:attachment":[{"href":"https:\/\/sp17.pl\/index.php?rest_route=%2Fwp%2Fv2%2Fmedia&parent=11158"}],"wp:term":[{"taxonomy":"category","embeddable":true,"href":"https:\/\/sp17.pl\/index.php?rest_route=%2Fwp%2Fv2%2Fcategories&post=11158"},{"taxonomy":"post_tag","embeddable":true,"href":"https:\/\/sp17.pl\/index.php?rest_route=%2Fwp%2Fv2%2Ftags&post=11158"}],"curies":[{"name":"wp","href":"https:\/\/api.w.org\/{rel}","templated":true}]}}