{"id":11557,"date":"2025-06-28T11:08:20","date_gmt":"2025-06-28T09:08:20","guid":{"rendered":"https:\/\/sp17.pl\/?p=11557"},"modified":"2025-06-28T11:08:21","modified_gmt":"2025-06-28T09:08:21","slug":"stypendia-prezydenta-dla-hani-i-kuby","status":"publish","type":"post","link":"https:\/\/sp17.pl\/?p=11557","title":{"rendered":"STYPENDIA PREZYDENTA DLA HANI I KUBY!"},"content":{"rendered":"<h5>W Lubuskim Teatrze odby\u0142o si\u0119 wr\u0119czenie stypendi\u00f3w Prezydenta Miasta Zielona G\u00f3ra dla najlepszych absolwent\u00f3w szk\u00f3\u0142 oraz laureat\u00f3w i finalist\u00f3w og\u00f3lnopolskich olimpiad.&nbsp; W\u015br\u00f3d grona nagrodzonych znalaz\u0142o si\u0119 dwoje uczni\u00f3w naszej szko\u0142y: Hanna z klasy 8B oraz Kuba z klasy 8C.<\/h5>\n<h5>Gratulujemy i \u017cyczymy \u015bwietnego startu i czasu w szkole ponadpodstawowej!&nbsp;<\/h5>\n<!-- default-view.php -->\n<div\n\tclass=\"ngg-galleryoverview default-view \"\n\tid=\"ngg-gallery-54ac479fe2b4d2b4b150e41b75dbdf5d-1\">\n\n\t\t<!-- Thumbnails -->\n\t\t\t\t<div id=\"ngg-image-0\" class=\"ngg-gallery-thumbnail-box ngg-3-columns\" >\n\t\t\t\t        <div class=\"ngg-gallery-thumbnail\">\n            <a href=\"https:\/\/sp17.pl\/wp-content\/gallery\/2025-stypendia-prezydenta\/stypendia-2025-q.jpg\"\n               title=\"\"\n               data-src=\"https:\/\/sp17.pl\/wp-content\/gallery\/2025-stypendia-prezydenta\/stypendia-2025-q.jpg\"\n               data-thumbnail=\"https:\/\/sp17.pl\/wp-content\/gallery\/2025-stypendia-prezydenta\/thumbs\/thumbs_stypendia-2025-q.jpg\"\n               data-image-id=\"4031\"\n               data-title=\"stypendia-2025-q\"\n               data-description=\"\"\n               data-image-slug=\"stypendia-2025-q\"\n               class=\"ngg-simplelightbox\" rel=\"54ac479fe2b4d2b4b150e41b75dbdf5d\">\n                <img\n                    title=\"stypendia-2025-q\"\n                    alt=\"stypendia-2025-q\"\n                    src=\"https:\/\/sp17.pl\/wp-content\/gallery\/2025-stypendia-prezydenta\/thumbs\/thumbs_stypendia-2025-q.jpg\"\n                    width=\"240\"\n                    height=\"160\"\n                    style=\"max-width:100%;\"\n                \/>\n            <\/a>\n        <\/div>\n\t\t\t\t\t\t\t<\/div> \n\t\t\t\n\t\t\t\t<div id=\"ngg-image-1\" class=\"ngg-gallery-thumbnail-box ngg-3-columns\" >\n\t\t\t\t        <div class=\"ngg-gallery-thumbnail\">\n            <a href=\"https:\/\/sp17.pl\/wp-content\/gallery\/2025-stypendia-prezydenta\/stypendia-2025.jpg\"\n               title=\"\"\n               data-src=\"https:\/\/sp17.pl\/wp-content\/gallery\/2025-stypendia-prezydenta\/stypendia-2025.jpg\"\n               data-thumbnail=\"https:\/\/sp17.pl\/wp-content\/gallery\/2025-stypendia-prezydenta\/thumbs\/thumbs_stypendia-2025.jpg\"\n               data-image-id=\"4032\"\n               data-title=\"stypendia-2025\"\n               data-description=\"\"\n               data-image-slug=\"stypendia-2025-1\"\n               class=\"ngg-simplelightbox\" rel=\"54ac479fe2b4d2b4b150e41b75dbdf5d\">\n                <img\n                    title=\"stypendia-2025\"\n                    alt=\"stypendia-2025\"\n                    src=\"https:\/\/sp17.pl\/wp-content\/gallery\/2025-stypendia-prezydenta\/thumbs\/thumbs_stypendia-2025.jpg\"\n                    width=\"240\"\n                    height=\"160\"\n                    style=\"max-width:100%;\"\n                \/>\n            <\/a>\n        <\/div>\n\t\t\t\t\t\t\t<\/div> \n\t\t\t\n\t\n\t<br style=\"clear: both\" \/>\n\n\t\n\t\t<!-- Pagination -->\n\t<div class='ngg-clear'><\/div>\t<\/div>\n\n","protected":false},"excerpt":{"rendered":"<p>W Lubuskim Teatrze odby\u0142o si\u0119 wr\u0119czenie stypendi\u00f3w Prezydenta Miasta Zielona G\u00f3ra dla najlepszych absolwent\u00f3w szk\u00f3\u0142 oraz laureat\u00f3w i finalist\u00f3w og\u00f3lnopolskich olimpiad.&nbsp; W\u015br\u00f3d grona nagrodzonych znalaz\u0142o si\u0119 dwoje uczni\u00f3w naszej szko\u0142y: Hanna z klasy 8B oraz Kuba z klasy 8C. Gratulujemy i \u017cyczymy \u015bwietnego startu i czasu w szkole ponadpodstawowej!&nbsp;<\/p>\n","protected":false},"author":1,"featured_media":11563,"comment_status":"closed","ping_status":"open","sticky":false,"template":"","format":"standard","meta":{"ngg_post_thumbnail":0,"site-sidebar-layout":"default","site-content-layout":"","ast-site-content-layout":"","site-content-style":"default","site-sidebar-style":"default","ast-global-header-display":"","ast-banner-title-visibility":"","ast-main-header-display":"","ast-hfb-above-header-display":"","ast-hfb-below-header-display":"","ast-hfb-mobile-header-display":"","site-post-title":"","ast-breadcrumbs-content":"","ast-featured-img":"","footer-sml-layout":"","theme-transparent-header-meta":"","adv-header-id-meta":"","stick-header-meta":"","header-above-stick-meta":"","header-main-stick-meta":"","header-below-stick-meta":"","astra-migrate-meta-layouts":"default","ast-page-background-enabled":"default","ast-page-background-meta":{"desktop":{"background-color":"var(--ast-global-color-4)","background-image":"","background-repeat":"repeat","background-position":"center center","background-size":"auto","background-attachment":"scroll","background-type":"","background-media":"","overlay-type":"","overlay-color":"","overlay-gradient":""},"tablet":{"background-color":"","background-image":"","background-repeat":"repeat","background-position":"center center","background-size":"auto","background-attachment":"scroll","background-type":"","background-media":"","overlay-type":"","overlay-color":"","overlay-gradient":""},"mobile":{"background-color":"","background-image":"","background-repeat":"repeat","background-position":"center center","background-size":"auto","background-attachment":"scroll","background-type":"","background-media":"","overlay-type":"","overlay-color":"","overlay-gradient":""}},"ast-content-background-meta":{"desktop":{"background-color":"var(--ast-global-color-5)","background-image":"","background-repeat":"repeat","background-position":"center center","background-size":"auto","background-attachment":"scroll","background-type":"","background-media":"","overlay-type":"","overlay-color":"","overlay-gradient":""},"tablet":{"background-color":"var(--ast-global-color-5)","background-image":"","background-repeat":"repeat","background-position":"center center","background-size":"auto","background-attachment":"scroll","background-type":"","background-media":"","overlay-type":"","overlay-color":"","overlay-gradient":""},"mobile":{"background-color":"var(--ast-global-color-5)","background-image":"","background-repeat":"repeat","background-position":"center center","background-size":"auto","background-attachment":"scroll","background-type":"","background-media":"","overlay-type":"","overlay-color":"","overlay-gradient":""}},"footnotes":""},"categories":[12,6],"tags":[],"_links":{"self":[{"href":"https:\/\/sp17.pl\/index.php?rest_route=\/wp\/v2\/posts\/11557"}],"collection":[{"href":"https:\/\/sp17.pl\/index.php?rest_route=\/wp\/v2\/posts"}],"about":[{"href":"https:\/\/sp17.pl\/index.php?rest_route=\/wp\/v2\/types\/post"}],"author":[{"embeddable":true,"href":"https:\/\/sp17.pl\/index.php?rest_route=\/wp\/v2\/users\/1"}],"replies":[{"embeddable":true,"href":"https:\/\/sp17.pl\/index.php?rest_route=%2Fwp%2Fv2%2Fcomments&post=11557"}],"version-history":[{"count":1,"href":"https:\/\/sp17.pl\/index.php?rest_route=\/wp\/v2\/posts\/11557\/revisions"}],"predecessor-version":[{"id":11564,"href":"https:\/\/sp17.pl\/index.php?rest_route=\/wp\/v2\/posts\/11557\/revisions\/11564"}],"wp:featuredmedia":[{"embeddable":true,"href":"https:\/\/sp17.pl\/index.php?rest_route=\/wp\/v2\/media\/11563"}],"wp:attachment":[{"href":"https:\/\/sp17.pl\/index.php?rest_route=%2Fwp%2Fv2%2Fmedia&parent=11557"}],"wp:term":[{"taxonomy":"category","embeddable":true,"href":"https:\/\/sp17.pl\/index.php?rest_route=%2Fwp%2Fv2%2Fcategories&post=11557"},{"taxonomy":"post_tag","embeddable":true,"href":"https:\/\/sp17.pl\/index.php?rest_route=%2Fwp%2Fv2%2Ftags&post=11557"}],"curies":[{"name":"wp","href":"https:\/\/api.w.org\/{rel}","templated":true}]}}