{"id":11597,"date":"2025-07-11T16:22:43","date_gmt":"2025-07-11T14:22:43","guid":{"rendered":"https:\/\/sp17.pl\/?p=11597"},"modified":"2025-07-11T17:16:20","modified_gmt":"2025-07-11T15:16:20","slug":"zakonczenie-szkoly-dla-osmoklasistow","status":"publish","type":"post","link":"https:\/\/sp17.pl\/?p=11597","title":{"rendered":"ZAKO\u0143CZENIE SZKO\u0141Y DLA \u00d3SMOKLASIST\u00d3W"},"content":{"rendered":"<h5 dir=\"ltr\" style=\"text-align: justify;\">Dnia 26 czerwca 2025 r. w Regionalnym Centrum Animacji Kultury przy ul. Sienkiewicza odby\u0142a si\u0119 wzruszaj\u0105ca uroczysto\u015b\u0107 zako\u0144czenia roku szkolnego i po\u017cegnania naszych wspania\u0142ych \u00f3smoklasist\u00f3w. To by\u0142 wyj\u0105tkowy dzie\u0144, pe\u0142en wzrusze\u0144, podzi\u0119kowa\u0144 i rado\u015bci z nadchodz\u0105cych wakacji. Nasi absolwenci, elegancko ubrani i pe\u0142ni emocji, po raz ostatni zasiedli razem, by celebrowa\u0107 ten wa\u017cny moment. By\u0142y nagrody za wybitne osi\u0105gni\u0119cia w nauce i sporcie, podzi\u0119kowania dla nauczycieli za ich trud i po\u015bwi\u0119cenie, a tak\u017ce dla rodzic\u00f3w za wsparcie i zaanga\u017cowanie w \u017cycie szko\u0142y. Nie zabrak\u0142o r\u00f3wnie\u017c wyst\u0119p\u00f3w artystycznych, kt\u00f3re wywo\u0142a\u0142y u\u015bmiech na twarzach publiczno\u015bci i \u0142zy wzruszenia u \u017cegnaj\u0105cych si\u0119 uczni\u00f3w. Dyrekcja szko\u0142y skierowa\u0142a do \u00f3smoklasist\u00f3w s\u0142owa pe\u0142ne ciep\u0142a i \u017cycze\u0144 powodzenia na dalszych etapach edukacji. \u017byczymy im, aby ka\u017cdy z nich znalaz\u0142 swoj\u0105 drog\u0119 i realizowa\u0142 marzenia z tak\u0105 sam\u0105 pasj\u0105, z jak\u0105 zdobywali wiedz\u0119 w naszej szkole.<\/h5>\n<h5 dir=\"ltr\" style=\"text-align: justify;\">Drodzy Absolwenci, pami\u0119tajcie, \u017ce drzwi naszej szko\u0142y zawsze b\u0119d\u0105 dla Was otwarte. \u017byczymy Wam bezpiecznych i radosnych wakacji, a w przysz\u0142o\u015bci samych sukces\u00f3w!<\/h5>\n<!-- default-view.php -->\n<div\n\tclass=\"ngg-galleryoverview default-view \"\n\tid=\"ngg-gallery-ddad9db1a1da75109d6ab446550cf375-1\">\n\n\t\t<!-- Thumbnails -->\n\t\t\t\t<div id=\"ngg-image-0\" class=\"ngg-gallery-thumbnail-box ngg-3-columns\" >\n\t\t\t\t        <div class=\"ngg-gallery-thumbnail\">\n            <a href=\"https:\/\/sp17.pl\/wp-content\/gallery\/2025-zakonczenie-klas-osmych-_-ten-album\/zakonczenie-klas8_2025-1.jpg\"\n               title=\"\"\n               data-src=\"https:\/\/sp17.pl\/wp-content\/gallery\/2025-zakonczenie-klas-osmych-_-ten-album\/zakonczenie-klas8_2025-1.jpg\"\n               data-thumbnail=\"https:\/\/sp17.pl\/wp-content\/gallery\/2025-zakonczenie-klas-osmych-_-ten-album\/thumbs\/thumbs_zakonczenie-klas8_2025-1.jpg\"\n               data-image-id=\"4123\"\n               data-title=\"zakonczenie-klas8_2025-1\"\n               data-description=\"\"\n               data-image-slug=\"zakonczenie-klas8_2025-1-1\"\n               class=\"ngg-simplelightbox\" rel=\"ddad9db1a1da75109d6ab446550cf375\">\n                <img\n                    title=\"zakonczenie-klas8_2025-1\"\n                    alt=\"zakonczenie-klas8_2025-1\"\n                    src=\"https:\/\/sp17.pl\/wp-content\/gallery\/2025-zakonczenie-klas-osmych-_-ten-album\/thumbs\/thumbs_zakonczenie-klas8_2025-1.jpg\"\n                    width=\"240\"\n                    height=\"160\"\n                    style=\"max-width:100%;\"\n                \/>\n            <\/a>\n        <\/div>\n\t\t\t\t\t\t\t<\/div> \n\t\t\t\n\t\t\t\t<div id=\"ngg-image-1\" class=\"ngg-gallery-thumbnail-box ngg-3-columns\" >\n\t\t\t\t        <div class=\"ngg-gallery-thumbnail\">\n            <a href=\"https:\/\/sp17.pl\/wp-content\/gallery\/2025-zakonczenie-klas-osmych-_-ten-album\/zakonczenie-klas8_2025-13.jpg\"\n               title=\"\"\n               data-src=\"https:\/\/sp17.pl\/wp-content\/gallery\/2025-zakonczenie-klas-osmych-_-ten-album\/zakonczenie-klas8_2025-13.jpg\"\n               data-thumbnail=\"https:\/\/sp17.pl\/wp-content\/gallery\/2025-zakonczenie-klas-osmych-_-ten-album\/thumbs\/thumbs_zakonczenie-klas8_2025-13.jpg\"\n               data-image-id=\"4124\"\n               data-title=\"zakonczenie-klas8_2025-13\"\n               data-description=\"\"\n               data-image-slug=\"zakonczenie-klas8_2025-13-1\"\n               class=\"ngg-simplelightbox\" rel=\"ddad9db1a1da75109d6ab446550cf375\">\n                <img\n                    title=\"zakonczenie-klas8_2025-13\"\n                    alt=\"zakonczenie-klas8_2025-13\"\n                    src=\"https:\/\/sp17.pl\/wp-content\/gallery\/2025-zakonczenie-klas-osmych-_-ten-album\/thumbs\/thumbs_zakonczenie-klas8_2025-13.jpg\"\n                    width=\"240\"\n                    height=\"160\"\n                    style=\"max-width:100%;\"\n                \/>\n            <\/a>\n        <\/div>\n\t\t\t\t\t\t\t<\/div> \n\t\t\t\n\t\t\t\t<div id=\"ngg-image-2\" class=\"ngg-gallery-thumbnail-box ngg-3-columns\" >\n\t\t\t\t        <div class=\"ngg-gallery-thumbnail\">\n            <a href=\"https:\/\/sp17.pl\/wp-content\/gallery\/2025-zakonczenie-klas-osmych-_-ten-album\/zakonczenie-klas8_2025-16.jpg\"\n               title=\"\"\n               data-src=\"https:\/\/sp17.pl\/wp-content\/gallery\/2025-zakonczenie-klas-osmych-_-ten-album\/zakonczenie-klas8_2025-16.jpg\"\n               data-thumbnail=\"https:\/\/sp17.pl\/wp-content\/gallery\/2025-zakonczenie-klas-osmych-_-ten-album\/thumbs\/thumbs_zakonczenie-klas8_2025-16.jpg\"\n               data-image-id=\"4125\"\n               data-title=\"zakonczenie-klas8_2025-16\"\n               data-description=\"\"\n               data-image-slug=\"zakonczenie-klas8_2025-16-1\"\n               class=\"ngg-simplelightbox\" rel=\"ddad9db1a1da75109d6ab446550cf375\">\n                <img\n                    title=\"zakonczenie-klas8_2025-16\"\n                    alt=\"zakonczenie-klas8_2025-16\"\n                    src=\"https:\/\/sp17.pl\/wp-content\/gallery\/2025-zakonczenie-klas-osmych-_-ten-album\/thumbs\/thumbs_zakonczenie-klas8_2025-16.jpg\"\n                    width=\"240\"\n                    height=\"160\"\n                    style=\"max-width:100%;\"\n                \/>\n            <\/a>\n        <\/div>\n\t\t\t\t\t\t\t<\/div> \n\t\t\t\n\t\t\t\t<div id=\"ngg-image-3\" class=\"ngg-gallery-thumbnail-box ngg-3-columns\" >\n\t\t\t\t        <div class=\"ngg-gallery-thumbnail\">\n            <a href=\"https:\/\/sp17.pl\/wp-content\/gallery\/2025-zakonczenie-klas-osmych-_-ten-album\/zakonczenie-klas8_2025-22.jpg\"\n               title=\"\"\n               data-src=\"https:\/\/sp17.pl\/wp-content\/gallery\/2025-zakonczenie-klas-osmych-_-ten-album\/zakonczenie-klas8_2025-22.jpg\"\n               data-thumbnail=\"https:\/\/sp17.pl\/wp-content\/gallery\/2025-zakonczenie-klas-osmych-_-ten-album\/thumbs\/thumbs_zakonczenie-klas8_2025-22.jpg\"\n               data-image-id=\"4126\"\n               data-title=\"zakonczenie-klas8_2025-22\"\n               data-description=\"\"\n               data-image-slug=\"zakonczenie-klas8_2025-22-1\"\n               class=\"ngg-simplelightbox\" rel=\"ddad9db1a1da75109d6ab446550cf375\">\n                <img\n                    title=\"zakonczenie-klas8_2025-22\"\n                    alt=\"zakonczenie-klas8_2025-22\"\n                    src=\"https:\/\/sp17.pl\/wp-content\/gallery\/2025-zakonczenie-klas-osmych-_-ten-album\/thumbs\/thumbs_zakonczenie-klas8_2025-22.jpg\"\n                    width=\"240\"\n                    height=\"160\"\n                    style=\"max-width:100%;\"\n                \/>\n            <\/a>\n        <\/div>\n\t\t\t\t\t\t\t<\/div> \n\t\t\t\n\t\t\t\t<div id=\"ngg-image-4\" class=\"ngg-gallery-thumbnail-box ngg-3-columns\" >\n\t\t\t\t        <div class=\"ngg-gallery-thumbnail\">\n            <a href=\"https:\/\/sp17.pl\/wp-content\/gallery\/2025-zakonczenie-klas-osmych-_-ten-album\/zakonczenie-klas8_2025-24.jpg\"\n               title=\"\"\n               data-src=\"https:\/\/sp17.pl\/wp-content\/gallery\/2025-zakonczenie-klas-osmych-_-ten-album\/zakonczenie-klas8_2025-24.jpg\"\n               data-thumbnail=\"https:\/\/sp17.pl\/wp-content\/gallery\/2025-zakonczenie-klas-osmych-_-ten-album\/thumbs\/thumbs_zakonczenie-klas8_2025-24.jpg\"\n               data-image-id=\"4127\"\n               data-title=\"zakonczenie-klas8_2025-24\"\n               data-description=\"\"\n               data-image-slug=\"zakonczenie-klas8_2025-24-1\"\n               class=\"ngg-simplelightbox\" rel=\"ddad9db1a1da75109d6ab446550cf375\">\n                <img\n                    title=\"zakonczenie-klas8_2025-24\"\n                    alt=\"zakonczenie-klas8_2025-24\"\n                    src=\"https:\/\/sp17.pl\/wp-content\/gallery\/2025-zakonczenie-klas-osmych-_-ten-album\/thumbs\/thumbs_zakonczenie-klas8_2025-24.jpg\"\n                    width=\"240\"\n                    height=\"160\"\n                    style=\"max-width:100%;\"\n                \/>\n            <\/a>\n        <\/div>\n\t\t\t\t\t\t\t<\/div> \n\t\t\t\n\t\t\t\t<div id=\"ngg-image-5\" class=\"ngg-gallery-thumbnail-box ngg-3-columns\" >\n\t\t\t\t        <div class=\"ngg-gallery-thumbnail\">\n            <a href=\"https:\/\/sp17.pl\/wp-content\/gallery\/2025-zakonczenie-klas-osmych-_-ten-album\/zakonczenie-klas8_2025-26.jpg\"\n               title=\"\"\n               data-src=\"https:\/\/sp17.pl\/wp-content\/gallery\/2025-zakonczenie-klas-osmych-_-ten-album\/zakonczenie-klas8_2025-26.jpg\"\n               data-thumbnail=\"https:\/\/sp17.pl\/wp-content\/gallery\/2025-zakonczenie-klas-osmych-_-ten-album\/thumbs\/thumbs_zakonczenie-klas8_2025-26.jpg\"\n               data-image-id=\"4128\"\n               data-title=\"zakonczenie-klas8_2025-26\"\n               data-description=\"\"\n               data-image-slug=\"zakonczenie-klas8_2025-26-1\"\n               class=\"ngg-simplelightbox\" rel=\"ddad9db1a1da75109d6ab446550cf375\">\n                <img\n                    title=\"zakonczenie-klas8_2025-26\"\n                    alt=\"zakonczenie-klas8_2025-26\"\n                    src=\"https:\/\/sp17.pl\/wp-content\/gallery\/2025-zakonczenie-klas-osmych-_-ten-album\/thumbs\/thumbs_zakonczenie-klas8_2025-26.jpg\"\n                    width=\"240\"\n                    height=\"160\"\n                    style=\"max-width:100%;\"\n                \/>\n            <\/a>\n        <\/div>\n\t\t\t\t\t\t\t<\/div> \n\t\t\t\n\t\t\t\t<div id=\"ngg-image-6\" class=\"ngg-gallery-thumbnail-box ngg-3-columns\" >\n\t\t\t\t        <div class=\"ngg-gallery-thumbnail\">\n            <a href=\"https:\/\/sp17.pl\/wp-content\/gallery\/2025-zakonczenie-klas-osmych-_-ten-album\/zakonczenie-klas8_2025-30.jpg\"\n               title=\"\"\n               data-src=\"https:\/\/sp17.pl\/wp-content\/gallery\/2025-zakonczenie-klas-osmych-_-ten-album\/zakonczenie-klas8_2025-30.jpg\"\n               data-thumbnail=\"https:\/\/sp17.pl\/wp-content\/gallery\/2025-zakonczenie-klas-osmych-_-ten-album\/thumbs\/thumbs_zakonczenie-klas8_2025-30.jpg\"\n               data-image-id=\"4129\"\n               data-title=\"zakonczenie-klas8_2025-30\"\n               data-description=\"\"\n               data-image-slug=\"zakonczenie-klas8_2025-30-1\"\n               class=\"ngg-simplelightbox\" rel=\"ddad9db1a1da75109d6ab446550cf375\">\n                <img\n                    title=\"zakonczenie-klas8_2025-30\"\n                    alt=\"zakonczenie-klas8_2025-30\"\n                    src=\"https:\/\/sp17.pl\/wp-content\/gallery\/2025-zakonczenie-klas-osmych-_-ten-album\/thumbs\/thumbs_zakonczenie-klas8_2025-30.jpg\"\n                    width=\"240\"\n                    height=\"160\"\n                    style=\"max-width:100%;\"\n                \/>\n            <\/a>\n        <\/div>\n\t\t\t\t\t\t\t<\/div> \n\t\t\t\n\t\t\t\t<div id=\"ngg-image-7\" class=\"ngg-gallery-thumbnail-box ngg-3-columns\" >\n\t\t\t\t        <div class=\"ngg-gallery-thumbnail\">\n            <a href=\"https:\/\/sp17.pl\/wp-content\/gallery\/2025-zakonczenie-klas-osmych-_-ten-album\/zakonczenie-klas8_2025-36.jpg\"\n               title=\"\"\n               data-src=\"https:\/\/sp17.pl\/wp-content\/gallery\/2025-zakonczenie-klas-osmych-_-ten-album\/zakonczenie-klas8_2025-36.jpg\"\n               data-thumbnail=\"https:\/\/sp17.pl\/wp-content\/gallery\/2025-zakonczenie-klas-osmych-_-ten-album\/thumbs\/thumbs_zakonczenie-klas8_2025-36.jpg\"\n               data-image-id=\"4130\"\n               data-title=\"zakonczenie-klas8_2025-36\"\n               data-description=\"\"\n               data-image-slug=\"zakonczenie-klas8_2025-36-1\"\n               class=\"ngg-simplelightbox\" rel=\"ddad9db1a1da75109d6ab446550cf375\">\n                <img\n                    title=\"zakonczenie-klas8_2025-36\"\n                    alt=\"zakonczenie-klas8_2025-36\"\n                    src=\"https:\/\/sp17.pl\/wp-content\/gallery\/2025-zakonczenie-klas-osmych-_-ten-album\/thumbs\/thumbs_zakonczenie-klas8_2025-36.jpg\"\n                    width=\"240\"\n                    height=\"160\"\n                    style=\"max-width:100%;\"\n                \/>\n            <\/a>\n        <\/div>\n\t\t\t\t\t\t\t<\/div> \n\t\t\t\n\t\t\t\t<div id=\"ngg-image-8\" class=\"ngg-gallery-thumbnail-box ngg-3-columns\" >\n\t\t\t\t        <div class=\"ngg-gallery-thumbnail\">\n            <a href=\"https:\/\/sp17.pl\/wp-content\/gallery\/2025-zakonczenie-klas-osmych-_-ten-album\/zakonczenie-klas8_2025-38.jpg\"\n               title=\"\"\n               data-src=\"https:\/\/sp17.pl\/wp-content\/gallery\/2025-zakonczenie-klas-osmych-_-ten-album\/zakonczenie-klas8_2025-38.jpg\"\n               data-thumbnail=\"https:\/\/sp17.pl\/wp-content\/gallery\/2025-zakonczenie-klas-osmych-_-ten-album\/thumbs\/thumbs_zakonczenie-klas8_2025-38.jpg\"\n               data-image-id=\"4131\"\n               data-title=\"zakonczenie-klas8_2025-38\"\n               data-description=\"\"\n               data-image-slug=\"zakonczenie-klas8_2025-38-1\"\n               class=\"ngg-simplelightbox\" rel=\"ddad9db1a1da75109d6ab446550cf375\">\n                <img\n                    title=\"zakonczenie-klas8_2025-38\"\n                    alt=\"zakonczenie-klas8_2025-38\"\n                    src=\"https:\/\/sp17.pl\/wp-content\/gallery\/2025-zakonczenie-klas-osmych-_-ten-album\/thumbs\/thumbs_zakonczenie-klas8_2025-38.jpg\"\n                    width=\"240\"\n                    height=\"160\"\n                    style=\"max-width:100%;\"\n                \/>\n            <\/a>\n        <\/div>\n\t\t\t\t\t\t\t<\/div> \n\t\t\t\n\t\t\t\t<div id=\"ngg-image-9\" class=\"ngg-gallery-thumbnail-box ngg-3-columns\" >\n\t\t\t\t        <div class=\"ngg-gallery-thumbnail\">\n            <a href=\"https:\/\/sp17.pl\/wp-content\/gallery\/2025-zakonczenie-klas-osmych-_-ten-album\/zakonczenie-klas8_2025-40.jpg\"\n               title=\"\"\n               data-src=\"https:\/\/sp17.pl\/wp-content\/gallery\/2025-zakonczenie-klas-osmych-_-ten-album\/zakonczenie-klas8_2025-40.jpg\"\n               data-thumbnail=\"https:\/\/sp17.pl\/wp-content\/gallery\/2025-zakonczenie-klas-osmych-_-ten-album\/thumbs\/thumbs_zakonczenie-klas8_2025-40.jpg\"\n               data-image-id=\"4132\"\n               data-title=\"zakonczenie-klas8_2025-40\"\n               data-description=\"\"\n               data-image-slug=\"zakonczenie-klas8_2025-40-1\"\n               class=\"ngg-simplelightbox\" rel=\"ddad9db1a1da75109d6ab446550cf375\">\n                <img\n                    title=\"zakonczenie-klas8_2025-40\"\n                    alt=\"zakonczenie-klas8_2025-40\"\n                    src=\"https:\/\/sp17.pl\/wp-content\/gallery\/2025-zakonczenie-klas-osmych-_-ten-album\/thumbs\/thumbs_zakonczenie-klas8_2025-40.jpg\"\n                    width=\"240\"\n                    height=\"160\"\n                    style=\"max-width:100%;\"\n                \/>\n            <\/a>\n        <\/div>\n\t\t\t\t\t\t\t<\/div> \n\t\t\t\n\t\t\t\t<div id=\"ngg-image-10\" class=\"ngg-gallery-thumbnail-box ngg-3-columns\" >\n\t\t\t\t        <div class=\"ngg-gallery-thumbnail\">\n            <a href=\"https:\/\/sp17.pl\/wp-content\/gallery\/2025-zakonczenie-klas-osmych-_-ten-album\/zakonczenie-klas8_2025-43.jpg\"\n               title=\"\"\n               data-src=\"https:\/\/sp17.pl\/wp-content\/gallery\/2025-zakonczenie-klas-osmych-_-ten-album\/zakonczenie-klas8_2025-43.jpg\"\n               data-thumbnail=\"https:\/\/sp17.pl\/wp-content\/gallery\/2025-zakonczenie-klas-osmych-_-ten-album\/thumbs\/thumbs_zakonczenie-klas8_2025-43.jpg\"\n               data-image-id=\"4133\"\n               data-title=\"zakonczenie-klas8_2025-43\"\n               data-description=\"\"\n               data-image-slug=\"zakonczenie-klas8_2025-43-1\"\n               class=\"ngg-simplelightbox\" rel=\"ddad9db1a1da75109d6ab446550cf375\">\n                <img\n                    title=\"zakonczenie-klas8_2025-43\"\n                    alt=\"zakonczenie-klas8_2025-43\"\n                    src=\"https:\/\/sp17.pl\/wp-content\/gallery\/2025-zakonczenie-klas-osmych-_-ten-album\/thumbs\/thumbs_zakonczenie-klas8_2025-43.jpg\"\n                    width=\"240\"\n                    height=\"160\"\n                    style=\"max-width:100%;\"\n                \/>\n            <\/a>\n        <\/div>\n\t\t\t\t\t\t\t<\/div> \n\t\t\t\n\t\t\t\t<div id=\"ngg-image-11\" class=\"ngg-gallery-thumbnail-box ngg-3-columns\" >\n\t\t\t\t        <div class=\"ngg-gallery-thumbnail\">\n            <a href=\"https:\/\/sp17.pl\/wp-content\/gallery\/2025-zakonczenie-klas-osmych-_-ten-album\/zakonczenie-klas8_2025-48.jpg\"\n               title=\"\"\n               data-src=\"https:\/\/sp17.pl\/wp-content\/gallery\/2025-zakonczenie-klas-osmych-_-ten-album\/zakonczenie-klas8_2025-48.jpg\"\n               data-thumbnail=\"https:\/\/sp17.pl\/wp-content\/gallery\/2025-zakonczenie-klas-osmych-_-ten-album\/thumbs\/thumbs_zakonczenie-klas8_2025-48.jpg\"\n               data-image-id=\"4134\"\n               data-title=\"zakonczenie-klas8_2025-48\"\n               data-description=\"\"\n               data-image-slug=\"zakonczenie-klas8_2025-48-1\"\n               class=\"ngg-simplelightbox\" rel=\"ddad9db1a1da75109d6ab446550cf375\">\n                <img\n                    title=\"zakonczenie-klas8_2025-48\"\n                    alt=\"zakonczenie-klas8_2025-48\"\n                    src=\"https:\/\/sp17.pl\/wp-content\/gallery\/2025-zakonczenie-klas-osmych-_-ten-album\/thumbs\/thumbs_zakonczenie-klas8_2025-48.jpg\"\n                    width=\"240\"\n                    height=\"160\"\n                    style=\"max-width:100%;\"\n                \/>\n            <\/a>\n        <\/div>\n\t\t\t\t\t\t\t<\/div> \n\t\t\t\n\t\t\t\t<div id=\"ngg-image-12\" class=\"ngg-gallery-thumbnail-box ngg-3-columns\" >\n\t\t\t\t        <div class=\"ngg-gallery-thumbnail\">\n            <a href=\"https:\/\/sp17.pl\/wp-content\/gallery\/2025-zakonczenie-klas-osmych-_-ten-album\/zakonczenie-klas8_2025-51.jpg\"\n               title=\"\"\n               data-src=\"https:\/\/sp17.pl\/wp-content\/gallery\/2025-zakonczenie-klas-osmych-_-ten-album\/zakonczenie-klas8_2025-51.jpg\"\n               data-thumbnail=\"https:\/\/sp17.pl\/wp-content\/gallery\/2025-zakonczenie-klas-osmych-_-ten-album\/thumbs\/thumbs_zakonczenie-klas8_2025-51.jpg\"\n               data-image-id=\"4135\"\n               data-title=\"zakonczenie-klas8_2025-51\"\n               data-description=\"\"\n               data-image-slug=\"zakonczenie-klas8_2025-51-1\"\n               class=\"ngg-simplelightbox\" rel=\"ddad9db1a1da75109d6ab446550cf375\">\n                <img\n                    title=\"zakonczenie-klas8_2025-51\"\n                    alt=\"zakonczenie-klas8_2025-51\"\n                    src=\"https:\/\/sp17.pl\/wp-content\/gallery\/2025-zakonczenie-klas-osmych-_-ten-album\/thumbs\/thumbs_zakonczenie-klas8_2025-51.jpg\"\n                    width=\"240\"\n                    height=\"160\"\n                    style=\"max-width:100%;\"\n                \/>\n            <\/a>\n        <\/div>\n\t\t\t\t\t\t\t<\/div> \n\t\t\t\n\t\t\t\t<div id=\"ngg-image-13\" class=\"ngg-gallery-thumbnail-box ngg-3-columns\" >\n\t\t\t\t        <div class=\"ngg-gallery-thumbnail\">\n            <a href=\"https:\/\/sp17.pl\/wp-content\/gallery\/2025-zakonczenie-klas-osmych-_-ten-album\/zakonczenie-klas8_2025-57.jpg\"\n               title=\"\"\n               data-src=\"https:\/\/sp17.pl\/wp-content\/gallery\/2025-zakonczenie-klas-osmych-_-ten-album\/zakonczenie-klas8_2025-57.jpg\"\n               data-thumbnail=\"https:\/\/sp17.pl\/wp-content\/gallery\/2025-zakonczenie-klas-osmych-_-ten-album\/thumbs\/thumbs_zakonczenie-klas8_2025-57.jpg\"\n               data-image-id=\"4136\"\n               data-title=\"zakonczenie-klas8_2025-57\"\n               data-description=\"\"\n               data-image-slug=\"zakonczenie-klas8_2025-57-1\"\n               class=\"ngg-simplelightbox\" rel=\"ddad9db1a1da75109d6ab446550cf375\">\n                <img\n                    title=\"zakonczenie-klas8_2025-57\"\n                    alt=\"zakonczenie-klas8_2025-57\"\n                    src=\"https:\/\/sp17.pl\/wp-content\/gallery\/2025-zakonczenie-klas-osmych-_-ten-album\/thumbs\/thumbs_zakonczenie-klas8_2025-57.jpg\"\n                    width=\"240\"\n                    height=\"160\"\n                    style=\"max-width:100%;\"\n                \/>\n            <\/a>\n        <\/div>\n\t\t\t\t\t\t\t<\/div> \n\t\t\t\n\t\t\t\t<div id=\"ngg-image-14\" class=\"ngg-gallery-thumbnail-box ngg-3-columns\" >\n\t\t\t\t        <div class=\"ngg-gallery-thumbnail\">\n            <a href=\"https:\/\/sp17.pl\/wp-content\/gallery\/2025-zakonczenie-klas-osmych-_-ten-album\/zakonczenie-klas8_2025-59.jpg\"\n               title=\"\"\n               data-src=\"https:\/\/sp17.pl\/wp-content\/gallery\/2025-zakonczenie-klas-osmych-_-ten-album\/zakonczenie-klas8_2025-59.jpg\"\n               data-thumbnail=\"https:\/\/sp17.pl\/wp-content\/gallery\/2025-zakonczenie-klas-osmych-_-ten-album\/thumbs\/thumbs_zakonczenie-klas8_2025-59.jpg\"\n               data-image-id=\"4137\"\n               data-title=\"zakonczenie-klas8_2025-59\"\n               data-description=\"\"\n               data-image-slug=\"zakonczenie-klas8_2025-59-1\"\n               class=\"ngg-simplelightbox\" rel=\"ddad9db1a1da75109d6ab446550cf375\">\n                <img\n                    title=\"zakonczenie-klas8_2025-59\"\n                    alt=\"zakonczenie-klas8_2025-59\"\n                    src=\"https:\/\/sp17.pl\/wp-content\/gallery\/2025-zakonczenie-klas-osmych-_-ten-album\/thumbs\/thumbs_zakonczenie-klas8_2025-59.jpg\"\n                    width=\"240\"\n                    height=\"160\"\n                    style=\"max-width:100%;\"\n                \/>\n            <\/a>\n        <\/div>\n\t\t\t\t\t\t\t<\/div> \n\t\t\t\n\t\t\t\t<div id=\"ngg-image-15\" class=\"ngg-gallery-thumbnail-box ngg-3-columns\" >\n\t\t\t\t        <div class=\"ngg-gallery-thumbnail\">\n            <a href=\"https:\/\/sp17.pl\/wp-content\/gallery\/2025-zakonczenie-klas-osmych-_-ten-album\/zakonczenie-klas8_2025-61.jpg\"\n               title=\"\"\n               data-src=\"https:\/\/sp17.pl\/wp-content\/gallery\/2025-zakonczenie-klas-osmych-_-ten-album\/zakonczenie-klas8_2025-61.jpg\"\n               data-thumbnail=\"https:\/\/sp17.pl\/wp-content\/gallery\/2025-zakonczenie-klas-osmych-_-ten-album\/thumbs\/thumbs_zakonczenie-klas8_2025-61.jpg\"\n               data-image-id=\"4138\"\n               data-title=\"zakonczenie-klas8_2025-61\"\n               data-description=\"\"\n               data-image-slug=\"zakonczenie-klas8_2025-61-1\"\n               class=\"ngg-simplelightbox\" rel=\"ddad9db1a1da75109d6ab446550cf375\">\n                <img\n                    title=\"zakonczenie-klas8_2025-61\"\n                    alt=\"zakonczenie-klas8_2025-61\"\n                    src=\"https:\/\/sp17.pl\/wp-content\/gallery\/2025-zakonczenie-klas-osmych-_-ten-album\/thumbs\/thumbs_zakonczenie-klas8_2025-61.jpg\"\n                    width=\"240\"\n                    height=\"160\"\n                    style=\"max-width:100%;\"\n                \/>\n            <\/a>\n        <\/div>\n\t\t\t\t\t\t\t<\/div> \n\t\t\t\n\t\t\t\t<div id=\"ngg-image-16\" class=\"ngg-gallery-thumbnail-box ngg-3-columns\" >\n\t\t\t\t        <div class=\"ngg-gallery-thumbnail\">\n            <a href=\"https:\/\/sp17.pl\/wp-content\/gallery\/2025-zakonczenie-klas-osmych-_-ten-album\/zakonczenie-klas8_2025-63.jpg\"\n               title=\"\"\n               data-src=\"https:\/\/sp17.pl\/wp-content\/gallery\/2025-zakonczenie-klas-osmych-_-ten-album\/zakonczenie-klas8_2025-63.jpg\"\n               data-thumbnail=\"https:\/\/sp17.pl\/wp-content\/gallery\/2025-zakonczenie-klas-osmych-_-ten-album\/thumbs\/thumbs_zakonczenie-klas8_2025-63.jpg\"\n               data-image-id=\"4139\"\n               data-title=\"zakonczenie-klas8_2025-63\"\n               data-description=\"\"\n               data-image-slug=\"zakonczenie-klas8_2025-63-1\"\n               class=\"ngg-simplelightbox\" rel=\"ddad9db1a1da75109d6ab446550cf375\">\n                <img\n                    title=\"zakonczenie-klas8_2025-63\"\n                    alt=\"zakonczenie-klas8_2025-63\"\n                    src=\"https:\/\/sp17.pl\/wp-content\/gallery\/2025-zakonczenie-klas-osmych-_-ten-album\/thumbs\/thumbs_zakonczenie-klas8_2025-63.jpg\"\n                    width=\"240\"\n                    height=\"160\"\n                    style=\"max-width:100%;\"\n                \/>\n            <\/a>\n        <\/div>\n\t\t\t\t\t\t\t<\/div> \n\t\t\t\n\t\t\t\t<div id=\"ngg-image-17\" class=\"ngg-gallery-thumbnail-box ngg-3-columns\" >\n\t\t\t\t        <div class=\"ngg-gallery-thumbnail\">\n            <a href=\"https:\/\/sp17.pl\/wp-content\/gallery\/2025-zakonczenie-klas-osmych-_-ten-album\/zakonczenie-klas8_2025-67.jpg\"\n               title=\"\"\n               data-src=\"https:\/\/sp17.pl\/wp-content\/gallery\/2025-zakonczenie-klas-osmych-_-ten-album\/zakonczenie-klas8_2025-67.jpg\"\n               data-thumbnail=\"https:\/\/sp17.pl\/wp-content\/gallery\/2025-zakonczenie-klas-osmych-_-ten-album\/thumbs\/thumbs_zakonczenie-klas8_2025-67.jpg\"\n               data-image-id=\"4140\"\n               data-title=\"zakonczenie-klas8_2025-67\"\n               data-description=\"\"\n               data-image-slug=\"zakonczenie-klas8_2025-67-1\"\n               class=\"ngg-simplelightbox\" rel=\"ddad9db1a1da75109d6ab446550cf375\">\n                <img\n                    title=\"zakonczenie-klas8_2025-67\"\n                    alt=\"zakonczenie-klas8_2025-67\"\n                    src=\"https:\/\/sp17.pl\/wp-content\/gallery\/2025-zakonczenie-klas-osmych-_-ten-album\/thumbs\/thumbs_zakonczenie-klas8_2025-67.jpg\"\n                    width=\"240\"\n                    height=\"160\"\n                    style=\"max-width:100%;\"\n                \/>\n            <\/a>\n        <\/div>\n\t\t\t\t\t\t\t<\/div> \n\t\t\t\n\t\t\t\t<div id=\"ngg-image-18\" class=\"ngg-gallery-thumbnail-box ngg-3-columns\" >\n\t\t\t\t        <div class=\"ngg-gallery-thumbnail\">\n            <a href=\"https:\/\/sp17.pl\/wp-content\/gallery\/2025-zakonczenie-klas-osmych-_-ten-album\/zakonczenie-klas8_2025-68.jpg\"\n               title=\"\"\n               data-src=\"https:\/\/sp17.pl\/wp-content\/gallery\/2025-zakonczenie-klas-osmych-_-ten-album\/zakonczenie-klas8_2025-68.jpg\"\n               data-thumbnail=\"https:\/\/sp17.pl\/wp-content\/gallery\/2025-zakonczenie-klas-osmych-_-ten-album\/thumbs\/thumbs_zakonczenie-klas8_2025-68.jpg\"\n               data-image-id=\"4141\"\n               data-title=\"zakonczenie-klas8_2025-68\"\n               data-description=\"\"\n               data-image-slug=\"zakonczenie-klas8_2025-68-1\"\n               class=\"ngg-simplelightbox\" rel=\"ddad9db1a1da75109d6ab446550cf375\">\n                <img\n                    title=\"zakonczenie-klas8_2025-68\"\n                    alt=\"zakonczenie-klas8_2025-68\"\n                    src=\"https:\/\/sp17.pl\/wp-content\/gallery\/2025-zakonczenie-klas-osmych-_-ten-album\/thumbs\/thumbs_zakonczenie-klas8_2025-68.jpg\"\n                    width=\"240\"\n                    height=\"160\"\n                    style=\"max-width:100%;\"\n                \/>\n            <\/a>\n        <\/div>\n\t\t\t\t\t\t\t<\/div> \n\t\t\t\n\t\t\t\t<div id=\"ngg-image-19\" class=\"ngg-gallery-thumbnail-box ngg-3-columns\" >\n\t\t\t\t        <div class=\"ngg-gallery-thumbnail\">\n            <a href=\"https:\/\/sp17.pl\/wp-content\/gallery\/2025-zakonczenie-klas-osmych-_-ten-album\/zakonczenie-klas8_2025-70.jpg\"\n               title=\"\"\n               data-src=\"https:\/\/sp17.pl\/wp-content\/gallery\/2025-zakonczenie-klas-osmych-_-ten-album\/zakonczenie-klas8_2025-70.jpg\"\n               data-thumbnail=\"https:\/\/sp17.pl\/wp-content\/gallery\/2025-zakonczenie-klas-osmych-_-ten-album\/thumbs\/thumbs_zakonczenie-klas8_2025-70.jpg\"\n               data-image-id=\"4142\"\n               data-title=\"zakonczenie-klas8_2025-70\"\n               data-description=\"\"\n               data-image-slug=\"zakonczenie-klas8_2025-70-1\"\n               class=\"ngg-simplelightbox\" rel=\"ddad9db1a1da75109d6ab446550cf375\">\n                <img\n                    title=\"zakonczenie-klas8_2025-70\"\n                    alt=\"zakonczenie-klas8_2025-70\"\n                    src=\"https:\/\/sp17.pl\/wp-content\/gallery\/2025-zakonczenie-klas-osmych-_-ten-album\/thumbs\/thumbs_zakonczenie-klas8_2025-70.jpg\"\n                    width=\"240\"\n                    height=\"160\"\n                    style=\"max-width:100%;\"\n                \/>\n            <\/a>\n        <\/div>\n\t\t\t\t\t\t\t<\/div> \n\t\t\t\n\t\t\t\t<div id=\"ngg-image-20\" class=\"ngg-gallery-thumbnail-box ngg-3-columns\" >\n\t\t\t\t        <div class=\"ngg-gallery-thumbnail\">\n            <a href=\"https:\/\/sp17.pl\/wp-content\/gallery\/2025-zakonczenie-klas-osmych-_-ten-album\/zakonczenie-klas8_2025-71.jpg\"\n               title=\"\"\n               data-src=\"https:\/\/sp17.pl\/wp-content\/gallery\/2025-zakonczenie-klas-osmych-_-ten-album\/zakonczenie-klas8_2025-71.jpg\"\n               data-thumbnail=\"https:\/\/sp17.pl\/wp-content\/gallery\/2025-zakonczenie-klas-osmych-_-ten-album\/thumbs\/thumbs_zakonczenie-klas8_2025-71.jpg\"\n               data-image-id=\"4143\"\n               data-title=\"zakonczenie-klas8_2025-71\"\n               data-description=\"\"\n               data-image-slug=\"zakonczenie-klas8_2025-71-1\"\n               class=\"ngg-simplelightbox\" rel=\"ddad9db1a1da75109d6ab446550cf375\">\n                <img\n                    title=\"zakonczenie-klas8_2025-71\"\n                    alt=\"zakonczenie-klas8_2025-71\"\n                    src=\"https:\/\/sp17.pl\/wp-content\/gallery\/2025-zakonczenie-klas-osmych-_-ten-album\/thumbs\/thumbs_zakonczenie-klas8_2025-71.jpg\"\n                    width=\"240\"\n                    height=\"160\"\n                    style=\"max-width:100%;\"\n                \/>\n            <\/a>\n        <\/div>\n\t\t\t\t\t\t\t<\/div> \n\t\t\t\n\t\t\t\t<div id=\"ngg-image-21\" class=\"ngg-gallery-thumbnail-box ngg-3-columns\" >\n\t\t\t\t        <div class=\"ngg-gallery-thumbnail\">\n            <a href=\"https:\/\/sp17.pl\/wp-content\/gallery\/2025-zakonczenie-klas-osmych-_-ten-album\/zakonczenie-klas8_2025-72.jpg\"\n               title=\"\"\n               data-src=\"https:\/\/sp17.pl\/wp-content\/gallery\/2025-zakonczenie-klas-osmych-_-ten-album\/zakonczenie-klas8_2025-72.jpg\"\n               data-thumbnail=\"https:\/\/sp17.pl\/wp-content\/gallery\/2025-zakonczenie-klas-osmych-_-ten-album\/thumbs\/thumbs_zakonczenie-klas8_2025-72.jpg\"\n               data-image-id=\"4144\"\n               data-title=\"zakonczenie-klas8_2025-72\"\n               data-description=\"\"\n               data-image-slug=\"zakonczenie-klas8_2025-72-1\"\n               class=\"ngg-simplelightbox\" rel=\"ddad9db1a1da75109d6ab446550cf375\">\n                <img\n                    title=\"zakonczenie-klas8_2025-72\"\n                    alt=\"zakonczenie-klas8_2025-72\"\n                    src=\"https:\/\/sp17.pl\/wp-content\/gallery\/2025-zakonczenie-klas-osmych-_-ten-album\/thumbs\/thumbs_zakonczenie-klas8_2025-72.jpg\"\n                    width=\"240\"\n                    height=\"160\"\n                    style=\"max-width:100%;\"\n                \/>\n            <\/a>\n        <\/div>\n\t\t\t\t\t\t\t<\/div> \n\t\t\t\n\t\t\t\t<div id=\"ngg-image-22\" class=\"ngg-gallery-thumbnail-box ngg-3-columns\" >\n\t\t\t\t        <div class=\"ngg-gallery-thumbnail\">\n            <a href=\"https:\/\/sp17.pl\/wp-content\/gallery\/2025-zakonczenie-klas-osmych-_-ten-album\/zakonczenie-klas8_2025-73.jpg\"\n               title=\"\"\n               data-src=\"https:\/\/sp17.pl\/wp-content\/gallery\/2025-zakonczenie-klas-osmych-_-ten-album\/zakonczenie-klas8_2025-73.jpg\"\n               data-thumbnail=\"https:\/\/sp17.pl\/wp-content\/gallery\/2025-zakonczenie-klas-osmych-_-ten-album\/thumbs\/thumbs_zakonczenie-klas8_2025-73.jpg\"\n               data-image-id=\"4145\"\n               data-title=\"zakonczenie-klas8_2025-73\"\n               data-description=\"\"\n               data-image-slug=\"zakonczenie-klas8_2025-73-1\"\n               class=\"ngg-simplelightbox\" rel=\"ddad9db1a1da75109d6ab446550cf375\">\n                <img\n                    title=\"zakonczenie-klas8_2025-73\"\n                    alt=\"zakonczenie-klas8_2025-73\"\n                    src=\"https:\/\/sp17.pl\/wp-content\/gallery\/2025-zakonczenie-klas-osmych-_-ten-album\/thumbs\/thumbs_zakonczenie-klas8_2025-73.jpg\"\n                    width=\"240\"\n                    height=\"160\"\n                    style=\"max-width:100%;\"\n                \/>\n            <\/a>\n        <\/div>\n\t\t\t\t\t\t\t<\/div> \n\t\t\t\n\t\t\t\t<div id=\"ngg-image-23\" class=\"ngg-gallery-thumbnail-box ngg-3-columns\" >\n\t\t\t\t        <div class=\"ngg-gallery-thumbnail\">\n            <a href=\"https:\/\/sp17.pl\/wp-content\/gallery\/2025-zakonczenie-klas-osmych-_-ten-album\/zakonczenie-klas8_2025-74.jpg\"\n               title=\"\"\n               data-src=\"https:\/\/sp17.pl\/wp-content\/gallery\/2025-zakonczenie-klas-osmych-_-ten-album\/zakonczenie-klas8_2025-74.jpg\"\n               data-thumbnail=\"https:\/\/sp17.pl\/wp-content\/gallery\/2025-zakonczenie-klas-osmych-_-ten-album\/thumbs\/thumbs_zakonczenie-klas8_2025-74.jpg\"\n               data-image-id=\"4146\"\n               data-title=\"zakonczenie-klas8_2025-74\"\n               data-description=\"\"\n               data-image-slug=\"zakonczenie-klas8_2025-74-1\"\n               class=\"ngg-simplelightbox\" rel=\"ddad9db1a1da75109d6ab446550cf375\">\n                <img\n                    title=\"zakonczenie-klas8_2025-74\"\n                    alt=\"zakonczenie-klas8_2025-74\"\n                    src=\"https:\/\/sp17.pl\/wp-content\/gallery\/2025-zakonczenie-klas-osmych-_-ten-album\/thumbs\/thumbs_zakonczenie-klas8_2025-74.jpg\"\n                    width=\"240\"\n                    height=\"160\"\n                    style=\"max-width:100%;\"\n                \/>\n            <\/a>\n        <\/div>\n\t\t\t\t\t\t\t<\/div> \n\t\t\t\n\t\n\t<br style=\"clear: both\" \/>\n\n\t\n\t\t<!-- Pagination -->\n\t<div class='ngg-clear'><\/div>\t<\/div>\n\n","protected":false},"excerpt":{"rendered":"<p>Dnia 26 czerwca 2025 r. w Regionalnym Centrum Animacji Kultury przy ul. Sienkiewicza odby\u0142a si\u0119 wzruszaj\u0105ca uroczysto\u015b\u0107 zako\u0144czenia roku szkolnego i po\u017cegnania naszych wspania\u0142ych \u00f3smoklasist\u00f3w. To by\u0142 wyj\u0105tkowy dzie\u0144, pe\u0142en wzrusze\u0144, podzi\u0119kowa\u0144 i rado\u015bci z nadchodz\u0105cych wakacji. Nasi absolwenci, elegancko ubrani i pe\u0142ni emocji, po raz ostatni zasiedli razem, by celebrowa\u0107 ten wa\u017cny moment. By\u0142y &hellip;<\/p>\n<p class=\"read-more\"> <a class=\"\" href=\"https:\/\/sp17.pl\/?p=11597\"> <span class=\"screen-reader-text\">ZAKO\u0143CZENIE SZKO\u0141Y DLA \u00d3SMOKLASIST\u00d3W<\/span> Czytaj wi\u0119cej<\/a><\/p>\n","protected":false},"author":1,"featured_media":11598,"comment_status":"closed","ping_status":"open","sticky":false,"template":"","format":"standard","meta":{"ngg_post_thumbnail":0,"site-sidebar-layout":"default","site-content-layout":"","ast-site-content-layout":"","site-content-style":"default","site-sidebar-style":"default","ast-global-header-display":"","ast-banner-title-visibility":"","ast-main-header-display":"","ast-hfb-above-header-display":"","ast-hfb-below-header-display":"","ast-hfb-mobile-header-display":"","site-post-title":"","ast-breadcrumbs-content":"","ast-featured-img":"","footer-sml-layout":"","theme-transparent-header-meta":"","adv-header-id-meta":"","stick-header-meta":"","header-above-stick-meta":"","header-main-stick-meta":"","header-below-stick-meta":"","astra-migrate-meta-layouts":"default","ast-page-background-enabled":"default","ast-page-background-meta":{"desktop":{"background-color":"var(--ast-global-color-4)","background-image":"","background-repeat":"repeat","background-position":"center center","background-size":"auto","background-attachment":"scroll","background-type":"","background-media":"","overlay-type":"","overlay-color":"","overlay-gradient":""},"tablet":{"background-color":"","background-image":"","background-repeat":"repeat","background-position":"center center","background-size":"auto","background-attachment":"scroll","background-type":"","background-media":"","overlay-type":"","overlay-color":"","overlay-gradient":""},"mobile":{"background-color":"","background-image":"","background-repeat":"repeat","background-position":"center center","background-size":"auto","background-attachment":"scroll","background-type":"","background-media":"","overlay-type":"","overlay-color":"","overlay-gradient":""}},"ast-content-background-meta":{"desktop":{"background-color":"var(--ast-global-color-5)","background-image":"","background-repeat":"repeat","background-position":"center center","background-size":"auto","background-attachment":"scroll","background-type":"","background-media":"","overlay-type":"","overlay-color":"","overlay-gradient":""},"tablet":{"background-color":"var(--ast-global-color-5)","background-image":"","background-repeat":"repeat","background-position":"center center","background-size":"auto","background-attachment":"scroll","background-type":"","background-media":"","overlay-type":"","overlay-color":"","overlay-gradient":""},"mobile":{"background-color":"var(--ast-global-color-5)","background-image":"","background-repeat":"repeat","background-position":"center center","background-size":"auto","background-attachment":"scroll","background-type":"","background-media":"","overlay-type":"","overlay-color":"","overlay-gradient":""}},"footnotes":""},"categories":[12,6],"tags":[],"_links":{"self":[{"href":"https:\/\/sp17.pl\/index.php?rest_route=\/wp\/v2\/posts\/11597"}],"collection":[{"href":"https:\/\/sp17.pl\/index.php?rest_route=\/wp\/v2\/posts"}],"about":[{"href":"https:\/\/sp17.pl\/index.php?rest_route=\/wp\/v2\/types\/post"}],"author":[{"embeddable":true,"href":"https:\/\/sp17.pl\/index.php?rest_route=\/wp\/v2\/users\/1"}],"replies":[{"embeddable":true,"href":"https:\/\/sp17.pl\/index.php?rest_route=%2Fwp%2Fv2%2Fcomments&post=11597"}],"version-history":[{"count":4,"href":"https:\/\/sp17.pl\/index.php?rest_route=\/wp\/v2\/posts\/11597\/revisions"}],"predecessor-version":[{"id":11719,"href":"https:\/\/sp17.pl\/index.php?rest_route=\/wp\/v2\/posts\/11597\/revisions\/11719"}],"wp:featuredmedia":[{"embeddable":true,"href":"https:\/\/sp17.pl\/index.php?rest_route=\/wp\/v2\/media\/11598"}],"wp:attachment":[{"href":"https:\/\/sp17.pl\/index.php?rest_route=%2Fwp%2Fv2%2Fmedia&parent=11597"}],"wp:term":[{"taxonomy":"category","embeddable":true,"href":"https:\/\/sp17.pl\/index.php?rest_route=%2Fwp%2Fv2%2Fcategories&post=11597"},{"taxonomy":"post_tag","embeddable":true,"href":"https:\/\/sp17.pl\/index.php?rest_route=%2Fwp%2Fv2%2Ftags&post=11597"}],"curies":[{"name":"wp","href":"https:\/\/api.w.org\/{rel}","templated":true}]}}