{"id":11837,"date":"2025-09-30T22:19:28","date_gmt":"2025-09-30T20:19:28","guid":{"rendered":"https:\/\/sp17.pl\/?p=11837"},"modified":"2025-09-30T22:21:13","modified_gmt":"2025-09-30T20:21:13","slug":"dzien-jezykow-obcych-4","status":"publish","type":"post","link":"https:\/\/sp17.pl\/?p=11837","title":{"rendered":"DZIE\u0143 J\u0118ZYK\u00d3W OBCYCH"},"content":{"rendered":"<h5 style=\"text-align: justify;\"><span style=\"font-weight: 400;\">Tegoroczne \u015bwi\u0119to z okazji Dnia J\u0119zyk\u00f3w Obcych&nbsp; by\u0142o pe\u0142ne kolor\u00f3w, rado\u015bci i pozytywnej energii!&nbsp; Ka\u017cda klasa wylosowa\u0142a <\/span><b>kraj<\/b><span style=\"font-weight: 400;\">, kt\u00f3ry nast\u0119pnie prezentowa\u0142a poprzez <\/span><b>stroje, plakaty i ciekawostki<\/b><span style=\"font-weight: 400;\">. Dzi\u0119ki temu mogli\u015bmy odby\u0107 ma\u0142\u0105 podr\u00f3\u017c dooko\u0142a \u015bwiata, nie ruszaj\u0105c si\u0119 ze szko\u0142y. Stroje przygotowali najm\u0142odsi &#8211; uczniowie klas 1-3 z pomoc\u0105 i wielkim zaanga\u017cowaniem rodzic\u00f3w. Du\u017co formatowe plakaty &#8211; kola\u017ce by\u0142y efektem pracy zespo\u0142owej klas 4-7. Ka\u017cda klasa wsp\u00f3lnie stworzy\u0142a jedno dzie\u0142o, \u0142\u0105cz\u0105ce pojedynczo wykonane przez ka\u017cdego w klasie&nbsp; rysunki i ilustracje na temat danego kraju. By\u0142y tez plakaty indywidualne, zawieraj\u0105ce r\u00f3\u017cne ciekawostki ze \u015bwiata. <strong>Mo\u017cecie je obecnie ogl\u0105da\u0107 na szkolnych korytarzach<\/strong>. Wszystkie przykuwaj\u0105 uwag\u0119 na d\u0142u\u017cej!<\/span><\/h5>\n<h5 style=\"text-align: justify;\"><span style=\"font-weight: 400;\">Nie zabrak\u0142o te\u017c <\/span><b>quiz\u00f3w j\u0119zykowych<\/b><span style=\"font-weight: 400;\">, kt\u00f3re sprawdzi\u0142y wiedz\u0119 i spryt uczestnik\u00f3w. Na scenie podziwiali\u015bmy <\/span><b>pokaz mody inspirowany kulturami \u015bwiata<\/b><span style=\"font-weight: 400;\">, a rytmiczna <\/span><b>muzyka i wsp\u00f3lny taniec<\/b><span style=\"font-weight: 400;\"> sprawi\u0142y, \u017ce wszyscy dali si\u0119 porwa\u0107 wspania\u0142ej zabawie.&nbsp;<\/span><\/h5>\n<h5><span style=\"font-weight: 400;\">Dzi\u0119kujemy uczniom i nauczycielom&nbsp; za ogromne zaanga\u017cowanie \u2013 to dzi\u0119ki Wam mogli\u015bmy prze\u017cy\u0107 tak pi\u0119kny i wyj\u0105tkowy dzie\u0144!<\/span><\/h5>\n<p>&nbsp;<\/p>\n<!-- default-view.php -->\n<div\n\tclass=\"ngg-galleryoverview default-view \"\n\tid=\"ngg-gallery-9aa3e7fc50034e0f63325c146a004b32-1\">\n\n\t\t<!-- Thumbnails -->\n\t\t\t\t<div id=\"ngg-image-0\" class=\"ngg-gallery-thumbnail-box ngg-3-columns\" >\n\t\t\t\t        <div class=\"ngg-gallery-thumbnail\">\n            <a href=\"https:\/\/sp17.pl\/wp-content\/gallery\/2025-dzien-jezykow\/72636417-05bc-4e6e-9f30-bbfe368186e4.jpg\"\n               title=\"\"\n               data-src=\"https:\/\/sp17.pl\/wp-content\/gallery\/2025-dzien-jezykow\/72636417-05bc-4e6e-9f30-bbfe368186e4.jpg\"\n               data-thumbnail=\"https:\/\/sp17.pl\/wp-content\/gallery\/2025-dzien-jezykow\/thumbs\/thumbs_72636417-05bc-4e6e-9f30-bbfe368186e4.jpg\"\n               data-image-id=\"4162\"\n               data-title=\"72636417-05bc-4e6e-9f30-bbfe368186e4\"\n               data-description=\"\"\n               data-image-slug=\"72636417-05bc-4e6e-9f30-bbfe368186e4\"\n               class=\"ngg-simplelightbox\" rel=\"9aa3e7fc50034e0f63325c146a004b32\">\n                <img\n                    title=\"72636417-05bc-4e6e-9f30-bbfe368186e4\"\n                    alt=\"72636417-05bc-4e6e-9f30-bbfe368186e4\"\n                    src=\"https:\/\/sp17.pl\/wp-content\/gallery\/2025-dzien-jezykow\/thumbs\/thumbs_72636417-05bc-4e6e-9f30-bbfe368186e4.jpg\"\n                    width=\"240\"\n                    height=\"160\"\n                    style=\"max-width:100%;\"\n                \/>\n            <\/a>\n        <\/div>\n\t\t\t\t\t\t\t<\/div> \n\t\t\t\n\t\t\t\t<div id=\"ngg-image-1\" class=\"ngg-gallery-thumbnail-box ngg-3-columns\" >\n\t\t\t\t        <div class=\"ngg-gallery-thumbnail\">\n            <a href=\"https:\/\/sp17.pl\/wp-content\/gallery\/2025-dzien-jezykow\/dzien-jezykow-26.09.2025-1.JPG\"\n               title=\"\"\n               data-src=\"https:\/\/sp17.pl\/wp-content\/gallery\/2025-dzien-jezykow\/dzien-jezykow-26.09.2025-1.JPG\"\n               data-thumbnail=\"https:\/\/sp17.pl\/wp-content\/gallery\/2025-dzien-jezykow\/thumbs\/thumbs_dzien-jezykow-26.09.2025-1.JPG\"\n               data-image-id=\"4163\"\n               data-title=\"dzien-jezykow-26.09.2025-1\"\n               data-description=\"\"\n               data-image-slug=\"dzien-jezykow-26-09-2025-1\"\n               class=\"ngg-simplelightbox\" rel=\"9aa3e7fc50034e0f63325c146a004b32\">\n                <img\n                    title=\"dzien-jezykow-26.09.2025-1\"\n                    alt=\"dzien-jezykow-26.09.2025-1\"\n                    src=\"https:\/\/sp17.pl\/wp-content\/gallery\/2025-dzien-jezykow\/thumbs\/thumbs_dzien-jezykow-26.09.2025-1.JPG\"\n                    width=\"240\"\n                    height=\"160\"\n                    style=\"max-width:100%;\"\n                \/>\n            <\/a>\n        <\/div>\n\t\t\t\t\t\t\t<\/div> \n\t\t\t\n\t\t\t\t<div id=\"ngg-image-2\" class=\"ngg-gallery-thumbnail-box ngg-3-columns\" >\n\t\t\t\t        <div class=\"ngg-gallery-thumbnail\">\n            <a href=\"https:\/\/sp17.pl\/wp-content\/gallery\/2025-dzien-jezykow\/dzien-jezykow-26.09.2025-2.JPG\"\n               title=\"\"\n               data-src=\"https:\/\/sp17.pl\/wp-content\/gallery\/2025-dzien-jezykow\/dzien-jezykow-26.09.2025-2.JPG\"\n               data-thumbnail=\"https:\/\/sp17.pl\/wp-content\/gallery\/2025-dzien-jezykow\/thumbs\/thumbs_dzien-jezykow-26.09.2025-2.JPG\"\n               data-image-id=\"4164\"\n               data-title=\"dzien-jezykow-26.09.2025-2\"\n               data-description=\"\"\n               data-image-slug=\"dzien-jezykow-26-09-2025-2\"\n               class=\"ngg-simplelightbox\" rel=\"9aa3e7fc50034e0f63325c146a004b32\">\n                <img\n                    title=\"dzien-jezykow-26.09.2025-2\"\n                    alt=\"dzien-jezykow-26.09.2025-2\"\n                    src=\"https:\/\/sp17.pl\/wp-content\/gallery\/2025-dzien-jezykow\/thumbs\/thumbs_dzien-jezykow-26.09.2025-2.JPG\"\n                    width=\"240\"\n                    height=\"160\"\n                    style=\"max-width:100%;\"\n                \/>\n            <\/a>\n        <\/div>\n\t\t\t\t\t\t\t<\/div> \n\t\t\t\n\t\t\t\t<div id=\"ngg-image-3\" class=\"ngg-gallery-thumbnail-box ngg-3-columns\" >\n\t\t\t\t        <div class=\"ngg-gallery-thumbnail\">\n            <a href=\"https:\/\/sp17.pl\/wp-content\/gallery\/2025-dzien-jezykow\/dzien-jezykow-26.09.2025-3.JPG\"\n               title=\"\"\n               data-src=\"https:\/\/sp17.pl\/wp-content\/gallery\/2025-dzien-jezykow\/dzien-jezykow-26.09.2025-3.JPG\"\n               data-thumbnail=\"https:\/\/sp17.pl\/wp-content\/gallery\/2025-dzien-jezykow\/thumbs\/thumbs_dzien-jezykow-26.09.2025-3.JPG\"\n               data-image-id=\"4165\"\n               data-title=\"dzien-jezykow-26.09.2025-3\"\n               data-description=\"\"\n               data-image-slug=\"dzien-jezykow-26-09-2025-3\"\n               class=\"ngg-simplelightbox\" rel=\"9aa3e7fc50034e0f63325c146a004b32\">\n                <img\n                    title=\"dzien-jezykow-26.09.2025-3\"\n                    alt=\"dzien-jezykow-26.09.2025-3\"\n                    src=\"https:\/\/sp17.pl\/wp-content\/gallery\/2025-dzien-jezykow\/thumbs\/thumbs_dzien-jezykow-26.09.2025-3.JPG\"\n                    width=\"240\"\n                    height=\"160\"\n                    style=\"max-width:100%;\"\n                \/>\n            <\/a>\n        <\/div>\n\t\t\t\t\t\t\t<\/div> \n\t\t\t\n\t\t\t\t<div id=\"ngg-image-4\" class=\"ngg-gallery-thumbnail-box ngg-3-columns\" >\n\t\t\t\t        <div class=\"ngg-gallery-thumbnail\">\n            <a href=\"https:\/\/sp17.pl\/wp-content\/gallery\/2025-dzien-jezykow\/dzien-jezykow-26.09.2025-4.JPG\"\n               title=\"\"\n               data-src=\"https:\/\/sp17.pl\/wp-content\/gallery\/2025-dzien-jezykow\/dzien-jezykow-26.09.2025-4.JPG\"\n               data-thumbnail=\"https:\/\/sp17.pl\/wp-content\/gallery\/2025-dzien-jezykow\/thumbs\/thumbs_dzien-jezykow-26.09.2025-4.JPG\"\n               data-image-id=\"4166\"\n               data-title=\"dzien-jezykow-26.09.2025-4\"\n               data-description=\"\"\n               data-image-slug=\"dzien-jezykow-26-09-2025-4\"\n               class=\"ngg-simplelightbox\" rel=\"9aa3e7fc50034e0f63325c146a004b32\">\n                <img\n                    title=\"dzien-jezykow-26.09.2025-4\"\n                    alt=\"dzien-jezykow-26.09.2025-4\"\n                    src=\"https:\/\/sp17.pl\/wp-content\/gallery\/2025-dzien-jezykow\/thumbs\/thumbs_dzien-jezykow-26.09.2025-4.JPG\"\n                    width=\"240\"\n                    height=\"160\"\n                    style=\"max-width:100%;\"\n                \/>\n            <\/a>\n        <\/div>\n\t\t\t\t\t\t\t<\/div> \n\t\t\t\n\t\t\t\t<div id=\"ngg-image-5\" class=\"ngg-gallery-thumbnail-box ngg-3-columns\" >\n\t\t\t\t        <div class=\"ngg-gallery-thumbnail\">\n            <a href=\"https:\/\/sp17.pl\/wp-content\/gallery\/2025-dzien-jezykow\/dzien-jezykow-26.09.2025-5.JPG\"\n               title=\"\"\n               data-src=\"https:\/\/sp17.pl\/wp-content\/gallery\/2025-dzien-jezykow\/dzien-jezykow-26.09.2025-5.JPG\"\n               data-thumbnail=\"https:\/\/sp17.pl\/wp-content\/gallery\/2025-dzien-jezykow\/thumbs\/thumbs_dzien-jezykow-26.09.2025-5.JPG\"\n               data-image-id=\"4167\"\n               data-title=\"dzien-jezykow-26.09.2025-5\"\n               data-description=\"\"\n               data-image-slug=\"dzien-jezykow-26-09-2025-5\"\n               class=\"ngg-simplelightbox\" rel=\"9aa3e7fc50034e0f63325c146a004b32\">\n                <img\n                    title=\"dzien-jezykow-26.09.2025-5\"\n                    alt=\"dzien-jezykow-26.09.2025-5\"\n                    src=\"https:\/\/sp17.pl\/wp-content\/gallery\/2025-dzien-jezykow\/thumbs\/thumbs_dzien-jezykow-26.09.2025-5.JPG\"\n                    width=\"240\"\n                    height=\"160\"\n                    style=\"max-width:100%;\"\n                \/>\n            <\/a>\n        <\/div>\n\t\t\t\t\t\t\t<\/div> \n\t\t\t\n\t\t\t\t<div id=\"ngg-image-6\" class=\"ngg-gallery-thumbnail-box ngg-3-columns\" >\n\t\t\t\t        <div class=\"ngg-gallery-thumbnail\">\n            <a href=\"https:\/\/sp17.pl\/wp-content\/gallery\/2025-dzien-jezykow\/dzien-jezykow-26.09.2025-7.JPG\"\n               title=\"\"\n               data-src=\"https:\/\/sp17.pl\/wp-content\/gallery\/2025-dzien-jezykow\/dzien-jezykow-26.09.2025-7.JPG\"\n               data-thumbnail=\"https:\/\/sp17.pl\/wp-content\/gallery\/2025-dzien-jezykow\/thumbs\/thumbs_dzien-jezykow-26.09.2025-7.JPG\"\n               data-image-id=\"4168\"\n               data-title=\"dzien-jezykow-26.09.2025-7\"\n               data-description=\"\"\n               data-image-slug=\"dzien-jezykow-26-09-2025-7\"\n               class=\"ngg-simplelightbox\" rel=\"9aa3e7fc50034e0f63325c146a004b32\">\n                <img\n                    title=\"dzien-jezykow-26.09.2025-7\"\n                    alt=\"dzien-jezykow-26.09.2025-7\"\n                    src=\"https:\/\/sp17.pl\/wp-content\/gallery\/2025-dzien-jezykow\/thumbs\/thumbs_dzien-jezykow-26.09.2025-7.JPG\"\n                    width=\"240\"\n                    height=\"160\"\n                    style=\"max-width:100%;\"\n                \/>\n            <\/a>\n        <\/div>\n\t\t\t\t\t\t\t<\/div> \n\t\t\t\n\t\t\t\t<div id=\"ngg-image-7\" class=\"ngg-gallery-thumbnail-box ngg-3-columns\" >\n\t\t\t\t        <div class=\"ngg-gallery-thumbnail\">\n            <a href=\"https:\/\/sp17.pl\/wp-content\/gallery\/2025-dzien-jezykow\/dzien-jezykow-26.09.2025-9.JPG\"\n               title=\"\"\n               data-src=\"https:\/\/sp17.pl\/wp-content\/gallery\/2025-dzien-jezykow\/dzien-jezykow-26.09.2025-9.JPG\"\n               data-thumbnail=\"https:\/\/sp17.pl\/wp-content\/gallery\/2025-dzien-jezykow\/thumbs\/thumbs_dzien-jezykow-26.09.2025-9.JPG\"\n               data-image-id=\"4169\"\n               data-title=\"dzien-jezykow-26.09.2025-9\"\n               data-description=\"\"\n               data-image-slug=\"dzien-jezykow-26-09-2025-9\"\n               class=\"ngg-simplelightbox\" rel=\"9aa3e7fc50034e0f63325c146a004b32\">\n                <img\n                    title=\"dzien-jezykow-26.09.2025-9\"\n                    alt=\"dzien-jezykow-26.09.2025-9\"\n                    src=\"https:\/\/sp17.pl\/wp-content\/gallery\/2025-dzien-jezykow\/thumbs\/thumbs_dzien-jezykow-26.09.2025-9.JPG\"\n                    width=\"240\"\n                    height=\"160\"\n                    style=\"max-width:100%;\"\n                \/>\n            <\/a>\n        <\/div>\n\t\t\t\t\t\t\t<\/div> \n\t\t\t\n\t\t\t\t<div id=\"ngg-image-8\" class=\"ngg-gallery-thumbnail-box ngg-3-columns\" >\n\t\t\t\t        <div class=\"ngg-gallery-thumbnail\">\n            <a href=\"https:\/\/sp17.pl\/wp-content\/gallery\/2025-dzien-jezykow\/dzien-jezykow-26.09.2025-13.JPG\"\n               title=\"\"\n               data-src=\"https:\/\/sp17.pl\/wp-content\/gallery\/2025-dzien-jezykow\/dzien-jezykow-26.09.2025-13.JPG\"\n               data-thumbnail=\"https:\/\/sp17.pl\/wp-content\/gallery\/2025-dzien-jezykow\/thumbs\/thumbs_dzien-jezykow-26.09.2025-13.JPG\"\n               data-image-id=\"4170\"\n               data-title=\"dzien-jezykow-26.09.2025-13\"\n               data-description=\"\"\n               data-image-slug=\"dzien-jezykow-26-09-2025-13\"\n               class=\"ngg-simplelightbox\" rel=\"9aa3e7fc50034e0f63325c146a004b32\">\n                <img\n                    title=\"dzien-jezykow-26.09.2025-13\"\n                    alt=\"dzien-jezykow-26.09.2025-13\"\n                    src=\"https:\/\/sp17.pl\/wp-content\/gallery\/2025-dzien-jezykow\/thumbs\/thumbs_dzien-jezykow-26.09.2025-13.JPG\"\n                    width=\"240\"\n                    height=\"160\"\n                    style=\"max-width:100%;\"\n                \/>\n            <\/a>\n        <\/div>\n\t\t\t\t\t\t\t<\/div> \n\t\t\t\n\t\t\t\t<div id=\"ngg-image-9\" class=\"ngg-gallery-thumbnail-box ngg-3-columns\" >\n\t\t\t\t        <div class=\"ngg-gallery-thumbnail\">\n            <a href=\"https:\/\/sp17.pl\/wp-content\/gallery\/2025-dzien-jezykow\/dzien-jezykow-26.09.2025-16.JPG\"\n               title=\"\"\n               data-src=\"https:\/\/sp17.pl\/wp-content\/gallery\/2025-dzien-jezykow\/dzien-jezykow-26.09.2025-16.JPG\"\n               data-thumbnail=\"https:\/\/sp17.pl\/wp-content\/gallery\/2025-dzien-jezykow\/thumbs\/thumbs_dzien-jezykow-26.09.2025-16.JPG\"\n               data-image-id=\"4171\"\n               data-title=\"dzien-jezykow-26.09.2025-16\"\n               data-description=\"\"\n               data-image-slug=\"dzien-jezykow-26-09-2025-16\"\n               class=\"ngg-simplelightbox\" rel=\"9aa3e7fc50034e0f63325c146a004b32\">\n                <img\n                    title=\"dzien-jezykow-26.09.2025-16\"\n                    alt=\"dzien-jezykow-26.09.2025-16\"\n                    src=\"https:\/\/sp17.pl\/wp-content\/gallery\/2025-dzien-jezykow\/thumbs\/thumbs_dzien-jezykow-26.09.2025-16.JPG\"\n                    width=\"240\"\n                    height=\"160\"\n                    style=\"max-width:100%;\"\n                \/>\n            <\/a>\n        <\/div>\n\t\t\t\t\t\t\t<\/div> \n\t\t\t\n\t\t\t\t<div id=\"ngg-image-10\" class=\"ngg-gallery-thumbnail-box ngg-3-columns\" >\n\t\t\t\t        <div class=\"ngg-gallery-thumbnail\">\n            <a href=\"https:\/\/sp17.pl\/wp-content\/gallery\/2025-dzien-jezykow\/dzien-jezykow-26.09.2025-17.JPG\"\n               title=\"\"\n               data-src=\"https:\/\/sp17.pl\/wp-content\/gallery\/2025-dzien-jezykow\/dzien-jezykow-26.09.2025-17.JPG\"\n               data-thumbnail=\"https:\/\/sp17.pl\/wp-content\/gallery\/2025-dzien-jezykow\/thumbs\/thumbs_dzien-jezykow-26.09.2025-17.JPG\"\n               data-image-id=\"4172\"\n               data-title=\"dzien-jezykow-26.09.2025-17\"\n               data-description=\"\"\n               data-image-slug=\"dzien-jezykow-26-09-2025-17\"\n               class=\"ngg-simplelightbox\" rel=\"9aa3e7fc50034e0f63325c146a004b32\">\n                <img\n                    title=\"dzien-jezykow-26.09.2025-17\"\n                    alt=\"dzien-jezykow-26.09.2025-17\"\n                    src=\"https:\/\/sp17.pl\/wp-content\/gallery\/2025-dzien-jezykow\/thumbs\/thumbs_dzien-jezykow-26.09.2025-17.JPG\"\n                    width=\"240\"\n                    height=\"160\"\n                    style=\"max-width:100%;\"\n                \/>\n            <\/a>\n        <\/div>\n\t\t\t\t\t\t\t<\/div> \n\t\t\t\n\t\t\t\t<div id=\"ngg-image-11\" class=\"ngg-gallery-thumbnail-box ngg-3-columns\" >\n\t\t\t\t        <div class=\"ngg-gallery-thumbnail\">\n            <a href=\"https:\/\/sp17.pl\/wp-content\/gallery\/2025-dzien-jezykow\/dzien-jezykow-26.09.2025-19.JPG\"\n               title=\"\"\n               data-src=\"https:\/\/sp17.pl\/wp-content\/gallery\/2025-dzien-jezykow\/dzien-jezykow-26.09.2025-19.JPG\"\n               data-thumbnail=\"https:\/\/sp17.pl\/wp-content\/gallery\/2025-dzien-jezykow\/thumbs\/thumbs_dzien-jezykow-26.09.2025-19.JPG\"\n               data-image-id=\"4173\"\n               data-title=\"dzien-jezykow-26.09.2025-19\"\n               data-description=\"\"\n               data-image-slug=\"dzien-jezykow-26-09-2025-19\"\n               class=\"ngg-simplelightbox\" rel=\"9aa3e7fc50034e0f63325c146a004b32\">\n                <img\n                    title=\"dzien-jezykow-26.09.2025-19\"\n                    alt=\"dzien-jezykow-26.09.2025-19\"\n                    src=\"https:\/\/sp17.pl\/wp-content\/gallery\/2025-dzien-jezykow\/thumbs\/thumbs_dzien-jezykow-26.09.2025-19.JPG\"\n                    width=\"240\"\n                    height=\"160\"\n                    style=\"max-width:100%;\"\n                \/>\n            <\/a>\n        <\/div>\n\t\t\t\t\t\t\t<\/div> \n\t\t\t\n\t\t\t\t<div id=\"ngg-image-12\" class=\"ngg-gallery-thumbnail-box ngg-3-columns\" >\n\t\t\t\t        <div class=\"ngg-gallery-thumbnail\">\n            <a href=\"https:\/\/sp17.pl\/wp-content\/gallery\/2025-dzien-jezykow\/dzien-jezykow-26.09.2025-21.JPG\"\n               title=\"\"\n               data-src=\"https:\/\/sp17.pl\/wp-content\/gallery\/2025-dzien-jezykow\/dzien-jezykow-26.09.2025-21.JPG\"\n               data-thumbnail=\"https:\/\/sp17.pl\/wp-content\/gallery\/2025-dzien-jezykow\/thumbs\/thumbs_dzien-jezykow-26.09.2025-21.JPG\"\n               data-image-id=\"4174\"\n               data-title=\"dzien-jezykow-26.09.2025-21\"\n               data-description=\"\"\n               data-image-slug=\"dzien-jezykow-26-09-2025-21\"\n               class=\"ngg-simplelightbox\" rel=\"9aa3e7fc50034e0f63325c146a004b32\">\n                <img\n                    title=\"dzien-jezykow-26.09.2025-21\"\n                    alt=\"dzien-jezykow-26.09.2025-21\"\n                    src=\"https:\/\/sp17.pl\/wp-content\/gallery\/2025-dzien-jezykow\/thumbs\/thumbs_dzien-jezykow-26.09.2025-21.JPG\"\n                    width=\"240\"\n                    height=\"160\"\n                    style=\"max-width:100%;\"\n                \/>\n            <\/a>\n        <\/div>\n\t\t\t\t\t\t\t<\/div> \n\t\t\t\n\t\t\t\t<div id=\"ngg-image-13\" class=\"ngg-gallery-thumbnail-box ngg-3-columns\" >\n\t\t\t\t        <div class=\"ngg-gallery-thumbnail\">\n            <a href=\"https:\/\/sp17.pl\/wp-content\/gallery\/2025-dzien-jezykow\/dzien-jezykow-26.09.2025-22.JPG\"\n               title=\"\"\n               data-src=\"https:\/\/sp17.pl\/wp-content\/gallery\/2025-dzien-jezykow\/dzien-jezykow-26.09.2025-22.JPG\"\n               data-thumbnail=\"https:\/\/sp17.pl\/wp-content\/gallery\/2025-dzien-jezykow\/thumbs\/thumbs_dzien-jezykow-26.09.2025-22.JPG\"\n               data-image-id=\"4175\"\n               data-title=\"dzien-jezykow-26.09.2025-22\"\n               data-description=\"\"\n               data-image-slug=\"dzien-jezykow-26-09-2025-22\"\n               class=\"ngg-simplelightbox\" rel=\"9aa3e7fc50034e0f63325c146a004b32\">\n                <img\n                    title=\"dzien-jezykow-26.09.2025-22\"\n                    alt=\"dzien-jezykow-26.09.2025-22\"\n                    src=\"https:\/\/sp17.pl\/wp-content\/gallery\/2025-dzien-jezykow\/thumbs\/thumbs_dzien-jezykow-26.09.2025-22.JPG\"\n                    width=\"240\"\n                    height=\"160\"\n                    style=\"max-width:100%;\"\n                \/>\n            <\/a>\n        <\/div>\n\t\t\t\t\t\t\t<\/div> \n\t\t\t\n\t\t\t\t<div id=\"ngg-image-14\" class=\"ngg-gallery-thumbnail-box ngg-3-columns\" >\n\t\t\t\t        <div class=\"ngg-gallery-thumbnail\">\n            <a href=\"https:\/\/sp17.pl\/wp-content\/gallery\/2025-dzien-jezykow\/dzien-jezykow-26.09.2025-25.JPG\"\n               title=\"\"\n               data-src=\"https:\/\/sp17.pl\/wp-content\/gallery\/2025-dzien-jezykow\/dzien-jezykow-26.09.2025-25.JPG\"\n               data-thumbnail=\"https:\/\/sp17.pl\/wp-content\/gallery\/2025-dzien-jezykow\/thumbs\/thumbs_dzien-jezykow-26.09.2025-25.JPG\"\n               data-image-id=\"4176\"\n               data-title=\"dzien-jezykow-26.09.2025-25\"\n               data-description=\"\"\n               data-image-slug=\"dzien-jezykow-26-09-2025-25\"\n               class=\"ngg-simplelightbox\" rel=\"9aa3e7fc50034e0f63325c146a004b32\">\n                <img\n                    title=\"dzien-jezykow-26.09.2025-25\"\n                    alt=\"dzien-jezykow-26.09.2025-25\"\n                    src=\"https:\/\/sp17.pl\/wp-content\/gallery\/2025-dzien-jezykow\/thumbs\/thumbs_dzien-jezykow-26.09.2025-25.JPG\"\n                    width=\"240\"\n                    height=\"160\"\n                    style=\"max-width:100%;\"\n                \/>\n            <\/a>\n        <\/div>\n\t\t\t\t\t\t\t<\/div> \n\t\t\t\n\t\t\t\t<div id=\"ngg-image-15\" class=\"ngg-gallery-thumbnail-box ngg-3-columns\" >\n\t\t\t\t        <div class=\"ngg-gallery-thumbnail\">\n            <a href=\"https:\/\/sp17.pl\/wp-content\/gallery\/2025-dzien-jezykow\/dzien-jezykow-26.09.2025-26.JPG\"\n               title=\"\"\n               data-src=\"https:\/\/sp17.pl\/wp-content\/gallery\/2025-dzien-jezykow\/dzien-jezykow-26.09.2025-26.JPG\"\n               data-thumbnail=\"https:\/\/sp17.pl\/wp-content\/gallery\/2025-dzien-jezykow\/thumbs\/thumbs_dzien-jezykow-26.09.2025-26.JPG\"\n               data-image-id=\"4177\"\n               data-title=\"dzien-jezykow-26.09.2025-26\"\n               data-description=\"\"\n               data-image-slug=\"dzien-jezykow-26-09-2025-26\"\n               class=\"ngg-simplelightbox\" rel=\"9aa3e7fc50034e0f63325c146a004b32\">\n                <img\n                    title=\"dzien-jezykow-26.09.2025-26\"\n                    alt=\"dzien-jezykow-26.09.2025-26\"\n                    src=\"https:\/\/sp17.pl\/wp-content\/gallery\/2025-dzien-jezykow\/thumbs\/thumbs_dzien-jezykow-26.09.2025-26.JPG\"\n                    width=\"240\"\n                    height=\"160\"\n                    style=\"max-width:100%;\"\n                \/>\n            <\/a>\n        <\/div>\n\t\t\t\t\t\t\t<\/div> \n\t\t\t\n\t\t\t\t<div id=\"ngg-image-16\" class=\"ngg-gallery-thumbnail-box ngg-3-columns\" >\n\t\t\t\t        <div class=\"ngg-gallery-thumbnail\">\n            <a href=\"https:\/\/sp17.pl\/wp-content\/gallery\/2025-dzien-jezykow\/dzien-jezykow-26.09.2025-27.JPG\"\n               title=\"\"\n               data-src=\"https:\/\/sp17.pl\/wp-content\/gallery\/2025-dzien-jezykow\/dzien-jezykow-26.09.2025-27.JPG\"\n               data-thumbnail=\"https:\/\/sp17.pl\/wp-content\/gallery\/2025-dzien-jezykow\/thumbs\/thumbs_dzien-jezykow-26.09.2025-27.JPG\"\n               data-image-id=\"4178\"\n               data-title=\"dzien-jezykow-26.09.2025-27\"\n               data-description=\"\"\n               data-image-slug=\"dzien-jezykow-26-09-2025-27\"\n               class=\"ngg-simplelightbox\" rel=\"9aa3e7fc50034e0f63325c146a004b32\">\n                <img\n                    title=\"dzien-jezykow-26.09.2025-27\"\n                    alt=\"dzien-jezykow-26.09.2025-27\"\n                    src=\"https:\/\/sp17.pl\/wp-content\/gallery\/2025-dzien-jezykow\/thumbs\/thumbs_dzien-jezykow-26.09.2025-27.JPG\"\n                    width=\"240\"\n                    height=\"160\"\n                    style=\"max-width:100%;\"\n                \/>\n            <\/a>\n        <\/div>\n\t\t\t\t\t\t\t<\/div> \n\t\t\t\n\t\t\t\t<div id=\"ngg-image-17\" class=\"ngg-gallery-thumbnail-box ngg-3-columns\" >\n\t\t\t\t        <div class=\"ngg-gallery-thumbnail\">\n            <a href=\"https:\/\/sp17.pl\/wp-content\/gallery\/2025-dzien-jezykow\/dzien-jezykow-26.09.2025-30.JPG\"\n               title=\"\"\n               data-src=\"https:\/\/sp17.pl\/wp-content\/gallery\/2025-dzien-jezykow\/dzien-jezykow-26.09.2025-30.JPG\"\n               data-thumbnail=\"https:\/\/sp17.pl\/wp-content\/gallery\/2025-dzien-jezykow\/thumbs\/thumbs_dzien-jezykow-26.09.2025-30.JPG\"\n               data-image-id=\"4179\"\n               data-title=\"dzien-jezykow-26.09.2025-30\"\n               data-description=\"\"\n               data-image-slug=\"dzien-jezykow-26-09-2025-30\"\n               class=\"ngg-simplelightbox\" rel=\"9aa3e7fc50034e0f63325c146a004b32\">\n                <img\n                    title=\"dzien-jezykow-26.09.2025-30\"\n                    alt=\"dzien-jezykow-26.09.2025-30\"\n                    src=\"https:\/\/sp17.pl\/wp-content\/gallery\/2025-dzien-jezykow\/thumbs\/thumbs_dzien-jezykow-26.09.2025-30.JPG\"\n                    width=\"240\"\n                    height=\"160\"\n                    style=\"max-width:100%;\"\n                \/>\n            <\/a>\n        <\/div>\n\t\t\t\t\t\t\t<\/div> \n\t\t\t\n\t\t\t\t<div id=\"ngg-image-18\" class=\"ngg-gallery-thumbnail-box ngg-3-columns\" >\n\t\t\t\t        <div class=\"ngg-gallery-thumbnail\">\n            <a href=\"https:\/\/sp17.pl\/wp-content\/gallery\/2025-dzien-jezykow\/dzien-jezykow-26.09.2025-32.JPG\"\n               title=\"\"\n               data-src=\"https:\/\/sp17.pl\/wp-content\/gallery\/2025-dzien-jezykow\/dzien-jezykow-26.09.2025-32.JPG\"\n               data-thumbnail=\"https:\/\/sp17.pl\/wp-content\/gallery\/2025-dzien-jezykow\/thumbs\/thumbs_dzien-jezykow-26.09.2025-32.JPG\"\n               data-image-id=\"4180\"\n               data-title=\"dzien-jezykow-26.09.2025-32\"\n               data-description=\"\"\n               data-image-slug=\"dzien-jezykow-26-09-2025-32\"\n               class=\"ngg-simplelightbox\" rel=\"9aa3e7fc50034e0f63325c146a004b32\">\n                <img\n                    title=\"dzien-jezykow-26.09.2025-32\"\n                    alt=\"dzien-jezykow-26.09.2025-32\"\n                    src=\"https:\/\/sp17.pl\/wp-content\/gallery\/2025-dzien-jezykow\/thumbs\/thumbs_dzien-jezykow-26.09.2025-32.JPG\"\n                    width=\"240\"\n                    height=\"160\"\n                    style=\"max-width:100%;\"\n                \/>\n            <\/a>\n        <\/div>\n\t\t\t\t\t\t\t<\/div> \n\t\t\t\n\t\t\t\t<div id=\"ngg-image-19\" class=\"ngg-gallery-thumbnail-box ngg-3-columns\" >\n\t\t\t\t        <div class=\"ngg-gallery-thumbnail\">\n            <a href=\"https:\/\/sp17.pl\/wp-content\/gallery\/2025-dzien-jezykow\/dzien-jezykow-26.09.2025-33.JPG\"\n               title=\"\"\n               data-src=\"https:\/\/sp17.pl\/wp-content\/gallery\/2025-dzien-jezykow\/dzien-jezykow-26.09.2025-33.JPG\"\n               data-thumbnail=\"https:\/\/sp17.pl\/wp-content\/gallery\/2025-dzien-jezykow\/thumbs\/thumbs_dzien-jezykow-26.09.2025-33.JPG\"\n               data-image-id=\"4181\"\n               data-title=\"dzien-jezykow-26.09.2025-33\"\n               data-description=\"\"\n               data-image-slug=\"dzien-jezykow-26-09-2025-33\"\n               class=\"ngg-simplelightbox\" rel=\"9aa3e7fc50034e0f63325c146a004b32\">\n                <img\n                    title=\"dzien-jezykow-26.09.2025-33\"\n                    alt=\"dzien-jezykow-26.09.2025-33\"\n                    src=\"https:\/\/sp17.pl\/wp-content\/gallery\/2025-dzien-jezykow\/thumbs\/thumbs_dzien-jezykow-26.09.2025-33.JPG\"\n                    width=\"240\"\n                    height=\"160\"\n                    style=\"max-width:100%;\"\n                \/>\n            <\/a>\n        <\/div>\n\t\t\t\t\t\t\t<\/div> \n\t\t\t\n\t\t\t\t<div id=\"ngg-image-20\" class=\"ngg-gallery-thumbnail-box ngg-3-columns\" >\n\t\t\t\t        <div class=\"ngg-gallery-thumbnail\">\n            <a href=\"https:\/\/sp17.pl\/wp-content\/gallery\/2025-dzien-jezykow\/dzien-jezykow-26.09.2025-34.JPG\"\n               title=\"\"\n               data-src=\"https:\/\/sp17.pl\/wp-content\/gallery\/2025-dzien-jezykow\/dzien-jezykow-26.09.2025-34.JPG\"\n               data-thumbnail=\"https:\/\/sp17.pl\/wp-content\/gallery\/2025-dzien-jezykow\/thumbs\/thumbs_dzien-jezykow-26.09.2025-34.JPG\"\n               data-image-id=\"4182\"\n               data-title=\"dzien-jezykow-26.09.2025-34\"\n               data-description=\"\"\n               data-image-slug=\"dzien-jezykow-26-09-2025-34\"\n               class=\"ngg-simplelightbox\" rel=\"9aa3e7fc50034e0f63325c146a004b32\">\n                <img\n                    title=\"dzien-jezykow-26.09.2025-34\"\n                    alt=\"dzien-jezykow-26.09.2025-34\"\n                    src=\"https:\/\/sp17.pl\/wp-content\/gallery\/2025-dzien-jezykow\/thumbs\/thumbs_dzien-jezykow-26.09.2025-34.JPG\"\n                    width=\"240\"\n                    height=\"160\"\n                    style=\"max-width:100%;\"\n                \/>\n            <\/a>\n        <\/div>\n\t\t\t\t\t\t\t<\/div> \n\t\t\t\n\t\t\t\t<div id=\"ngg-image-21\" class=\"ngg-gallery-thumbnail-box ngg-3-columns\" >\n\t\t\t\t        <div class=\"ngg-gallery-thumbnail\">\n            <a href=\"https:\/\/sp17.pl\/wp-content\/gallery\/2025-dzien-jezykow\/dzien-jezykow-26.09.2025-36.JPG\"\n               title=\"\"\n               data-src=\"https:\/\/sp17.pl\/wp-content\/gallery\/2025-dzien-jezykow\/dzien-jezykow-26.09.2025-36.JPG\"\n               data-thumbnail=\"https:\/\/sp17.pl\/wp-content\/gallery\/2025-dzien-jezykow\/thumbs\/thumbs_dzien-jezykow-26.09.2025-36.JPG\"\n               data-image-id=\"4183\"\n               data-title=\"dzien-jezykow-26.09.2025-36\"\n               data-description=\"\"\n               data-image-slug=\"dzien-jezykow-26-09-2025-36\"\n               class=\"ngg-simplelightbox\" rel=\"9aa3e7fc50034e0f63325c146a004b32\">\n                <img\n                    title=\"dzien-jezykow-26.09.2025-36\"\n                    alt=\"dzien-jezykow-26.09.2025-36\"\n                    src=\"https:\/\/sp17.pl\/wp-content\/gallery\/2025-dzien-jezykow\/thumbs\/thumbs_dzien-jezykow-26.09.2025-36.JPG\"\n                    width=\"240\"\n                    height=\"160\"\n                    style=\"max-width:100%;\"\n                \/>\n            <\/a>\n        <\/div>\n\t\t\t\t\t\t\t<\/div> \n\t\t\t\n\t\t\t\t<div id=\"ngg-image-22\" class=\"ngg-gallery-thumbnail-box ngg-3-columns\" >\n\t\t\t\t        <div class=\"ngg-gallery-thumbnail\">\n            <a href=\"https:\/\/sp17.pl\/wp-content\/gallery\/2025-dzien-jezykow\/dzien-jezykow-26.09.2025-46.JPG\"\n               title=\"\"\n               data-src=\"https:\/\/sp17.pl\/wp-content\/gallery\/2025-dzien-jezykow\/dzien-jezykow-26.09.2025-46.JPG\"\n               data-thumbnail=\"https:\/\/sp17.pl\/wp-content\/gallery\/2025-dzien-jezykow\/thumbs\/thumbs_dzien-jezykow-26.09.2025-46.JPG\"\n               data-image-id=\"4184\"\n               data-title=\"dzien-jezykow-26.09.2025-46\"\n               data-description=\"\"\n               data-image-slug=\"dzien-jezykow-26-09-2025-46\"\n               class=\"ngg-simplelightbox\" rel=\"9aa3e7fc50034e0f63325c146a004b32\">\n                <img\n                    title=\"dzien-jezykow-26.09.2025-46\"\n                    alt=\"dzien-jezykow-26.09.2025-46\"\n                    src=\"https:\/\/sp17.pl\/wp-content\/gallery\/2025-dzien-jezykow\/thumbs\/thumbs_dzien-jezykow-26.09.2025-46.JPG\"\n                    width=\"240\"\n                    height=\"160\"\n                    style=\"max-width:100%;\"\n                \/>\n            <\/a>\n        <\/div>\n\t\t\t\t\t\t\t<\/div> \n\t\t\t\n\t\t\t\t<div id=\"ngg-image-23\" class=\"ngg-gallery-thumbnail-box ngg-3-columns\" >\n\t\t\t\t        <div class=\"ngg-gallery-thumbnail\">\n            <a href=\"https:\/\/sp17.pl\/wp-content\/gallery\/2025-dzien-jezykow\/dzien-jezykow-26.09.2025-47.JPG\"\n               title=\"\"\n               data-src=\"https:\/\/sp17.pl\/wp-content\/gallery\/2025-dzien-jezykow\/dzien-jezykow-26.09.2025-47.JPG\"\n               data-thumbnail=\"https:\/\/sp17.pl\/wp-content\/gallery\/2025-dzien-jezykow\/thumbs\/thumbs_dzien-jezykow-26.09.2025-47.JPG\"\n               data-image-id=\"4185\"\n               data-title=\"dzien-jezykow-26.09.2025-47\"\n               data-description=\"\"\n               data-image-slug=\"dzien-jezykow-26-09-2025-47\"\n               class=\"ngg-simplelightbox\" rel=\"9aa3e7fc50034e0f63325c146a004b32\">\n                <img\n                    title=\"dzien-jezykow-26.09.2025-47\"\n                    alt=\"dzien-jezykow-26.09.2025-47\"\n                    src=\"https:\/\/sp17.pl\/wp-content\/gallery\/2025-dzien-jezykow\/thumbs\/thumbs_dzien-jezykow-26.09.2025-47.JPG\"\n                    width=\"240\"\n                    height=\"160\"\n                    style=\"max-width:100%;\"\n                \/>\n            <\/a>\n        <\/div>\n\t\t\t\t\t\t\t<\/div> \n\t\t\t\n\t\n\t<br style=\"clear: both\" \/>\n\n\t\n\t\t<!-- Pagination -->\n\t<div class='ngg-navigation'><span class=\"current\">1<\/span><a class=\"page-numbers\" data-pageid=\"2\" href=\"https:\/\/sp17.pl\/index.php\/nggallery\/page\/2?p=11837\">2<\/a><a class=\"next\" data-pageid=\"2\" id=\"ngg-next-2\" href=\"https:\/\/sp17.pl\/index.php\/nggallery\/page\/2?p=11837\">&#9658;<\/a><\/div>\t<\/div>\n\n<p>&nbsp;<\/p>\n","protected":false},"excerpt":{"rendered":"<p>Tegoroczne \u015bwi\u0119to z okazji Dnia J\u0119zyk\u00f3w Obcych&nbsp; by\u0142o pe\u0142ne kolor\u00f3w, rado\u015bci i pozytywnej energii!&nbsp; Ka\u017cda klasa wylosowa\u0142a kraj, kt\u00f3ry nast\u0119pnie prezentowa\u0142a poprzez stroje, plakaty i ciekawostki. Dzi\u0119ki temu mogli\u015bmy odby\u0107 ma\u0142\u0105 podr\u00f3\u017c dooko\u0142a \u015bwiata, nie ruszaj\u0105c si\u0119 ze szko\u0142y. Stroje przygotowali najm\u0142odsi &#8211; uczniowie klas 1-3 z pomoc\u0105 i wielkim zaanga\u017cowaniem rodzic\u00f3w. Du\u017co formatowe plakaty &hellip;<\/p>\n<p class=\"read-more\"> <a class=\"\" href=\"https:\/\/sp17.pl\/?p=11837\"> <span class=\"screen-reader-text\">DZIE\u0143 J\u0118ZYK\u00d3W OBCYCH<\/span> Czytaj wi\u0119cej<\/a><\/p>\n","protected":false},"author":1,"featured_media":11869,"comment_status":"closed","ping_status":"open","sticky":false,"template":"","format":"standard","meta":{"ngg_post_thumbnail":0,"site-sidebar-layout":"default","site-content-layout":"","ast-site-content-layout":"","site-content-style":"default","site-sidebar-style":"default","ast-global-header-display":"","ast-banner-title-visibility":"","ast-main-header-display":"","ast-hfb-above-header-display":"","ast-hfb-below-header-display":"","ast-hfb-mobile-header-display":"","site-post-title":"","ast-breadcrumbs-content":"","ast-featured-img":"","footer-sml-layout":"","theme-transparent-header-meta":"","adv-header-id-meta":"","stick-header-meta":"","header-above-stick-meta":"","header-main-stick-meta":"","header-below-stick-meta":"","astra-migrate-meta-layouts":"default","ast-page-background-enabled":"default","ast-page-background-meta":{"desktop":{"background-color":"var(--ast-global-color-4)","background-image":"","background-repeat":"repeat","background-position":"center center","background-size":"auto","background-attachment":"scroll","background-type":"","background-media":"","overlay-type":"","overlay-color":"","overlay-gradient":""},"tablet":{"background-color":"","background-image":"","background-repeat":"repeat","background-position":"center center","background-size":"auto","background-attachment":"scroll","background-type":"","background-media":"","overlay-type":"","overlay-color":"","overlay-gradient":""},"mobile":{"background-color":"","background-image":"","background-repeat":"repeat","background-position":"center center","background-size":"auto","background-attachment":"scroll","background-type":"","background-media":"","overlay-type":"","overlay-color":"","overlay-gradient":""}},"ast-content-background-meta":{"desktop":{"background-color":"var(--ast-global-color-5)","background-image":"","background-repeat":"repeat","background-position":"center center","background-size":"auto","background-attachment":"scroll","background-type":"","background-media":"","overlay-type":"","overlay-color":"","overlay-gradient":""},"tablet":{"background-color":"var(--ast-global-color-5)","background-image":"","background-repeat":"repeat","background-position":"center center","background-size":"auto","background-attachment":"scroll","background-type":"","background-media":"","overlay-type":"","overlay-color":"","overlay-gradient":""},"mobile":{"background-color":"var(--ast-global-color-5)","background-image":"","background-repeat":"repeat","background-position":"center center","background-size":"auto","background-attachment":"scroll","background-type":"","background-media":"","overlay-type":"","overlay-color":"","overlay-gradient":""}},"footnotes":""},"categories":[6],"tags":[],"_links":{"self":[{"href":"https:\/\/sp17.pl\/index.php?rest_route=\/wp\/v2\/posts\/11837"}],"collection":[{"href":"https:\/\/sp17.pl\/index.php?rest_route=\/wp\/v2\/posts"}],"about":[{"href":"https:\/\/sp17.pl\/index.php?rest_route=\/wp\/v2\/types\/post"}],"author":[{"embeddable":true,"href":"https:\/\/sp17.pl\/index.php?rest_route=\/wp\/v2\/users\/1"}],"replies":[{"embeddable":true,"href":"https:\/\/sp17.pl\/index.php?rest_route=%2Fwp%2Fv2%2Fcomments&post=11837"}],"version-history":[{"count":1,"href":"https:\/\/sp17.pl\/index.php?rest_route=\/wp\/v2\/posts\/11837\/revisions"}],"predecessor-version":[{"id":11867,"href":"https:\/\/sp17.pl\/index.php?rest_route=\/wp\/v2\/posts\/11837\/revisions\/11867"}],"wp:featuredmedia":[{"embeddable":true,"href":"https:\/\/sp17.pl\/index.php?rest_route=\/wp\/v2\/media\/11869"}],"wp:attachment":[{"href":"https:\/\/sp17.pl\/index.php?rest_route=%2Fwp%2Fv2%2Fmedia&parent=11837"}],"wp:term":[{"taxonomy":"category","embeddable":true,"href":"https:\/\/sp17.pl\/index.php?rest_route=%2Fwp%2Fv2%2Fcategories&post=11837"},{"taxonomy":"post_tag","embeddable":true,"href":"https:\/\/sp17.pl\/index.php?rest_route=%2Fwp%2Fv2%2Ftags&post=11837"}],"curies":[{"name":"wp","href":"https:\/\/api.w.org\/{rel}","templated":true}]}}