{"id":11929,"date":"2025-10-13T17:00:05","date_gmt":"2025-10-13T15:00:05","guid":{"rendered":"https:\/\/sp17.pl\/?p=11929"},"modified":"2025-10-13T17:00:08","modified_gmt":"2025-10-13T15:00:08","slug":"wybory-do-samorzadu-uczniowskiego","status":"publish","type":"post","link":"https:\/\/sp17.pl\/?p=11929","title":{"rendered":"WYBORY DO SAMORZ\u0104DU UCZNIOWSKIEGO"},"content":{"rendered":"<h5 dir=\"auto\" style=\"text-align: justify;\">Miniony tydzie\u0144 w naszej szkole przebieg\u0142 pod znakiem demokracji i uczniowskiej aktywno\u015bci!&nbsp;Uczniowie klas IV\u2013VIII wybierali przewodnicz\u0105cego oraz dw\u00f3ch zast\u0119pc\u00f3w Rady Samorz\u0105du Uczniowskiego.<\/h5>\n<h5 dir=\"auto\" style=\"text-align: justify;\">Do wybor\u00f3w zg\u0142osi\u0142o si\u0119 sze\u015bciu kandydat\u00f3w, kt\u00f3rzy we wtorek, podczas d\u0142ugiej przerwy, spotkali si\u0119 ze swoimi wyborcami. To by\u0142 czas rozm\u00f3w, wymiany pomys\u0142\u00f3w i prezentacji plan\u00f3w na nadchodz\u0105cy rok szkolny. W \u015brod\u0119 i czwartek (8\u20139 pa\u017adziernika) odby\u0142o si\u0119 g\u0142osowanie, w kt\u00f3rym uczniowie klas IV\u2013VIII mogli wyrazi\u0107 swoje zdanie i wybra\u0107 swoich reprezentant\u00f3w.<\/h5>\n<h5 dir=\"auto\" style=\"text-align: justify;\">Po podliczeniu wszystkich g\u0142os\u00f3w og\u0142oszono sk\u0142ad Rady Samorz\u0105du Uczniowskiego na rok szkolny 2025\/2026 Przewodnicz\u0105cym zosta\u0142 Rafa\u0142 Buda z klasy 8c. Zast\u0119pcy: Alicja \u0141upak z klasy 8c oraz Antoni Mi\u0142oszewski z klasy 7c.<\/h5>\n<p>&nbsp;<\/p>\n<p><img loading=\"lazy\" decoding=\"async\" class=\"wp-image-11941 size-full aligncenter\" src=\"https:\/\/sp17.pl\/wp-content\/uploads\/2025\/10\/Tekst-akapitu-6.png\" alt=\"\" width=\"970\" height=\"656\" srcset=\"https:\/\/sp17.pl\/wp-content\/uploads\/2025\/10\/Tekst-akapitu-6.png 970w, https:\/\/sp17.pl\/wp-content\/uploads\/2025\/10\/Tekst-akapitu-6-300x203.png 300w, https:\/\/sp17.pl\/wp-content\/uploads\/2025\/10\/Tekst-akapitu-6-768x519.png 768w\" sizes=\"(max-width: 970px) 100vw, 970px\" \/><\/p>\n<p>&nbsp;<\/p>\n<h5 dir=\"auto\" style=\"text-align: justify;\">Przypominamy, \u017ce od tego roku w sk\u0142ad Rady Samorz\u0105du Uczniowskiego wchodz\u0105 r\u00f3wnie\u017c przewodnicz\u0105cy i zast\u0119pcy przewodnicz\u0105cych zespo\u0142\u00f3w klasowych.<\/h5>\n<h5 dir=\"auto\" style=\"text-align: justify;\">Mamy nadziej\u0119 na owocn\u0105, kreatywn\u0105 i pe\u0142n\u0105 pozytywnej energii wsp\u00f3\u0142prac\u0119 ca\u0142ego zespo\u0142u na rzecz naszej szkolnej spo\u0142eczno\u015bci!&nbsp; Serdecznie gratulujemy wszystkim kandydatom za zaanga\u017cowanie, pomys\u0142owo\u015b\u0107 i odwag\u0119. Dzi\u0119kujemy uczniom za udzia\u0142 w g\u0142osowaniu oraz nauczycielom za wsparcie w organizacji wybor\u00f3w.<\/h5>\n<div dir=\"auto\">\n<h5 style=\"text-align: justify;\">Niech nowa Rada Samorz\u0105du Uczniowskiego 2025\/2026 b\u0119dzie g\u0142osem uczni\u00f3w i inspiracj\u0105 do dzia\u0142ania!&nbsp;<\/h5>\n<p>&nbsp;<\/p>\n<!-- default-view.php -->\n<div\n\tclass=\"ngg-galleryoverview default-view \"\n\tid=\"ngg-gallery-17925e98eae7f3422e7c5361486bb3a2-1\">\n\n\t\t<!-- Thumbnails -->\n\t\t\t\t<div id=\"ngg-image-0\" class=\"ngg-gallery-thumbnail-box ngg-3-columns\" >\n\t\t\t\t        <div class=\"ngg-gallery-thumbnail\">\n            <a href=\"https:\/\/sp17.pl\/wp-content\/gallery\/2025-wybory\/1000053418.jpg\"\n               title=\"\"\n               data-src=\"https:\/\/sp17.pl\/wp-content\/gallery\/2025-wybory\/1000053418.jpg\"\n               data-thumbnail=\"https:\/\/sp17.pl\/wp-content\/gallery\/2025-wybory\/thumbs\/thumbs_1000053418.jpg\"\n               data-image-id=\"4214\"\n               data-title=\"1000053418\"\n               data-description=\"\"\n               data-image-slug=\"1000053418\"\n               class=\"ngg-simplelightbox\" rel=\"17925e98eae7f3422e7c5361486bb3a2\">\n                <img\n                    title=\"1000053418\"\n                    alt=\"1000053418\"\n                    src=\"https:\/\/sp17.pl\/wp-content\/gallery\/2025-wybory\/thumbs\/thumbs_1000053418.jpg\"\n                    width=\"240\"\n                    height=\"160\"\n                    style=\"max-width:100%;\"\n                \/>\n            <\/a>\n        <\/div>\n\t\t\t\t\t\t\t<\/div> \n\t\t\t\n\t\t\t\t<div id=\"ngg-image-1\" class=\"ngg-gallery-thumbnail-box ngg-3-columns\" >\n\t\t\t\t        <div class=\"ngg-gallery-thumbnail\">\n            <a href=\"https:\/\/sp17.pl\/wp-content\/gallery\/2025-wybory\/1000053429.jpg\"\n               title=\"\"\n               data-src=\"https:\/\/sp17.pl\/wp-content\/gallery\/2025-wybory\/1000053429.jpg\"\n               data-thumbnail=\"https:\/\/sp17.pl\/wp-content\/gallery\/2025-wybory\/thumbs\/thumbs_1000053429.jpg\"\n               data-image-id=\"4215\"\n               data-title=\"1000053429\"\n               data-description=\"\"\n               data-image-slug=\"1000053429\"\n               class=\"ngg-simplelightbox\" rel=\"17925e98eae7f3422e7c5361486bb3a2\">\n                <img\n                    title=\"1000053429\"\n                    alt=\"1000053429\"\n                    src=\"https:\/\/sp17.pl\/wp-content\/gallery\/2025-wybory\/thumbs\/thumbs_1000053429.jpg\"\n                    width=\"240\"\n                    height=\"160\"\n                    style=\"max-width:100%;\"\n                \/>\n            <\/a>\n        <\/div>\n\t\t\t\t\t\t\t<\/div> \n\t\t\t\n\t\t\t\t<div id=\"ngg-image-2\" class=\"ngg-gallery-thumbnail-box ngg-3-columns\" >\n\t\t\t\t        <div class=\"ngg-gallery-thumbnail\">\n            <a href=\"https:\/\/sp17.pl\/wp-content\/gallery\/2025-wybory\/1000053433.jpg\"\n               title=\"\"\n               data-src=\"https:\/\/sp17.pl\/wp-content\/gallery\/2025-wybory\/1000053433.jpg\"\n               data-thumbnail=\"https:\/\/sp17.pl\/wp-content\/gallery\/2025-wybory\/thumbs\/thumbs_1000053433.jpg\"\n               data-image-id=\"4216\"\n               data-title=\"1000053433\"\n               data-description=\"\"\n               data-image-slug=\"1000053433\"\n               class=\"ngg-simplelightbox\" rel=\"17925e98eae7f3422e7c5361486bb3a2\">\n                <img\n                    title=\"1000053433\"\n                    alt=\"1000053433\"\n                    src=\"https:\/\/sp17.pl\/wp-content\/gallery\/2025-wybory\/thumbs\/thumbs_1000053433.jpg\"\n                    width=\"240\"\n                    height=\"160\"\n                    style=\"max-width:100%;\"\n                \/>\n            <\/a>\n        <\/div>\n\t\t\t\t\t\t\t<\/div> \n\t\t\t\n\t\t\t\t<div id=\"ngg-image-3\" class=\"ngg-gallery-thumbnail-box ngg-3-columns\" >\n\t\t\t\t        <div class=\"ngg-gallery-thumbnail\">\n            <a href=\"https:\/\/sp17.pl\/wp-content\/gallery\/2025-wybory\/1000053434.jpg\"\n               title=\"\"\n               data-src=\"https:\/\/sp17.pl\/wp-content\/gallery\/2025-wybory\/1000053434.jpg\"\n               data-thumbnail=\"https:\/\/sp17.pl\/wp-content\/gallery\/2025-wybory\/thumbs\/thumbs_1000053434.jpg\"\n               data-image-id=\"4217\"\n               data-title=\"1000053434\"\n               data-description=\"\"\n               data-image-slug=\"1000053434\"\n               class=\"ngg-simplelightbox\" rel=\"17925e98eae7f3422e7c5361486bb3a2\">\n                <img\n                    title=\"1000053434\"\n                    alt=\"1000053434\"\n                    src=\"https:\/\/sp17.pl\/wp-content\/gallery\/2025-wybory\/thumbs\/thumbs_1000053434.jpg\"\n                    width=\"240\"\n                    height=\"160\"\n                    style=\"max-width:100%;\"\n                \/>\n            <\/a>\n        <\/div>\n\t\t\t\t\t\t\t<\/div> \n\t\t\t\n\t\t\t\t<div id=\"ngg-image-4\" class=\"ngg-gallery-thumbnail-box ngg-3-columns\" >\n\t\t\t\t        <div class=\"ngg-gallery-thumbnail\">\n            <a href=\"https:\/\/sp17.pl\/wp-content\/gallery\/2025-wybory\/1000053435.jpg\"\n               title=\"\"\n               data-src=\"https:\/\/sp17.pl\/wp-content\/gallery\/2025-wybory\/1000053435.jpg\"\n               data-thumbnail=\"https:\/\/sp17.pl\/wp-content\/gallery\/2025-wybory\/thumbs\/thumbs_1000053435.jpg\"\n               data-image-id=\"4218\"\n               data-title=\"1000053435\"\n               data-description=\"\"\n               data-image-slug=\"1000053435\"\n               class=\"ngg-simplelightbox\" rel=\"17925e98eae7f3422e7c5361486bb3a2\">\n                <img\n                    title=\"1000053435\"\n                    alt=\"1000053435\"\n                    src=\"https:\/\/sp17.pl\/wp-content\/gallery\/2025-wybory\/thumbs\/thumbs_1000053435.jpg\"\n                    width=\"240\"\n                    height=\"160\"\n                    style=\"max-width:100%;\"\n                \/>\n            <\/a>\n        <\/div>\n\t\t\t\t\t\t\t<\/div> \n\t\t\t\n\t\t\t\t<div id=\"ngg-image-5\" class=\"ngg-gallery-thumbnail-box ngg-3-columns\" >\n\t\t\t\t        <div class=\"ngg-gallery-thumbnail\">\n            <a href=\"https:\/\/sp17.pl\/wp-content\/gallery\/2025-wybory\/1000053436.jpg\"\n               title=\"\"\n               data-src=\"https:\/\/sp17.pl\/wp-content\/gallery\/2025-wybory\/1000053436.jpg\"\n               data-thumbnail=\"https:\/\/sp17.pl\/wp-content\/gallery\/2025-wybory\/thumbs\/thumbs_1000053436.jpg\"\n               data-image-id=\"4219\"\n               data-title=\"1000053436\"\n               data-description=\"\"\n               data-image-slug=\"1000053436\"\n               class=\"ngg-simplelightbox\" rel=\"17925e98eae7f3422e7c5361486bb3a2\">\n                <img\n                    title=\"1000053436\"\n                    alt=\"1000053436\"\n                    src=\"https:\/\/sp17.pl\/wp-content\/gallery\/2025-wybory\/thumbs\/thumbs_1000053436.jpg\"\n                    width=\"240\"\n                    height=\"160\"\n                    style=\"max-width:100%;\"\n                \/>\n            <\/a>\n        <\/div>\n\t\t\t\t\t\t\t<\/div> \n\t\t\t\n\t\t\t\t<div id=\"ngg-image-6\" class=\"ngg-gallery-thumbnail-box ngg-3-columns\" >\n\t\t\t\t        <div class=\"ngg-gallery-thumbnail\">\n            <a href=\"https:\/\/sp17.pl\/wp-content\/gallery\/2025-wybory\/1000053566.jpg\"\n               title=\"\"\n               data-src=\"https:\/\/sp17.pl\/wp-content\/gallery\/2025-wybory\/1000053566.jpg\"\n               data-thumbnail=\"https:\/\/sp17.pl\/wp-content\/gallery\/2025-wybory\/thumbs\/thumbs_1000053566.jpg\"\n               data-image-id=\"4220\"\n               data-title=\"1000053566\"\n               data-description=\"\"\n               data-image-slug=\"1000053566\"\n               class=\"ngg-simplelightbox\" rel=\"17925e98eae7f3422e7c5361486bb3a2\">\n                <img\n                    title=\"1000053566\"\n                    alt=\"1000053566\"\n                    src=\"https:\/\/sp17.pl\/wp-content\/gallery\/2025-wybory\/thumbs\/thumbs_1000053566.jpg\"\n                    width=\"240\"\n                    height=\"160\"\n                    style=\"max-width:100%;\"\n                \/>\n            <\/a>\n        <\/div>\n\t\t\t\t\t\t\t<\/div> \n\t\t\t\n\t\t\t\t<div id=\"ngg-image-7\" class=\"ngg-gallery-thumbnail-box ngg-3-columns\" >\n\t\t\t\t        <div class=\"ngg-gallery-thumbnail\">\n            <a href=\"https:\/\/sp17.pl\/wp-content\/gallery\/2025-wybory\/1000053765.jpg\"\n               title=\"\"\n               data-src=\"https:\/\/sp17.pl\/wp-content\/gallery\/2025-wybory\/1000053765.jpg\"\n               data-thumbnail=\"https:\/\/sp17.pl\/wp-content\/gallery\/2025-wybory\/thumbs\/thumbs_1000053765.jpg\"\n               data-image-id=\"4221\"\n               data-title=\"1000053765\"\n               data-description=\"\"\n               data-image-slug=\"1000053765\"\n               class=\"ngg-simplelightbox\" rel=\"17925e98eae7f3422e7c5361486bb3a2\">\n                <img\n                    title=\"1000053765\"\n                    alt=\"1000053765\"\n                    src=\"https:\/\/sp17.pl\/wp-content\/gallery\/2025-wybory\/thumbs\/thumbs_1000053765.jpg\"\n                    width=\"240\"\n                    height=\"160\"\n                    style=\"max-width:100%;\"\n                \/>\n            <\/a>\n        <\/div>\n\t\t\t\t\t\t\t<\/div> \n\t\t\t\n\t\t\t\t<div id=\"ngg-image-8\" class=\"ngg-gallery-thumbnail-box ngg-3-columns\" >\n\t\t\t\t        <div class=\"ngg-gallery-thumbnail\">\n            <a href=\"https:\/\/sp17.pl\/wp-content\/gallery\/2025-wybory\/Tekst-akapitu-6.png\"\n               title=\"\"\n               data-src=\"https:\/\/sp17.pl\/wp-content\/gallery\/2025-wybory\/Tekst-akapitu-6.png\"\n               data-thumbnail=\"https:\/\/sp17.pl\/wp-content\/gallery\/2025-wybory\/thumbs\/thumbs_Tekst-akapitu-6.png\"\n               data-image-id=\"4222\"\n               data-title=\"Tekst-akapitu-6\"\n               data-description=\"\"\n               data-image-slug=\"tekst-akapitu-6\"\n               class=\"ngg-simplelightbox\" rel=\"17925e98eae7f3422e7c5361486bb3a2\">\n                <img\n                    title=\"Tekst-akapitu-6\"\n                    alt=\"Tekst-akapitu-6\"\n                    src=\"https:\/\/sp17.pl\/wp-content\/gallery\/2025-wybory\/thumbs\/thumbs_Tekst-akapitu-6.png\"\n                    width=\"240\"\n                    height=\"160\"\n                    style=\"max-width:100%;\"\n                \/>\n            <\/a>\n        <\/div>\n\t\t\t\t\t\t\t<\/div> \n\t\t\t\n\t\n\t<br style=\"clear: both\" \/>\n\n\t\n\t\t<!-- Pagination -->\n\t<div class='ngg-clear'><\/div>\t<\/div>\n\n<h5 class=\"yj6qo\" style=\"text-align: justify;\">&nbsp;<\/h5>\n<div class=\"adL\">&nbsp;<\/div>\n<\/div>\n","protected":false},"excerpt":{"rendered":"<p>Miniony tydzie\u0144 w naszej szkole przebieg\u0142 pod znakiem demokracji i uczniowskiej aktywno\u015bci!&nbsp;Uczniowie klas IV\u2013VIII wybierali przewodnicz\u0105cego oraz dw\u00f3ch zast\u0119pc\u00f3w Rady Samorz\u0105du Uczniowskiego. Do wybor\u00f3w zg\u0142osi\u0142o si\u0119 sze\u015bciu kandydat\u00f3w, kt\u00f3rzy we wtorek, podczas d\u0142ugiej przerwy, spotkali si\u0119 ze swoimi wyborcami. To by\u0142 czas rozm\u00f3w, wymiany pomys\u0142\u00f3w i prezentacji plan\u00f3w na nadchodz\u0105cy rok szkolny. W \u015brod\u0119 i &hellip;<\/p>\n<p class=\"read-more\"> <a class=\"\" href=\"https:\/\/sp17.pl\/?p=11929\"> <span class=\"screen-reader-text\">WYBORY DO SAMORZ\u0104DU UCZNIOWSKIEGO<\/span> Czytaj wi\u0119cej<\/a><\/p>\n","protected":false},"author":1,"featured_media":11930,"comment_status":"closed","ping_status":"open","sticky":false,"template":"","format":"standard","meta":{"ngg_post_thumbnail":0,"site-sidebar-layout":"default","site-content-layout":"","ast-site-content-layout":"","site-content-style":"default","site-sidebar-style":"default","ast-global-header-display":"","ast-banner-title-visibility":"","ast-main-header-display":"","ast-hfb-above-header-display":"","ast-hfb-below-header-display":"","ast-hfb-mobile-header-display":"","site-post-title":"","ast-breadcrumbs-content":"","ast-featured-img":"","footer-sml-layout":"","theme-transparent-header-meta":"","adv-header-id-meta":"","stick-header-meta":"","header-above-stick-meta":"","header-main-stick-meta":"","header-below-stick-meta":"","astra-migrate-meta-layouts":"default","ast-page-background-enabled":"default","ast-page-background-meta":{"desktop":{"background-color":"var(--ast-global-color-4)","background-image":"","background-repeat":"repeat","background-position":"center center","background-size":"auto","background-attachment":"scroll","background-type":"","background-media":"","overlay-type":"","overlay-color":"","overlay-gradient":""},"tablet":{"background-color":"","background-image":"","background-repeat":"repeat","background-position":"center center","background-size":"auto","background-attachment":"scroll","background-type":"","background-media":"","overlay-type":"","overlay-color":"","overlay-gradient":""},"mobile":{"background-color":"","background-image":"","background-repeat":"repeat","background-position":"center center","background-size":"auto","background-attachment":"scroll","background-type":"","background-media":"","overlay-type":"","overlay-color":"","overlay-gradient":""}},"ast-content-background-meta":{"desktop":{"background-color":"var(--ast-global-color-5)","background-image":"","background-repeat":"repeat","background-position":"center center","background-size":"auto","background-attachment":"scroll","background-type":"","background-media":"","overlay-type":"","overlay-color":"","overlay-gradient":""},"tablet":{"background-color":"var(--ast-global-color-5)","background-image":"","background-repeat":"repeat","background-position":"center center","background-size":"auto","background-attachment":"scroll","background-type":"","background-media":"","overlay-type":"","overlay-color":"","overlay-gradient":""},"mobile":{"background-color":"var(--ast-global-color-5)","background-image":"","background-repeat":"repeat","background-position":"center center","background-size":"auto","background-attachment":"scroll","background-type":"","background-media":"","overlay-type":"","overlay-color":"","overlay-gradient":""}},"footnotes":""},"categories":[6],"tags":[],"_links":{"self":[{"href":"https:\/\/sp17.pl\/index.php?rest_route=\/wp\/v2\/posts\/11929"}],"collection":[{"href":"https:\/\/sp17.pl\/index.php?rest_route=\/wp\/v2\/posts"}],"about":[{"href":"https:\/\/sp17.pl\/index.php?rest_route=\/wp\/v2\/types\/post"}],"author":[{"embeddable":true,"href":"https:\/\/sp17.pl\/index.php?rest_route=\/wp\/v2\/users\/1"}],"replies":[{"embeddable":true,"href":"https:\/\/sp17.pl\/index.php?rest_route=%2Fwp%2Fv2%2Fcomments&post=11929"}],"version-history":[{"count":1,"href":"https:\/\/sp17.pl\/index.php?rest_route=\/wp\/v2\/posts\/11929\/revisions"}],"predecessor-version":[{"id":11942,"href":"https:\/\/sp17.pl\/index.php?rest_route=\/wp\/v2\/posts\/11929\/revisions\/11942"}],"wp:featuredmedia":[{"embeddable":true,"href":"https:\/\/sp17.pl\/index.php?rest_route=\/wp\/v2\/media\/11930"}],"wp:attachment":[{"href":"https:\/\/sp17.pl\/index.php?rest_route=%2Fwp%2Fv2%2Fmedia&parent=11929"}],"wp:term":[{"taxonomy":"category","embeddable":true,"href":"https:\/\/sp17.pl\/index.php?rest_route=%2Fwp%2Fv2%2Fcategories&post=11929"},{"taxonomy":"post_tag","embeddable":true,"href":"https:\/\/sp17.pl\/index.php?rest_route=%2Fwp%2Fv2%2Ftags&post=11929"}],"curies":[{"name":"wp","href":"https:\/\/api.w.org\/{rel}","templated":true}]}}