{"id":2637,"date":"2020-05-14T16:13:23","date_gmt":"2020-05-14T14:13:23","guid":{"rendered":"https:\/\/sp17.pl\/?p=2637"},"modified":"2020-05-14T16:13:25","modified_gmt":"2020-05-14T14:13:25","slug":"szkolny-sad","status":"publish","type":"post","link":"https:\/\/sp17.pl\/?p=2637","title":{"rendered":"Szkolny sad"},"content":{"rendered":"\n<h4 style=\"font-weight: 400; text-align: justify;\"><strong>&nbsp;Zastanawiali\u015bcie si\u0119 co s\u0142ycha\u0107 w Waszym szkolnym sadzie?&nbsp; <\/strong><strong>Nie wiemy co i jak kwit\u0142o w kwietniu, ale\u2026&nbsp; &nbsp; &nbsp; &nbsp; na m\u0142odych krzaczkach Czarnych Porzeczek wida\u0107 pierwsze zielone owoce.&nbsp; &nbsp; &nbsp; &nbsp; &nbsp; &nbsp; &nbsp; &nbsp; &nbsp; &nbsp; &nbsp; &nbsp; &nbsp; &nbsp; &nbsp; &nbsp; &nbsp; &nbsp; &nbsp; &nbsp; &nbsp; &nbsp; &nbsp; &nbsp; &nbsp; &nbsp; &nbsp; &nbsp; &nbsp; &nbsp; &nbsp; &nbsp; &nbsp; <\/strong><strong>Czarne Bzy odbi\u0142y zielon\u0105 czupryn\u0105 od ziemi, Panowie Jarz\u0105by i G\u0142ogi pu\u015bci\u0142y fantazyjne listki, Dzikie R\u00f3\u017ce p\u0142o\u017c\u0105 si\u0119 w\u015br\u00f3d traw, a Pani Lipa wysi\u0119ga &#8211; na razie skromn\u0105 &#8211; koron\u0119 ku g\u00f3rze. <\/strong><strong>Zobaczcie \u015bwie\u017c\u0105 relacj\u0119 fotograficzn\u0105 prosto z Sadu.&nbsp;<\/strong><\/h4>\n<h4 style=\"text-align: justify;\">Pozdrawiam!&nbsp; Anna Kra\u015bko<\/h4>\n<!-- default-view.php -->\n<div\n\tclass=\"ngg-galleryoverview default-view \"\n\tid=\"ngg-gallery-2b3baa98e8a7515ffb66ef8761b3b048-1\">\n\n\t\t<!-- Thumbnails -->\n\t\t\t\t<div id=\"ngg-image-0\" class=\"ngg-gallery-thumbnail-box ngg-3-columns\" >\n\t\t\t\t        <div class=\"ngg-gallery-thumbnail\">\n            <a href=\"https:\/\/sp17.pl\/wp-content\/gallery\/sad-1\/szkolny_sad-wiosna-2020-1.JPG\"\n               title=\"\"\n               data-src=\"https:\/\/sp17.pl\/wp-content\/gallery\/sad-1\/szkolny_sad-wiosna-2020-1.JPG\"\n               data-thumbnail=\"https:\/\/sp17.pl\/wp-content\/gallery\/sad-1\/thumbs\/thumbs_szkolny_sad-wiosna-2020-1.JPG\"\n               data-image-id=\"765\"\n               data-title=\"SZKOLNY SAD SP17 ZIELONA G\u00d3RA\"\n               data-description=\"\"\n               data-image-slug=\"szkolny_sad-wiosna-2020-1\"\n               class=\"ngg-simplelightbox\" rel=\"2b3baa98e8a7515ffb66ef8761b3b048\">\n                <img\n                    title=\"SZKOLNY SAD SP17 ZIELONA G\u00d3RA\"\n                    alt=\"SZKOLNY SAD SP17 ZIELONA G\u00d3RA\"\n                    src=\"https:\/\/sp17.pl\/wp-content\/gallery\/sad-1\/thumbs\/thumbs_szkolny_sad-wiosna-2020-1.JPG\"\n                    width=\"240\"\n                    height=\"160\"\n                    style=\"max-width:100%;\"\n                \/>\n            <\/a>\n        <\/div>\n\t\t\t\t\t\t\t<\/div> \n\t\t\t\n\t\t\t\t<div id=\"ngg-image-1\" class=\"ngg-gallery-thumbnail-box ngg-3-columns\" >\n\t\t\t\t        <div class=\"ngg-gallery-thumbnail\">\n            <a href=\"https:\/\/sp17.pl\/wp-content\/gallery\/sad-1\/szkolny_sad-wiosna-2020-2.JPG\"\n               title=\"\"\n               data-src=\"https:\/\/sp17.pl\/wp-content\/gallery\/sad-1\/szkolny_sad-wiosna-2020-2.JPG\"\n               data-thumbnail=\"https:\/\/sp17.pl\/wp-content\/gallery\/sad-1\/thumbs\/thumbs_szkolny_sad-wiosna-2020-2.JPG\"\n               data-image-id=\"766\"\n               data-title=\"SZKOLNY SAD SP17 ZIELONA G\u00d3RA\"\n               data-description=\"\"\n               data-image-slug=\"szkolny_sad-wiosna-2020-2\"\n               class=\"ngg-simplelightbox\" rel=\"2b3baa98e8a7515ffb66ef8761b3b048\">\n                <img\n                    title=\"SZKOLNY SAD SP17 ZIELONA G\u00d3RA\"\n                    alt=\"SZKOLNY SAD SP17 ZIELONA G\u00d3RA\"\n                    src=\"https:\/\/sp17.pl\/wp-content\/gallery\/sad-1\/thumbs\/thumbs_szkolny_sad-wiosna-2020-2.JPG\"\n                    width=\"240\"\n                    height=\"160\"\n                    style=\"max-width:100%;\"\n                \/>\n            <\/a>\n        <\/div>\n\t\t\t\t\t\t\t<\/div> \n\t\t\t\n\t\t\t\t<div id=\"ngg-image-2\" class=\"ngg-gallery-thumbnail-box ngg-3-columns\" >\n\t\t\t\t        <div class=\"ngg-gallery-thumbnail\">\n            <a href=\"https:\/\/sp17.pl\/wp-content\/gallery\/sad-1\/szkolny_sad-wiosna-2020-3.JPG\"\n               title=\"\"\n               data-src=\"https:\/\/sp17.pl\/wp-content\/gallery\/sad-1\/szkolny_sad-wiosna-2020-3.JPG\"\n               data-thumbnail=\"https:\/\/sp17.pl\/wp-content\/gallery\/sad-1\/thumbs\/thumbs_szkolny_sad-wiosna-2020-3.JPG\"\n               data-image-id=\"767\"\n               data-title=\"SZKOLNY SAD SP17 ZIELONA G\u00d3RA\"\n               data-description=\"\"\n               data-image-slug=\"szkolny_sad-wiosna-2020-3\"\n               class=\"ngg-simplelightbox\" rel=\"2b3baa98e8a7515ffb66ef8761b3b048\">\n                <img\n                    title=\"SZKOLNY SAD SP17 ZIELONA G\u00d3RA\"\n                    alt=\"SZKOLNY SAD SP17 ZIELONA G\u00d3RA\"\n                    src=\"https:\/\/sp17.pl\/wp-content\/gallery\/sad-1\/thumbs\/thumbs_szkolny_sad-wiosna-2020-3.JPG\"\n                    width=\"240\"\n                    height=\"160\"\n                    style=\"max-width:100%;\"\n                \/>\n            <\/a>\n        <\/div>\n\t\t\t\t\t\t\t<\/div> \n\t\t\t\n\t\t\t\t<div id=\"ngg-image-3\" class=\"ngg-gallery-thumbnail-box ngg-3-columns\" >\n\t\t\t\t        <div class=\"ngg-gallery-thumbnail\">\n            <a href=\"https:\/\/sp17.pl\/wp-content\/gallery\/sad-1\/szkolny_sad-wiosna-2020-4.JPG\"\n               title=\"\"\n               data-src=\"https:\/\/sp17.pl\/wp-content\/gallery\/sad-1\/szkolny_sad-wiosna-2020-4.JPG\"\n               data-thumbnail=\"https:\/\/sp17.pl\/wp-content\/gallery\/sad-1\/thumbs\/thumbs_szkolny_sad-wiosna-2020-4.JPG\"\n               data-image-id=\"768\"\n               data-title=\"SZKOLNY SAD SP17 ZIELONA G\u00d3RA\"\n               data-description=\"\"\n               data-image-slug=\"szkolny_sad-wiosna-2020-4\"\n               class=\"ngg-simplelightbox\" rel=\"2b3baa98e8a7515ffb66ef8761b3b048\">\n                <img\n                    title=\"SZKOLNY SAD SP17 ZIELONA G\u00d3RA\"\n                    alt=\"SZKOLNY SAD SP17 ZIELONA G\u00d3RA\"\n                    src=\"https:\/\/sp17.pl\/wp-content\/gallery\/sad-1\/thumbs\/thumbs_szkolny_sad-wiosna-2020-4.JPG\"\n                    width=\"240\"\n                    height=\"160\"\n                    style=\"max-width:100%;\"\n                \/>\n            <\/a>\n        <\/div>\n\t\t\t\t\t\t\t<\/div> \n\t\t\t\n\t\t\t\t<div id=\"ngg-image-4\" class=\"ngg-gallery-thumbnail-box ngg-3-columns\" >\n\t\t\t\t        <div class=\"ngg-gallery-thumbnail\">\n            <a href=\"https:\/\/sp17.pl\/wp-content\/gallery\/sad-1\/szkolny_sad-wiosna-2020-5.JPG\"\n               title=\"\"\n               data-src=\"https:\/\/sp17.pl\/wp-content\/gallery\/sad-1\/szkolny_sad-wiosna-2020-5.JPG\"\n               data-thumbnail=\"https:\/\/sp17.pl\/wp-content\/gallery\/sad-1\/thumbs\/thumbs_szkolny_sad-wiosna-2020-5.JPG\"\n               data-image-id=\"769\"\n               data-title=\"SZKOLNY SAD SP17 ZIELONA G\u00d3RA\"\n               data-description=\"\"\n               data-image-slug=\"szkolny_sad-wiosna-2020-5\"\n               class=\"ngg-simplelightbox\" rel=\"2b3baa98e8a7515ffb66ef8761b3b048\">\n                <img\n                    title=\"SZKOLNY SAD SP17 ZIELONA G\u00d3RA\"\n                    alt=\"SZKOLNY SAD SP17 ZIELONA G\u00d3RA\"\n                    src=\"https:\/\/sp17.pl\/wp-content\/gallery\/sad-1\/thumbs\/thumbs_szkolny_sad-wiosna-2020-5.JPG\"\n                    width=\"240\"\n                    height=\"160\"\n                    style=\"max-width:100%;\"\n                \/>\n            <\/a>\n        <\/div>\n\t\t\t\t\t\t\t<\/div> \n\t\t\t\n\t\t\t\t<div id=\"ngg-image-5\" class=\"ngg-gallery-thumbnail-box ngg-3-columns\" >\n\t\t\t\t        <div class=\"ngg-gallery-thumbnail\">\n            <a href=\"https:\/\/sp17.pl\/wp-content\/gallery\/sad-1\/szkolny_sad-wiosna-2020-6.JPG\"\n               title=\"\"\n               data-src=\"https:\/\/sp17.pl\/wp-content\/gallery\/sad-1\/szkolny_sad-wiosna-2020-6.JPG\"\n               data-thumbnail=\"https:\/\/sp17.pl\/wp-content\/gallery\/sad-1\/thumbs\/thumbs_szkolny_sad-wiosna-2020-6.JPG\"\n               data-image-id=\"770\"\n               data-title=\"SZKOLNY SAD SP17 ZIELONA G\u00d3RA\"\n               data-description=\"\"\n               data-image-slug=\"szkolny_sad-wiosna-2020-6\"\n               class=\"ngg-simplelightbox\" rel=\"2b3baa98e8a7515ffb66ef8761b3b048\">\n                <img\n                    title=\"SZKOLNY SAD SP17 ZIELONA G\u00d3RA\"\n                    alt=\"SZKOLNY SAD SP17 ZIELONA G\u00d3RA\"\n                    src=\"https:\/\/sp17.pl\/wp-content\/gallery\/sad-1\/thumbs\/thumbs_szkolny_sad-wiosna-2020-6.JPG\"\n                    width=\"240\"\n                    height=\"160\"\n                    style=\"max-width:100%;\"\n                \/>\n            <\/a>\n        <\/div>\n\t\t\t\t\t\t\t<\/div> \n\t\t\t\n\t\t\t\t<div id=\"ngg-image-6\" class=\"ngg-gallery-thumbnail-box ngg-3-columns\" >\n\t\t\t\t        <div class=\"ngg-gallery-thumbnail\">\n            <a href=\"https:\/\/sp17.pl\/wp-content\/gallery\/sad-1\/szkolny_sad-wiosna-2020-7.JPG\"\n               title=\"\"\n               data-src=\"https:\/\/sp17.pl\/wp-content\/gallery\/sad-1\/szkolny_sad-wiosna-2020-7.JPG\"\n               data-thumbnail=\"https:\/\/sp17.pl\/wp-content\/gallery\/sad-1\/thumbs\/thumbs_szkolny_sad-wiosna-2020-7.JPG\"\n               data-image-id=\"771\"\n               data-title=\"SZKOLNY SAD SP17 ZIELONA G\u00d3RA\"\n               data-description=\"\"\n               data-image-slug=\"szkolny_sad-wiosna-2020-7\"\n               class=\"ngg-simplelightbox\" rel=\"2b3baa98e8a7515ffb66ef8761b3b048\">\n                <img\n                    title=\"SZKOLNY SAD SP17 ZIELONA G\u00d3RA\"\n                    alt=\"SZKOLNY SAD SP17 ZIELONA G\u00d3RA\"\n                    src=\"https:\/\/sp17.pl\/wp-content\/gallery\/sad-1\/thumbs\/thumbs_szkolny_sad-wiosna-2020-7.JPG\"\n                    width=\"240\"\n                    height=\"160\"\n                    style=\"max-width:100%;\"\n                \/>\n            <\/a>\n        <\/div>\n\t\t\t\t\t\t\t<\/div> \n\t\t\t\n\t\t\t\t<div id=\"ngg-image-7\" class=\"ngg-gallery-thumbnail-box ngg-3-columns\" >\n\t\t\t\t        <div class=\"ngg-gallery-thumbnail\">\n            <a href=\"https:\/\/sp17.pl\/wp-content\/gallery\/sad-1\/szkolny_sad-wiosna-2020-8.JPG\"\n               title=\"\"\n               data-src=\"https:\/\/sp17.pl\/wp-content\/gallery\/sad-1\/szkolny_sad-wiosna-2020-8.JPG\"\n               data-thumbnail=\"https:\/\/sp17.pl\/wp-content\/gallery\/sad-1\/thumbs\/thumbs_szkolny_sad-wiosna-2020-8.JPG\"\n               data-image-id=\"772\"\n               data-title=\"SZKOLNY SAD SP17 ZIELONA G\u00d3RA\"\n               data-description=\"\"\n               data-image-slug=\"szkolny_sad-wiosna-2020-8\"\n               class=\"ngg-simplelightbox\" rel=\"2b3baa98e8a7515ffb66ef8761b3b048\">\n                <img\n                    title=\"SZKOLNY SAD SP17 ZIELONA G\u00d3RA\"\n                    alt=\"SZKOLNY SAD SP17 ZIELONA G\u00d3RA\"\n                    src=\"https:\/\/sp17.pl\/wp-content\/gallery\/sad-1\/thumbs\/thumbs_szkolny_sad-wiosna-2020-8.JPG\"\n                    width=\"240\"\n                    height=\"160\"\n                    style=\"max-width:100%;\"\n                \/>\n            <\/a>\n        <\/div>\n\t\t\t\t\t\t\t<\/div> \n\t\t\t\n\t\t\t\t<div id=\"ngg-image-8\" class=\"ngg-gallery-thumbnail-box ngg-3-columns\" >\n\t\t\t\t        <div class=\"ngg-gallery-thumbnail\">\n            <a href=\"https:\/\/sp17.pl\/wp-content\/gallery\/sad-1\/szkolny_sad-wiosna-2020-9.JPG\"\n               title=\"\"\n               data-src=\"https:\/\/sp17.pl\/wp-content\/gallery\/sad-1\/szkolny_sad-wiosna-2020-9.JPG\"\n               data-thumbnail=\"https:\/\/sp17.pl\/wp-content\/gallery\/sad-1\/thumbs\/thumbs_szkolny_sad-wiosna-2020-9.JPG\"\n               data-image-id=\"773\"\n               data-title=\"SZKOLNY SAD SP17 ZIELONA G\u00d3RA\"\n               data-description=\"\"\n               data-image-slug=\"szkolny_sad-wiosna-2020-9\"\n               class=\"ngg-simplelightbox\" rel=\"2b3baa98e8a7515ffb66ef8761b3b048\">\n                <img\n                    title=\"SZKOLNY SAD SP17 ZIELONA G\u00d3RA\"\n                    alt=\"SZKOLNY SAD SP17 ZIELONA G\u00d3RA\"\n                    src=\"https:\/\/sp17.pl\/wp-content\/gallery\/sad-1\/thumbs\/thumbs_szkolny_sad-wiosna-2020-9.JPG\"\n                    width=\"240\"\n                    height=\"160\"\n                    style=\"max-width:100%;\"\n                \/>\n            <\/a>\n        <\/div>\n\t\t\t\t\t\t\t<\/div> \n\t\t\t\n\t\t\t\t<div id=\"ngg-image-9\" class=\"ngg-gallery-thumbnail-box ngg-3-columns\" >\n\t\t\t\t        <div class=\"ngg-gallery-thumbnail\">\n            <a href=\"https:\/\/sp17.pl\/wp-content\/gallery\/sad-1\/szkolny_sad-wiosna-2020-10.JPG\"\n               title=\"\"\n               data-src=\"https:\/\/sp17.pl\/wp-content\/gallery\/sad-1\/szkolny_sad-wiosna-2020-10.JPG\"\n               data-thumbnail=\"https:\/\/sp17.pl\/wp-content\/gallery\/sad-1\/thumbs\/thumbs_szkolny_sad-wiosna-2020-10.JPG\"\n               data-image-id=\"774\"\n               data-title=\"SZKOLNY SAD SP17 ZIELONA G\u00d3RA\"\n               data-description=\"\"\n               data-image-slug=\"szkolny_sad-wiosna-2020-10\"\n               class=\"ngg-simplelightbox\" rel=\"2b3baa98e8a7515ffb66ef8761b3b048\">\n                <img\n                    title=\"SZKOLNY SAD SP17 ZIELONA G\u00d3RA\"\n                    alt=\"SZKOLNY SAD SP17 ZIELONA G\u00d3RA\"\n                    src=\"https:\/\/sp17.pl\/wp-content\/gallery\/sad-1\/thumbs\/thumbs_szkolny_sad-wiosna-2020-10.JPG\"\n                    width=\"240\"\n                    height=\"160\"\n                    style=\"max-width:100%;\"\n                \/>\n            <\/a>\n        <\/div>\n\t\t\t\t\t\t\t<\/div> \n\t\t\t\n\t\t\t\t<div id=\"ngg-image-10\" class=\"ngg-gallery-thumbnail-box ngg-3-columns\" >\n\t\t\t\t        <div class=\"ngg-gallery-thumbnail\">\n            <a href=\"https:\/\/sp17.pl\/wp-content\/gallery\/sad-1\/szkolny_sad-wiosna-2020-11-1.JPG\"\n               title=\"\"\n               data-src=\"https:\/\/sp17.pl\/wp-content\/gallery\/sad-1\/szkolny_sad-wiosna-2020-11-1.JPG\"\n               data-thumbnail=\"https:\/\/sp17.pl\/wp-content\/gallery\/sad-1\/thumbs\/thumbs_szkolny_sad-wiosna-2020-11-1.JPG\"\n               data-image-id=\"775\"\n               data-title=\"SZKOLNY SAD SP17 ZIELONA G\u00d3RA\"\n               data-description=\"\"\n               data-image-slug=\"szkolny_sad-wiosna-2020-11-1\"\n               class=\"ngg-simplelightbox\" rel=\"2b3baa98e8a7515ffb66ef8761b3b048\">\n                <img\n                    title=\"SZKOLNY SAD SP17 ZIELONA G\u00d3RA\"\n                    alt=\"SZKOLNY SAD SP17 ZIELONA G\u00d3RA\"\n                    src=\"https:\/\/sp17.pl\/wp-content\/gallery\/sad-1\/thumbs\/thumbs_szkolny_sad-wiosna-2020-11-1.JPG\"\n                    width=\"240\"\n                    height=\"160\"\n                    style=\"max-width:100%;\"\n                \/>\n            <\/a>\n        <\/div>\n\t\t\t\t\t\t\t<\/div> \n\t\t\t\n\t\t\t\t<div id=\"ngg-image-11\" class=\"ngg-gallery-thumbnail-box ngg-3-columns\" >\n\t\t\t\t        <div class=\"ngg-gallery-thumbnail\">\n            <a href=\"https:\/\/sp17.pl\/wp-content\/gallery\/sad-1\/szkolny_sad-wiosna-2020-12.JPG\"\n               title=\"\"\n               data-src=\"https:\/\/sp17.pl\/wp-content\/gallery\/sad-1\/szkolny_sad-wiosna-2020-12.JPG\"\n               data-thumbnail=\"https:\/\/sp17.pl\/wp-content\/gallery\/sad-1\/thumbs\/thumbs_szkolny_sad-wiosna-2020-12.JPG\"\n               data-image-id=\"776\"\n               data-title=\"SZKOLNY SAD SP17 ZIELONA G\u00d3RA\"\n               data-description=\"\"\n               data-image-slug=\"szkolny_sad-wiosna-2020-12\"\n               class=\"ngg-simplelightbox\" rel=\"2b3baa98e8a7515ffb66ef8761b3b048\">\n                <img\n                    title=\"SZKOLNY SAD SP17 ZIELONA G\u00d3RA\"\n                    alt=\"SZKOLNY SAD SP17 ZIELONA G\u00d3RA\"\n                    src=\"https:\/\/sp17.pl\/wp-content\/gallery\/sad-1\/thumbs\/thumbs_szkolny_sad-wiosna-2020-12.JPG\"\n                    width=\"240\"\n                    height=\"160\"\n                    style=\"max-width:100%;\"\n                \/>\n            <\/a>\n        <\/div>\n\t\t\t\t\t\t\t<\/div> \n\t\t\t\n\t\t\t\t<div id=\"ngg-image-12\" class=\"ngg-gallery-thumbnail-box ngg-3-columns\" >\n\t\t\t\t        <div class=\"ngg-gallery-thumbnail\">\n            <a href=\"https:\/\/sp17.pl\/wp-content\/gallery\/sad-1\/szkolny_sad-wiosna-2020-13.JPG\"\n               title=\"\"\n               data-src=\"https:\/\/sp17.pl\/wp-content\/gallery\/sad-1\/szkolny_sad-wiosna-2020-13.JPG\"\n               data-thumbnail=\"https:\/\/sp17.pl\/wp-content\/gallery\/sad-1\/thumbs\/thumbs_szkolny_sad-wiosna-2020-13.JPG\"\n               data-image-id=\"777\"\n               data-title=\"SZKOLNY SAD SP17 ZIELONA G\u00d3RA\"\n               data-description=\"\"\n               data-image-slug=\"szkolny_sad-wiosna-2020-13\"\n               class=\"ngg-simplelightbox\" rel=\"2b3baa98e8a7515ffb66ef8761b3b048\">\n                <img\n                    title=\"SZKOLNY SAD SP17 ZIELONA G\u00d3RA\"\n                    alt=\"SZKOLNY SAD SP17 ZIELONA G\u00d3RA\"\n                    src=\"https:\/\/sp17.pl\/wp-content\/gallery\/sad-1\/thumbs\/thumbs_szkolny_sad-wiosna-2020-13.JPG\"\n                    width=\"240\"\n                    height=\"160\"\n                    style=\"max-width:100%;\"\n                \/>\n            <\/a>\n        <\/div>\n\t\t\t\t\t\t\t<\/div> \n\t\t\t\n\t\n\t<br style=\"clear: both\" \/>\n\n\t\n\t\t<!-- Pagination -->\n\t<div class='ngg-clear'><\/div>\t<\/div>\n\n","protected":false},"excerpt":{"rendered":"<p>&nbsp;Zastanawiali\u015bcie si\u0119 co s\u0142ycha\u0107 w Waszym szkolnym sadzie?&nbsp; Nie wiemy co i jak kwit\u0142o w kwietniu, ale\u2026&nbsp; &nbsp; &nbsp; &nbsp; na m\u0142odych krzaczkach Czarnych Porzeczek wida\u0107 pierwsze zielone owoce.&nbsp; &nbsp; &nbsp; &nbsp; &nbsp; &nbsp; &nbsp; &nbsp; &nbsp; &nbsp; &nbsp; &nbsp; &nbsp; &nbsp; &nbsp; &nbsp; &nbsp; &nbsp; &nbsp; &nbsp; &nbsp; &nbsp; &nbsp; &nbsp; &nbsp; &nbsp; &nbsp; &hellip;<\/p>\n<p class=\"read-more\"> <a class=\"\" href=\"https:\/\/sp17.pl\/?p=2637\"> <span class=\"screen-reader-text\">Szkolny sad<\/span> Czytaj wi\u0119cej<\/a><\/p>\n","protected":false},"author":1,"featured_media":2652,"comment_status":"closed","ping_status":"open","sticky":false,"template":"","format":"standard","meta":{"ngg_post_thumbnail":0,"site-sidebar-layout":"default","site-content-layout":"","ast-site-content-layout":"","site-content-style":"default","site-sidebar-style":"default","ast-global-header-display":"","ast-banner-title-visibility":"","ast-main-header-display":"","ast-hfb-above-header-display":"","ast-hfb-below-header-display":"","ast-hfb-mobile-header-display":"","site-post-title":"","ast-breadcrumbs-content":"","ast-featured-img":"","footer-sml-layout":"","theme-transparent-header-meta":"","adv-header-id-meta":"","stick-header-meta":"","header-above-stick-meta":"","header-main-stick-meta":"","header-below-stick-meta":"","astra-migrate-meta-layouts":"default","ast-page-background-enabled":"default","ast-page-background-meta":{"desktop":{"background-color":"var(--ast-global-color-4)","background-image":"","background-repeat":"repeat","background-position":"center center","background-size":"auto","background-attachment":"scroll","background-type":"","background-media":"","overlay-type":"","overlay-color":"","overlay-gradient":""},"tablet":{"background-color":"","background-image":"","background-repeat":"repeat","background-position":"center center","background-size":"auto","background-attachment":"scroll","background-type":"","background-media":"","overlay-type":"","overlay-color":"","overlay-gradient":""},"mobile":{"background-color":"","background-image":"","background-repeat":"repeat","background-position":"center center","background-size":"auto","background-attachment":"scroll","background-type":"","background-media":"","overlay-type":"","overlay-color":"","overlay-gradient":""}},"ast-content-background-meta":{"desktop":{"background-color":"var(--ast-global-color-5)","background-image":"","background-repeat":"repeat","background-position":"center center","background-size":"auto","background-attachment":"scroll","background-type":"","background-media":"","overlay-type":"","overlay-color":"","overlay-gradient":""},"tablet":{"background-color":"var(--ast-global-color-5)","background-image":"","background-repeat":"repeat","background-position":"center center","background-size":"auto","background-attachment":"scroll","background-type":"","background-media":"","overlay-type":"","overlay-color":"","overlay-gradient":""},"mobile":{"background-color":"var(--ast-global-color-5)","background-image":"","background-repeat":"repeat","background-position":"center center","background-size":"auto","background-attachment":"scroll","background-type":"","background-media":"","overlay-type":"","overlay-color":"","overlay-gradient":""}},"footnotes":""},"categories":[6],"tags":[],"_links":{"self":[{"href":"https:\/\/sp17.pl\/index.php?rest_route=\/wp\/v2\/posts\/2637"}],"collection":[{"href":"https:\/\/sp17.pl\/index.php?rest_route=\/wp\/v2\/posts"}],"about":[{"href":"https:\/\/sp17.pl\/index.php?rest_route=\/wp\/v2\/types\/post"}],"author":[{"embeddable":true,"href":"https:\/\/sp17.pl\/index.php?rest_route=\/wp\/v2\/users\/1"}],"replies":[{"embeddable":true,"href":"https:\/\/sp17.pl\/index.php?rest_route=%2Fwp%2Fv2%2Fcomments&post=2637"}],"version-history":[{"count":1,"href":"https:\/\/sp17.pl\/index.php?rest_route=\/wp\/v2\/posts\/2637\/revisions"}],"predecessor-version":[{"id":2653,"href":"https:\/\/sp17.pl\/index.php?rest_route=\/wp\/v2\/posts\/2637\/revisions\/2653"}],"wp:featuredmedia":[{"embeddable":true,"href":"https:\/\/sp17.pl\/index.php?rest_route=\/wp\/v2\/media\/2652"}],"wp:attachment":[{"href":"https:\/\/sp17.pl\/index.php?rest_route=%2Fwp%2Fv2%2Fmedia&parent=2637"}],"wp:term":[{"taxonomy":"category","embeddable":true,"href":"https:\/\/sp17.pl\/index.php?rest_route=%2Fwp%2Fv2%2Fcategories&post=2637"},{"taxonomy":"post_tag","embeddable":true,"href":"https:\/\/sp17.pl\/index.php?rest_route=%2Fwp%2Fv2%2Ftags&post=2637"}],"curies":[{"name":"wp","href":"https:\/\/api.w.org\/{rel}","templated":true}]}}