{"id":2833,"date":"2020-08-05T13:48:52","date_gmt":"2020-08-05T11:48:52","guid":{"rendered":"https:\/\/sp17.pl\/?p=2833"},"modified":"2020-08-05T14:18:10","modified_gmt":"2020-08-05T12:18:10","slug":"wyprawka-pierwszoklasisty","status":"publish","type":"post","link":"https:\/\/sp17.pl\/?p=2833","title":{"rendered":"Wyprawka pierwszoklasisty"},"content":{"rendered":"\n<h4><strong>Szanowni Rodzice przysz\u0142ych Pierwszoklasist\u00f3w!&nbsp; <\/strong><\/h4>\n<h4><strong>&nbsp; &nbsp; &nbsp; &nbsp; <\/strong>Poniewa\u017c nie mogli\u015bmy si\u0119 spotka\u0107 w czerwcu, tak jak to by\u0142o w zwyczaju, a wiemy, \u017ce macie mn\u00f3stwo pyta\u0144 -postaramy si\u0119 cho\u0107 troch\u0119 rozwia\u0107 w\u0105tpliwo\u015bci. Oczywi\u015bcie wierzymy ,\u017ce spotkamy si\u0119 we wrze\u015bniu .Ale&nbsp; jak Pa\u0144stwo wiecie,&nbsp; decyzje zapadn\u0105 dopiero po 15 sierpnia i nie mamy na to wp\u0142ywu.<\/h4>\n<h5>List\u0119 potrzebnych rzeczy na pewno dostaniecie Pa\u0144stwo na wrze\u015bniowym spotkaniu.&nbsp; Ale&nbsp; niekt\u00f3re rzeczy s\u0105 niezmienne od lat, a wi\u0119c:&nbsp; &nbsp; &nbsp; &nbsp; &nbsp; &nbsp; &nbsp; &nbsp; &nbsp; &nbsp; &nbsp; &nbsp; &nbsp; &nbsp; &nbsp; &nbsp; &nbsp; &nbsp; &nbsp; &nbsp; &nbsp; &nbsp; &nbsp; &nbsp; &nbsp; &nbsp; &nbsp; &nbsp; &nbsp; &nbsp; &nbsp; &nbsp; &nbsp; &nbsp; &nbsp; &nbsp; &nbsp; &nbsp; &nbsp; <strong><span style=\"color: #ff0000;\">&nbsp;<\/span><span style=\"color: #ff0000;\">Tego nie mo\u017ce zabrakn\u0105\u0107 w wyprawce:&nbsp;<\/span>&nbsp; &nbsp; &nbsp; &nbsp; &nbsp; &nbsp; &nbsp; &nbsp; &nbsp; &nbsp; &nbsp; &nbsp; &nbsp; &nbsp; &nbsp; &nbsp; &nbsp; &nbsp; &nbsp; &nbsp; &nbsp; &nbsp; &nbsp; &nbsp; p<\/strong>rzede wszystkim musimy pami\u0119ta\u0107 o&nbsp; &nbsp; &nbsp; &nbsp; &nbsp; &nbsp; &nbsp; &nbsp; &nbsp; &nbsp; &nbsp; &nbsp; &nbsp; &nbsp; &nbsp; &nbsp; &nbsp; &nbsp; &nbsp; &nbsp; &nbsp; &nbsp; &nbsp; &nbsp; &nbsp; &nbsp;*plecaku&nbsp; &nbsp; &nbsp; &nbsp; &nbsp; &nbsp; &nbsp; &nbsp; &nbsp; &nbsp; &nbsp; &nbsp; &nbsp; &nbsp; &nbsp; &nbsp; &nbsp; &nbsp; &nbsp; &nbsp; &nbsp; &nbsp; &nbsp; &nbsp; &nbsp; &nbsp; &nbsp; &nbsp; &nbsp; &nbsp; &nbsp; &nbsp; &nbsp; &nbsp; &nbsp; &nbsp; &nbsp; &nbsp; &nbsp; &nbsp; &nbsp; &nbsp; &nbsp; &nbsp; &nbsp; &nbsp; &nbsp; &nbsp; &nbsp; &nbsp; &nbsp; &nbsp; &nbsp; &nbsp; &nbsp; &nbsp; &nbsp; &nbsp; &nbsp;*pi\u00f3rniku&nbsp; &nbsp; &nbsp; &nbsp; &nbsp; &nbsp; &nbsp; &nbsp; &nbsp; &nbsp; &nbsp; &nbsp; &nbsp; &nbsp; &nbsp; &nbsp; &nbsp; &nbsp; &nbsp; &nbsp; &nbsp; &nbsp; &nbsp; &nbsp; &nbsp; &nbsp; &nbsp; &nbsp; &nbsp; &nbsp; &nbsp; &nbsp; &nbsp; &nbsp; &nbsp; &nbsp; &nbsp; &nbsp; &nbsp; &nbsp; &nbsp; &nbsp; &nbsp; &nbsp; &nbsp; &nbsp; &nbsp; &nbsp; &nbsp; &nbsp; &nbsp; &nbsp; &nbsp; &nbsp; &nbsp; &nbsp; &nbsp; &nbsp;*workach: n<span style=\"color: #000000;\">a buty <\/span>na zmian\u0119 i na str\u00f3j na WF&nbsp; &nbsp; &nbsp; &nbsp; &nbsp; &nbsp; &nbsp; &nbsp; &nbsp; &nbsp; &nbsp; &nbsp; &nbsp; &nbsp; &nbsp; &nbsp; &nbsp; *butach na zmian\u0119&nbsp; &nbsp; &nbsp; &nbsp; &nbsp; &nbsp; &nbsp; &nbsp; &nbsp; &nbsp; &nbsp; &nbsp; &nbsp; &nbsp; &nbsp; &nbsp; &nbsp; &nbsp; &nbsp; &nbsp; &nbsp; &nbsp; &nbsp; &nbsp; &nbsp; &nbsp; &nbsp; &nbsp; &nbsp; &nbsp; &nbsp; &nbsp; &nbsp; &nbsp; &nbsp; &nbsp; &nbsp; &nbsp; &nbsp; &nbsp; &nbsp; &nbsp; &nbsp; &nbsp; &nbsp; &nbsp; &nbsp; *stroju na WF (najcz\u0119\u015bciej to jasna koszulka i ciemne spodenki)<\/h5>\n<h5 class=\"art_paragraph\">Cz\u0119\u015b\u0107 rzeczy<span style=\"color: #000000;\"> dziecko<\/span> b\u0119dzie musia\u0142o nosi\u0107 ze sob\u0105, cz\u0119\u015b\u0107 (g\u0142\u00f3wnie materia\u0142y plastyczne) zostawi w szkole.&nbsp; &nbsp; &nbsp; &nbsp; &nbsp; &nbsp; &nbsp; <span style=\"color: #ff0000;\">&nbsp;W\u015br\u00f3d potrzebnych przedmiot\u00f3w znajduj\u0105 si\u0119:<\/span><\/h5>\n<ul class=\"art_uList\">\n<li class=\"art_list_el\">\n<h5>zeszyty:&nbsp; PROSZ\u0118 ICH&nbsp; NA RAZIE NIE KUPOWA\u0106&nbsp; &nbsp; &nbsp; &nbsp; &nbsp; &nbsp; &nbsp; &nbsp; ( wychowawca 1b preferuje zeszyty A3-sprawa jeszcze do uzgodnienia)<\/h5>\n<\/li>\n<li class=\"art_list_el\">\n<h5>dodatkowy zeszyt 16 kartkowy w kratk\u0119, kt\u00f3ry b\u0119dzie s\u0142u\u017cy\u0107 za dzienniczek<\/h5>\n<\/li>\n<li class=\"art_list_el\">\n<h5>dwa o\u0142\u00f3wki (HB lub 2B, mog\u0105 by\u0107 grubsze, tr\u00f3jk\u0105tne)<\/h5>\n<\/li>\n<li class=\"art_list_el\">\n<h5>gumka do \u015bcierania<\/h5>\n<\/li>\n<li class=\"art_list_el\">\n<h5>zamykana temper\u00f3wka<\/h5>\n<\/li>\n<li class=\"art_list_el\">\n<h5>klej w sztyfcie<\/h5>\n<\/li>\n<li class=\"art_list_el\">\n<h5>kredki o\u0142\u00f3wkowe<\/h5>\n<\/li>\n<li class=\"art_list_el\">\n<h5>no\u017cyczki<\/h5>\n<\/li>\n<li class=\"art_list_el\">\n<h5 class=\"bottom_section\">Te rzeczy ( opr\u00f3cz zeszyt\u00f3w) powinny zmie\u015bci\u0107 si\u0119 w pi\u00f3rniku. Jaki powinien by\u0107? Tu zdania s\u0105 podzielone. Niekt\u00f3rzy uwa\u017caj\u0105, \u017ce lepsze s\u0105 takie typu saszetka, bo dziecko nie marnuje czasu, aby uk\u0142ada\u0107 w nich rzeczy i wi\u0119cej si\u0119 do nich mie\u015bci, inni s\u0105 zdania, \u017ce lepsze s\u0105 pi\u00f3rniki z gumkami, poniewa\u017c tam wszystko jest na swoim miejscu. Najlepiej, aby dziecko wybra\u0142o pi\u00f3rnik, z kt\u00f3rego b\u0119dzie jemu wygodniej korzysta\u0107.&nbsp;<\/h5>\n<\/li>\n<li class=\"art_list_el\">\n<div id=\"gazeta_article_body\">\n<section class=\"art_content\">\n<h5 class=\"art_paragraph\"><span style=\"color: #ff0000;\">W\u015br\u00f3d rzeczy z wyprawki pierwszoklasisty s\u0105 tak\u017ce takie, kt\u00f3re b\u0119d\u0105 zostawiane w szkole. S\u0105 to:<\/span><\/h5>\n<ul class=\"art_uList\">\n<li class=\"art_list_el\">\n<h5>blok rysunkowy w formacie A4 &#8211; bia\u0142y i kolorowy<\/h5>\n<\/li>\n<li class=\"art_list_el\">\n<h5>blok techniczny w formacie A4 &#8211; bia\u0142y i kolorowy<\/h5>\n<\/li>\n<li class=\"art_list_el\">\n<h5>farby plakatowe &#8211; 12 kolor\u00f3w<\/h5>\n<\/li>\n<li class=\"art_list_el\">\n<h5>p\u0119dzle<\/h5>\n<\/li>\n<li class=\"art_list_el\">\n<h5>pastele olejne<\/h5>\n<\/li>\n<li class=\"art_list_el\">\n<h5>plastelina &#8211; 12 kolor\u00f3w<\/h5>\n<\/li>\n<li class=\"art_list_el\">\n<h5>papier kolorowy<\/h5>\n<\/li>\n<li class=\"art_list_el\">\n<h5>krepina &#8211; kilka kolor\u00f3w<\/h5>\n<\/li>\n<li class=\"art_list_el\">\n<h5>teczka na gumk\u0119 (do przechowywania prac)&nbsp;<\/h5>\n<\/li>\n<li class=\"art_list_el\">\n<h5>Rzeczy powinny by\u0107 spakowane w sztywn\u0105&nbsp; teczk\u0119.&nbsp; <span style=\"color: #ff0000;\">Wszystkie rzeczy powinny by\u0107 podpisane<\/span>, a ucze\u0144 powinien wiedzie\u0107, co ma i jak wygl\u0105daj\u0105 jego rzeczy. Dlatego na zakupy najlepiej zabra\u0107 dziecko i&nbsp; da\u0107 mu si\u0119 z nimi zapozna\u0107 wcze\u015bniej.<\/h5>\n<\/li>\n<\/ul>\n<\/section>\n<\/div>\n<\/li>\n<\/ul>\n<h5>&nbsp;<\/h5>\n<h5>&nbsp;<\/h5>\n","protected":false},"excerpt":{"rendered":"<p>Szanowni Rodzice przysz\u0142ych Pierwszoklasist\u00f3w!&nbsp; &nbsp; &nbsp; &nbsp; &nbsp; Poniewa\u017c nie mogli\u015bmy si\u0119 spotka\u0107 w czerwcu, tak jak to by\u0142o w zwyczaju, a wiemy, \u017ce macie mn\u00f3stwo pyta\u0144 -postaramy si\u0119 cho\u0107 troch\u0119 rozwia\u0107 w\u0105tpliwo\u015bci. Oczywi\u015bcie wierzymy ,\u017ce spotkamy si\u0119 we wrze\u015bniu .Ale&nbsp; jak Pa\u0144stwo wiecie,&nbsp; decyzje zapadn\u0105 dopiero po 15 sierpnia i nie mamy na to &hellip;<\/p>\n<p class=\"read-more\"> <a class=\"\" href=\"https:\/\/sp17.pl\/?p=2833\"> <span class=\"screen-reader-text\">Wyprawka pierwszoklasisty<\/span> Czytaj wi\u0119cej<\/a><\/p>\n","protected":false},"author":1,"featured_media":2834,"comment_status":"closed","ping_status":"closed","sticky":false,"template":"","format":"standard","meta":{"ngg_post_thumbnail":0,"site-sidebar-layout":"default","site-content-layout":"","ast-site-content-layout":"","site-content-style":"default","site-sidebar-style":"default","ast-global-header-display":"","ast-banner-title-visibility":"","ast-main-header-display":"","ast-hfb-above-header-display":"","ast-hfb-below-header-display":"","ast-hfb-mobile-header-display":"","site-post-title":"","ast-breadcrumbs-content":"","ast-featured-img":"","footer-sml-layout":"","theme-transparent-header-meta":"","adv-header-id-meta":"","stick-header-meta":"","header-above-stick-meta":"","header-main-stick-meta":"","header-below-stick-meta":"","astra-migrate-meta-layouts":"default","ast-page-background-enabled":"default","ast-page-background-meta":{"desktop":{"background-color":"var(--ast-global-color-4)","background-image":"","background-repeat":"repeat","background-position":"center center","background-size":"auto","background-attachment":"scroll","background-type":"","background-media":"","overlay-type":"","overlay-color":"","overlay-gradient":""},"tablet":{"background-color":"","background-image":"","background-repeat":"repeat","background-position":"center center","background-size":"auto","background-attachment":"scroll","background-type":"","background-media":"","overlay-type":"","overlay-color":"","overlay-gradient":""},"mobile":{"background-color":"","background-image":"","background-repeat":"repeat","background-position":"center center","background-size":"auto","background-attachment":"scroll","background-type":"","background-media":"","overlay-type":"","overlay-color":"","overlay-gradient":""}},"ast-content-background-meta":{"desktop":{"background-color":"var(--ast-global-color-5)","background-image":"","background-repeat":"repeat","background-position":"center center","background-size":"auto","background-attachment":"scroll","background-type":"","background-media":"","overlay-type":"","overlay-color":"","overlay-gradient":""},"tablet":{"background-color":"var(--ast-global-color-5)","background-image":"","background-repeat":"repeat","background-position":"center center","background-size":"auto","background-attachment":"scroll","background-type":"","background-media":"","overlay-type":"","overlay-color":"","overlay-gradient":""},"mobile":{"background-color":"var(--ast-global-color-5)","background-image":"","background-repeat":"repeat","background-position":"center center","background-size":"auto","background-attachment":"scroll","background-type":"","background-media":"","overlay-type":"","overlay-color":"","overlay-gradient":""}},"footnotes":""},"categories":[6],"tags":[],"_links":{"self":[{"href":"https:\/\/sp17.pl\/index.php?rest_route=\/wp\/v2\/posts\/2833"}],"collection":[{"href":"https:\/\/sp17.pl\/index.php?rest_route=\/wp\/v2\/posts"}],"about":[{"href":"https:\/\/sp17.pl\/index.php?rest_route=\/wp\/v2\/types\/post"}],"author":[{"embeddable":true,"href":"https:\/\/sp17.pl\/index.php?rest_route=\/wp\/v2\/users\/1"}],"replies":[{"embeddable":true,"href":"https:\/\/sp17.pl\/index.php?rest_route=%2Fwp%2Fv2%2Fcomments&post=2833"}],"version-history":[{"count":4,"href":"https:\/\/sp17.pl\/index.php?rest_route=\/wp\/v2\/posts\/2833\/revisions"}],"predecessor-version":[{"id":2838,"href":"https:\/\/sp17.pl\/index.php?rest_route=\/wp\/v2\/posts\/2833\/revisions\/2838"}],"wp:featuredmedia":[{"embeddable":true,"href":"https:\/\/sp17.pl\/index.php?rest_route=\/wp\/v2\/media\/2834"}],"wp:attachment":[{"href":"https:\/\/sp17.pl\/index.php?rest_route=%2Fwp%2Fv2%2Fmedia&parent=2833"}],"wp:term":[{"taxonomy":"category","embeddable":true,"href":"https:\/\/sp17.pl\/index.php?rest_route=%2Fwp%2Fv2%2Fcategories&post=2833"},{"taxonomy":"post_tag","embeddable":true,"href":"https:\/\/sp17.pl\/index.php?rest_route=%2Fwp%2Fv2%2Ftags&post=2833"}],"curies":[{"name":"wp","href":"https:\/\/api.w.org\/{rel}","templated":true}]}}