{"id":3018,"date":"2020-10-06T21:11:53","date_gmt":"2020-10-06T19:11:53","guid":{"rendered":"https:\/\/sp17.pl\/?p=3018"},"modified":"2020-10-06T21:12:27","modified_gmt":"2020-10-06T19:12:27","slug":"debata","status":"publish","type":"post","link":"https:\/\/sp17.pl\/?p=3018","title":{"rendered":"DEBATA"},"content":{"rendered":"\n<h4 style=\"text-align: justify;\">We wtorek w naszej szkole, w zwi\u0105zku ze zbli\u017caj\u0105cymi si\u0119&nbsp; wyborami do Rady Samorz\u0105du Uczniowskiego, odby\u0142a si\u0119 debata. Ka\u017cdy z kandydat\u00f3w&nbsp; &nbsp;przedstawia\u0142&nbsp; &nbsp; &nbsp; &nbsp; swoje&nbsp; &nbsp; &nbsp; &nbsp; pomys\u0142y&nbsp; &nbsp; &nbsp; &nbsp; &nbsp; &nbsp; &nbsp; &nbsp; &nbsp; i odpowiada\u0142 na liczne pytania przedstawicieli klas. Program ka\u017cdego z kandydat\u00f3w wywieszony jest w gablocie Samorz\u0105du Uczniowskiego na II pi\u0119trze. Wybory w najbli\u017cszy pi\u0105tek, kiedy to po zliczeniu g\u0142os\u00f3w poznamy zwyci\u0119zc\u00f3w.<\/h4>\n<!-- default-view.php -->\n<div\n\tclass=\"ngg-galleryoverview default-view \"\n\tid=\"ngg-gallery-af59aa10d67c4a1cb63bef346b99d0d1-1\">\n\n\t\t<!-- Thumbnails -->\n\t\t\t\t<div id=\"ngg-image-0\" class=\"ngg-gallery-thumbnail-box ngg-3-columns\" >\n\t\t\t\t        <div class=\"ngg-gallery-thumbnail\">\n            <a href=\"https:\/\/sp17.pl\/wp-content\/gallery\/debata\/Debata.jpg\"\n               title=\"\"\n               data-src=\"https:\/\/sp17.pl\/wp-content\/gallery\/debata\/Debata.jpg\"\n               data-thumbnail=\"https:\/\/sp17.pl\/wp-content\/gallery\/debata\/thumbs\/thumbs_Debata.jpg\"\n               data-image-id=\"819\"\n               data-title=\"Debata\"\n               data-description=\"\"\n               data-image-slug=\"debata\"\n               class=\"ngg-simplelightbox\" rel=\"af59aa10d67c4a1cb63bef346b99d0d1\">\n                <img\n                    title=\"Debata\"\n                    alt=\"Debata\"\n                    src=\"https:\/\/sp17.pl\/wp-content\/gallery\/debata\/thumbs\/thumbs_Debata.jpg\"\n                    width=\"240\"\n                    height=\"160\"\n                    style=\"max-width:100%;\"\n                \/>\n            <\/a>\n        <\/div>\n\t\t\t\t\t\t\t<\/div> \n\t\t\t\n\t\t\t\t<div id=\"ngg-image-1\" class=\"ngg-gallery-thumbnail-box ngg-3-columns\" >\n\t\t\t\t        <div class=\"ngg-gallery-thumbnail\">\n            <a href=\"https:\/\/sp17.pl\/wp-content\/gallery\/debata\/debata1.jpg\"\n               title=\"\"\n               data-src=\"https:\/\/sp17.pl\/wp-content\/gallery\/debata\/debata1.jpg\"\n               data-thumbnail=\"https:\/\/sp17.pl\/wp-content\/gallery\/debata\/thumbs\/thumbs_debata1.jpg\"\n               data-image-id=\"820\"\n               data-title=\"debata1\"\n               data-description=\"\"\n               data-image-slug=\"debata1\"\n               class=\"ngg-simplelightbox\" rel=\"af59aa10d67c4a1cb63bef346b99d0d1\">\n                <img\n                    title=\"debata1\"\n                    alt=\"debata1\"\n                    src=\"https:\/\/sp17.pl\/wp-content\/gallery\/debata\/thumbs\/thumbs_debata1.jpg\"\n                    width=\"240\"\n                    height=\"160\"\n                    style=\"max-width:100%;\"\n                \/>\n            <\/a>\n        <\/div>\n\t\t\t\t\t\t\t<\/div> \n\t\t\t\n\t\t\t\t<div id=\"ngg-image-2\" class=\"ngg-gallery-thumbnail-box ngg-3-columns\" >\n\t\t\t\t        <div class=\"ngg-gallery-thumbnail\">\n            <a href=\"https:\/\/sp17.pl\/wp-content\/gallery\/debata\/debata2.jpg\"\n               title=\"\"\n               data-src=\"https:\/\/sp17.pl\/wp-content\/gallery\/debata\/debata2.jpg\"\n               data-thumbnail=\"https:\/\/sp17.pl\/wp-content\/gallery\/debata\/thumbs\/thumbs_debata2.jpg\"\n               data-image-id=\"821\"\n               data-title=\"debata2\"\n               data-description=\"\"\n               data-image-slug=\"debata2\"\n               class=\"ngg-simplelightbox\" rel=\"af59aa10d67c4a1cb63bef346b99d0d1\">\n                <img\n                    title=\"debata2\"\n                    alt=\"debata2\"\n                    src=\"https:\/\/sp17.pl\/wp-content\/gallery\/debata\/thumbs\/thumbs_debata2.jpg\"\n                    width=\"240\"\n                    height=\"160\"\n                    style=\"max-width:100%;\"\n                \/>\n            <\/a>\n        <\/div>\n\t\t\t\t\t\t\t<\/div> \n\t\t\t\n\t\t\t\t<div id=\"ngg-image-3\" class=\"ngg-gallery-thumbnail-box ngg-3-columns\" >\n\t\t\t\t        <div class=\"ngg-gallery-thumbnail\">\n            <a href=\"https:\/\/sp17.pl\/wp-content\/gallery\/debata\/debata3.jpg\"\n               title=\"\"\n               data-src=\"https:\/\/sp17.pl\/wp-content\/gallery\/debata\/debata3.jpg\"\n               data-thumbnail=\"https:\/\/sp17.pl\/wp-content\/gallery\/debata\/thumbs\/thumbs_debata3.jpg\"\n               data-image-id=\"822\"\n               data-title=\"debata3\"\n               data-description=\"\"\n               data-image-slug=\"debata3\"\n               class=\"ngg-simplelightbox\" rel=\"af59aa10d67c4a1cb63bef346b99d0d1\">\n                <img\n                    title=\"debata3\"\n                    alt=\"debata3\"\n                    src=\"https:\/\/sp17.pl\/wp-content\/gallery\/debata\/thumbs\/thumbs_debata3.jpg\"\n                    width=\"240\"\n                    height=\"160\"\n                    style=\"max-width:100%;\"\n                \/>\n            <\/a>\n        <\/div>\n\t\t\t\t\t\t\t<\/div> \n\t\t\t\n\t\t\t\t<div id=\"ngg-image-4\" class=\"ngg-gallery-thumbnail-box ngg-3-columns\" >\n\t\t\t\t        <div class=\"ngg-gallery-thumbnail\">\n            <a href=\"https:\/\/sp17.pl\/wp-content\/gallery\/debata\/debata4.jpg\"\n               title=\"\"\n               data-src=\"https:\/\/sp17.pl\/wp-content\/gallery\/debata\/debata4.jpg\"\n               data-thumbnail=\"https:\/\/sp17.pl\/wp-content\/gallery\/debata\/thumbs\/thumbs_debata4.jpg\"\n               data-image-id=\"823\"\n               data-title=\"debata4\"\n               data-description=\"\"\n               data-image-slug=\"debata4\"\n               class=\"ngg-simplelightbox\" rel=\"af59aa10d67c4a1cb63bef346b99d0d1\">\n                <img\n                    title=\"debata4\"\n                    alt=\"debata4\"\n                    src=\"https:\/\/sp17.pl\/wp-content\/gallery\/debata\/thumbs\/thumbs_debata4.jpg\"\n                    width=\"240\"\n                    height=\"160\"\n                    style=\"max-width:100%;\"\n                \/>\n            <\/a>\n        <\/div>\n\t\t\t\t\t\t\t<\/div> \n\t\t\t\n\t\t\t\t<div id=\"ngg-image-5\" class=\"ngg-gallery-thumbnail-box ngg-3-columns\" >\n\t\t\t\t        <div class=\"ngg-gallery-thumbnail\">\n            <a href=\"https:\/\/sp17.pl\/wp-content\/gallery\/debata\/debata5.jpg\"\n               title=\"\"\n               data-src=\"https:\/\/sp17.pl\/wp-content\/gallery\/debata\/debata5.jpg\"\n               data-thumbnail=\"https:\/\/sp17.pl\/wp-content\/gallery\/debata\/thumbs\/thumbs_debata5.jpg\"\n               data-image-id=\"824\"\n               data-title=\"debata5\"\n               data-description=\"\"\n               data-image-slug=\"debata5\"\n               class=\"ngg-simplelightbox\" rel=\"af59aa10d67c4a1cb63bef346b99d0d1\">\n                <img\n                    title=\"debata5\"\n                    alt=\"debata5\"\n                    src=\"https:\/\/sp17.pl\/wp-content\/gallery\/debata\/thumbs\/thumbs_debata5.jpg\"\n                    width=\"240\"\n                    height=\"160\"\n                    style=\"max-width:100%;\"\n                \/>\n            <\/a>\n        <\/div>\n\t\t\t\t\t\t\t<\/div> \n\t\t\t\n\t\n\t<br style=\"clear: both\" \/>\n\n\t\n\t\t<!-- Pagination -->\n\t<div class='ngg-clear'><\/div>\t<\/div>\n\n","protected":false},"excerpt":{"rendered":"<p>We wtorek w naszej szkole, w zwi\u0105zku ze zbli\u017caj\u0105cymi si\u0119&nbsp; wyborami do Rady Samorz\u0105du Uczniowskiego, odby\u0142a si\u0119 debata. Ka\u017cdy z kandydat\u00f3w&nbsp; &nbsp;przedstawia\u0142&nbsp; &nbsp; &nbsp; &nbsp; swoje&nbsp; &nbsp; &nbsp; &nbsp; pomys\u0142y&nbsp; &nbsp; &nbsp; &nbsp; &nbsp; &nbsp; &nbsp; &nbsp; &nbsp; i odpowiada\u0142 na liczne pytania przedstawicieli klas. Program ka\u017cdego z kandydat\u00f3w wywieszony jest w gablocie Samorz\u0105du Uczniowskiego &hellip;<\/p>\n<p class=\"read-more\"> <a class=\"\" href=\"https:\/\/sp17.pl\/?p=3018\"> <span class=\"screen-reader-text\">DEBATA<\/span> Czytaj wi\u0119cej<\/a><\/p>\n","protected":false},"author":1,"featured_media":3019,"comment_status":"closed","ping_status":"open","sticky":false,"template":"","format":"standard","meta":{"ngg_post_thumbnail":0,"site-sidebar-layout":"default","site-content-layout":"","ast-site-content-layout":"","site-content-style":"default","site-sidebar-style":"default","ast-global-header-display":"","ast-banner-title-visibility":"","ast-main-header-display":"","ast-hfb-above-header-display":"","ast-hfb-below-header-display":"","ast-hfb-mobile-header-display":"","site-post-title":"","ast-breadcrumbs-content":"","ast-featured-img":"","footer-sml-layout":"","theme-transparent-header-meta":"","adv-header-id-meta":"","stick-header-meta":"","header-above-stick-meta":"","header-main-stick-meta":"","header-below-stick-meta":"","astra-migrate-meta-layouts":"default","ast-page-background-enabled":"default","ast-page-background-meta":{"desktop":{"background-color":"var(--ast-global-color-4)","background-image":"","background-repeat":"repeat","background-position":"center center","background-size":"auto","background-attachment":"scroll","background-type":"","background-media":"","overlay-type":"","overlay-color":"","overlay-gradient":""},"tablet":{"background-color":"","background-image":"","background-repeat":"repeat","background-position":"center center","background-size":"auto","background-attachment":"scroll","background-type":"","background-media":"","overlay-type":"","overlay-color":"","overlay-gradient":""},"mobile":{"background-color":"","background-image":"","background-repeat":"repeat","background-position":"center center","background-size":"auto","background-attachment":"scroll","background-type":"","background-media":"","overlay-type":"","overlay-color":"","overlay-gradient":""}},"ast-content-background-meta":{"desktop":{"background-color":"var(--ast-global-color-5)","background-image":"","background-repeat":"repeat","background-position":"center center","background-size":"auto","background-attachment":"scroll","background-type":"","background-media":"","overlay-type":"","overlay-color":"","overlay-gradient":""},"tablet":{"background-color":"var(--ast-global-color-5)","background-image":"","background-repeat":"repeat","background-position":"center center","background-size":"auto","background-attachment":"scroll","background-type":"","background-media":"","overlay-type":"","overlay-color":"","overlay-gradient":""},"mobile":{"background-color":"var(--ast-global-color-5)","background-image":"","background-repeat":"repeat","background-position":"center center","background-size":"auto","background-attachment":"scroll","background-type":"","background-media":"","overlay-type":"","overlay-color":"","overlay-gradient":""}},"footnotes":""},"categories":[6],"tags":[],"_links":{"self":[{"href":"https:\/\/sp17.pl\/index.php?rest_route=\/wp\/v2\/posts\/3018"}],"collection":[{"href":"https:\/\/sp17.pl\/index.php?rest_route=\/wp\/v2\/posts"}],"about":[{"href":"https:\/\/sp17.pl\/index.php?rest_route=\/wp\/v2\/types\/post"}],"author":[{"embeddable":true,"href":"https:\/\/sp17.pl\/index.php?rest_route=\/wp\/v2\/users\/1"}],"replies":[{"embeddable":true,"href":"https:\/\/sp17.pl\/index.php?rest_route=%2Fwp%2Fv2%2Fcomments&post=3018"}],"version-history":[{"count":2,"href":"https:\/\/sp17.pl\/index.php?rest_route=\/wp\/v2\/posts\/3018\/revisions"}],"predecessor-version":[{"id":3028,"href":"https:\/\/sp17.pl\/index.php?rest_route=\/wp\/v2\/posts\/3018\/revisions\/3028"}],"wp:featuredmedia":[{"embeddable":true,"href":"https:\/\/sp17.pl\/index.php?rest_route=\/wp\/v2\/media\/3019"}],"wp:attachment":[{"href":"https:\/\/sp17.pl\/index.php?rest_route=%2Fwp%2Fv2%2Fmedia&parent=3018"}],"wp:term":[{"taxonomy":"category","embeddable":true,"href":"https:\/\/sp17.pl\/index.php?rest_route=%2Fwp%2Fv2%2Fcategories&post=3018"},{"taxonomy":"post_tag","embeddable":true,"href":"https:\/\/sp17.pl\/index.php?rest_route=%2Fwp%2Fv2%2Ftags&post=3018"}],"curies":[{"name":"wp","href":"https:\/\/api.w.org\/{rel}","templated":true}]}}