{"id":3133,"date":"2020-11-06T10:41:13","date_gmt":"2020-11-06T09:41:13","guid":{"rendered":"https:\/\/sp17.pl\/?p=3133"},"modified":"2020-12-12T10:10:53","modified_gmt":"2020-12-12T09:10:53","slug":"opieka-swietlicy-od-9-11-2020","status":"publish","type":"post","link":"https:\/\/sp17.pl\/?p=3133","title":{"rendered":"Opieka \u015awietlicy                      od 9.11.2020"},"content":{"rendered":"\n<p><\/p>\n\n\n\n<h5 style=\"text-align: justify;\">Od 9 listopada 2020 r. do dnia 29 listopada 2020 r. uczniowie&nbsp; &nbsp; &nbsp; &nbsp; &nbsp; klas I- III szk\u00f3\u0142 podstawowych b\u0119d\u0105 tak\u017ce uczy\u0107 si\u0119 zdalnie.<\/h5>\n<h5 style=\"text-align: justify;\">W Rozporz\u0105dzeniu Ministra Edukacji i Nauki z dnia 5 listopada 2020 r. zmieniaj\u0105cym rozporz\u0105dzenie w sprawie czasowego ograniczenia funkcjonowania jednostek systemu o\u015bwiaty w zwi\u0105zku z zapobieganiem, przeciwdzia\u0142aniem i zwalczaniem COVID-19 jest napisane:<\/h5>\n<h5 style=\"text-align: justify;\">\u201e\u00a7 2c. Od dnia 9 listopada 2020 r. do dnia 29 listopada 2020 r. szko\u0142a podstawowa oraz szko\u0142a artystyczna realizuj\u0105ca kszta\u0142cenie og\u00f3lne w zakresie szko\u0142y podstawowej jest obowi\u0105zana prowadzi\u0107 dzia\u0142alno\u015b\u0107 opieku\u0144cz\u0105 dla dzieci os\u00f3b zatrudnionych w podmiotach wykonuj\u0105cych dzia\u0142alno\u015b\u0107 lecznicz\u0105 oraz innych os\u00f3b realizuj\u0105cych zadania publiczne w zwi\u0105zku z zapobieganiem, przeciwdzia\u0142aniem i zwalczaniem COVID-19, ucz\u0119szczaj\u0105cych do klas I\u2013III szko\u0142y podstawowej &#8222;.<\/h5>\n<h5 style=\"text-align: justify;\">W zwi\u0105zku z powy\u017cszym zapisem, bardzo prosz\u0119 o informacj\u0119,&nbsp; kt\u00f3re dzieci b\u0119d\u0105 pod opiek\u0105 \u015bwietlicy szkolnej od dnia 9 listopada 2020 r.<\/h5>\n<h5 style=\"text-align: justify;\">Prosz\u0119 dzwoni\u0107 w tej sprawie do sekretariatu szko\u0142y lub pisa\u0107&nbsp; &nbsp; &nbsp; &nbsp; &nbsp; &nbsp; na dzienniku elektronicznym do sekretariatu \u2013 Ewa Zaleska . Serdecznie pozdrawiam i \u017cycz\u0119 wszystkiego, co najlepsze, w tym trudnym dla nas czasie.<\/h5>\n<h5 style=\"text-align: justify;\">Dyrektor Szko\u0142y Joanna \u0141y\u0142yk<\/h5>\n","protected":false},"excerpt":{"rendered":"<p>Od 9 listopada 2020 r. do dnia 29 listopada 2020 r. uczniowie&nbsp; &nbsp; &nbsp; &nbsp; &nbsp; klas I- III szk\u00f3\u0142 podstawowych b\u0119d\u0105 tak\u017ce uczy\u0107 si\u0119 zdalnie. W Rozporz\u0105dzeniu Ministra Edukacji i Nauki z dnia 5 listopada 2020 r. zmieniaj\u0105cym rozporz\u0105dzenie w sprawie czasowego ograniczenia funkcjonowania jednostek systemu o\u015bwiaty w zwi\u0105zku z zapobieganiem, przeciwdzia\u0142aniem i zwalczaniem &hellip;<\/p>\n<p class=\"read-more\"> <a class=\"\" href=\"https:\/\/sp17.pl\/?p=3133\"> <span class=\"screen-reader-text\">Opieka \u015awietlicy                      od 9.11.2020<\/span> Czytaj wi\u0119cej<\/a><\/p>\n","protected":false},"author":1,"featured_media":2878,"comment_status":"closed","ping_status":"open","sticky":false,"template":"","format":"standard","meta":{"ngg_post_thumbnail":0,"site-sidebar-layout":"default","site-content-layout":"","ast-site-content-layout":"","site-content-style":"default","site-sidebar-style":"default","ast-global-header-display":"","ast-banner-title-visibility":"","ast-main-header-display":"","ast-hfb-above-header-display":"","ast-hfb-below-header-display":"","ast-hfb-mobile-header-display":"","site-post-title":"","ast-breadcrumbs-content":"","ast-featured-img":"","footer-sml-layout":"","theme-transparent-header-meta":"","adv-header-id-meta":"","stick-header-meta":"","header-above-stick-meta":"","header-main-stick-meta":"","header-below-stick-meta":"","astra-migrate-meta-layouts":"default","ast-page-background-enabled":"default","ast-page-background-meta":{"desktop":{"background-color":"var(--ast-global-color-4)","background-image":"","background-repeat":"repeat","background-position":"center center","background-size":"auto","background-attachment":"scroll","background-type":"","background-media":"","overlay-type":"","overlay-color":"","overlay-gradient":""},"tablet":{"background-color":"","background-image":"","background-repeat":"repeat","background-position":"center center","background-size":"auto","background-attachment":"scroll","background-type":"","background-media":"","overlay-type":"","overlay-color":"","overlay-gradient":""},"mobile":{"background-color":"","background-image":"","background-repeat":"repeat","background-position":"center center","background-size":"auto","background-attachment":"scroll","background-type":"","background-media":"","overlay-type":"","overlay-color":"","overlay-gradient":""}},"ast-content-background-meta":{"desktop":{"background-color":"var(--ast-global-color-5)","background-image":"","background-repeat":"repeat","background-position":"center center","background-size":"auto","background-attachment":"scroll","background-type":"","background-media":"","overlay-type":"","overlay-color":"","overlay-gradient":""},"tablet":{"background-color":"var(--ast-global-color-5)","background-image":"","background-repeat":"repeat","background-position":"center center","background-size":"auto","background-attachment":"scroll","background-type":"","background-media":"","overlay-type":"","overlay-color":"","overlay-gradient":""},"mobile":{"background-color":"var(--ast-global-color-5)","background-image":"","background-repeat":"repeat","background-position":"center center","background-size":"auto","background-attachment":"scroll","background-type":"","background-media":"","overlay-type":"","overlay-color":"","overlay-gradient":""}},"footnotes":""},"categories":[6],"tags":[],"_links":{"self":[{"href":"https:\/\/sp17.pl\/index.php?rest_route=\/wp\/v2\/posts\/3133"}],"collection":[{"href":"https:\/\/sp17.pl\/index.php?rest_route=\/wp\/v2\/posts"}],"about":[{"href":"https:\/\/sp17.pl\/index.php?rest_route=\/wp\/v2\/types\/post"}],"author":[{"embeddable":true,"href":"https:\/\/sp17.pl\/index.php?rest_route=\/wp\/v2\/users\/1"}],"replies":[{"embeddable":true,"href":"https:\/\/sp17.pl\/index.php?rest_route=%2Fwp%2Fv2%2Fcomments&post=3133"}],"version-history":[{"count":3,"href":"https:\/\/sp17.pl\/index.php?rest_route=\/wp\/v2\/posts\/3133\/revisions"}],"predecessor-version":[{"id":3199,"href":"https:\/\/sp17.pl\/index.php?rest_route=\/wp\/v2\/posts\/3133\/revisions\/3199"}],"wp:featuredmedia":[{"embeddable":true,"href":"https:\/\/sp17.pl\/index.php?rest_route=\/wp\/v2\/media\/2878"}],"wp:attachment":[{"href":"https:\/\/sp17.pl\/index.php?rest_route=%2Fwp%2Fv2%2Fmedia&parent=3133"}],"wp:term":[{"taxonomy":"category","embeddable":true,"href":"https:\/\/sp17.pl\/index.php?rest_route=%2Fwp%2Fv2%2Fcategories&post=3133"},{"taxonomy":"post_tag","embeddable":true,"href":"https:\/\/sp17.pl\/index.php?rest_route=%2Fwp%2Fv2%2Ftags&post=3133"}],"curies":[{"name":"wp","href":"https:\/\/api.w.org\/{rel}","templated":true}]}}