{"id":3601,"date":"2021-01-14T11:44:08","date_gmt":"2021-01-14T10:44:08","guid":{"rendered":"https:\/\/sp17.pl\/?p=3601"},"modified":"2021-01-29T14:21:09","modified_gmt":"2021-01-29T13:21:09","slug":"powrot-do-szkoly","status":"publish","type":"post","link":"https:\/\/sp17.pl\/?p=3601","title":{"rendered":"POWR\u00d3T DO SZKO\u0141Y"},"content":{"rendered":"\n<h5 style=\"text-align: justify;\"><strong>Drodzy Uczniowie i Rodzice!<\/strong><\/h5>\n<h5 style=\"text-align: justify;\">&nbsp;&nbsp;&nbsp;&nbsp; W zwi\u0105zku z powrotem uczni\u00f3w klas 1-3 od 18.01.2021 r. do nauczania stacjonarnego, lekcje on-line w klasach IV- VIII b\u0119d\u0105 nadal trwa\u0142y 30 minut, ale powraca rozk\u0142ad przerw, wed\u0142ug starego harmonogramu, tj.:<\/h5>\n<ol>\n<li>\n<h3>8.00- 8.30<\/h3>\n<\/li>\n<li>\n<h3>8.55- 9.25<\/h3>\n<\/li>\n<li>\n<h3>9.50- 10.20<\/h3>\n<\/li>\n<li>\n<h3>10.45- 11.15<\/h3>\n<\/li>\n<li>\n<h3>11.45- 12.15<\/h3>\n<\/li>\n<li>\n<h3>12.45- 13.15<\/h3>\n<\/li>\n<li>\n<h3>13.40- 14.10<\/h3>\n<\/li>\n<li>\n<h3>14.30- 15.00<\/h3>\n<\/li>\n<li>\n<h3>15.25- 15. 55<\/h3>\n<\/li>\n<\/ol>\n<h5 style=\"text-align: justify;\">&nbsp;&nbsp; Uczniowie klas I- III b\u0119d\u0105 mieli lekcje trwaj\u0105ce 45 minut wg dotychczasowego rozk\u0142adu (plan zmieni si\u0119 od II p\u00f3\u0142rocza, tj. od 1 lutego). Wychowawcy klas poinformuj\u0105 Pa\u0144stwa o przydziale sal lekcyjnych i szczeg\u00f3\u0142ach organizacji pracy \u015bwietlicy.<\/h5>\n<h5 style=\"text-align: justify;\">&nbsp;&nbsp;&nbsp; Od poniedzia\u0142ku wprowadzamy obowi\u0105zek zmiany obuwia. Pami\u0119tajmy te\u017c o zaopatrzeniu dzieci w maseczki, kt\u00f3re obowi\u0105zuj\u0105 w przestrzeni wsp\u00f3lnej szko\u0142y.<\/h5>\n<h5 style=\"text-align: justify;\">&nbsp;&nbsp;&nbsp; Sto\u0142\u00f3wka b\u0119dzie czynna od 18 stycznia 2021 r. Wi\u0119cej informacji z zak\u0142adce OBIADY.<\/h5>\n<h5>\u015awietlica czynna w godz. 7.00-16.30.<\/h5>\n<h5 style=\"text-align: justify;\">Ustalamy, \u017ce uczniowie klas I wchodz\u0105 do budynku wej\u015bciem g\u0142\u00f3wnym, klasy II wej\u015bciem tylnym, od&nbsp; strony \u015bwietlicy, klasy III, wej\u015bciem przy sali gimnastycznej.<\/h5>\n<h5 style=\"text-align: justify;\">&nbsp;<strong>&nbsp; Przypominamy o procedurach bezpiecze\u0144stwa. Niewiele si\u0119 one zmieni\u0142y w stosunku do tych, obowi\u0105zuj\u0105cych we wrze\u015bniu. Prosimy o przeczytanie wytycznych MEiN, MZ i GIS (link znajduje si\u0119 poni\u017cej).<\/strong><\/h5>\n<p><a href=\"https:\/\/www.gov.pl\/web\/edukacja-i-nauka\/wytyczne-sanitarne-dla-klas-1-3\">https:\/\/www.gov.pl\/web\/edukacja-i-nauka\/wytyczne-sanitarne-dla-klas-1-3<\/a><\/p>\n<p>&nbsp;<\/p>\n","protected":false},"excerpt":{"rendered":"<p>Drodzy Uczniowie i Rodzice! &nbsp;&nbsp;&nbsp;&nbsp; W zwi\u0105zku z powrotem uczni\u00f3w klas 1-3 od 18.01.2021 r. do nauczania stacjonarnego, lekcje on-line w klasach IV- VIII b\u0119d\u0105 nadal trwa\u0142y 30 minut, ale powraca rozk\u0142ad przerw, wed\u0142ug starego harmonogramu, tj.: 8.00- 8.30 8.55- 9.25 9.50- 10.20 10.45- 11.15 11.45- 12.15 12.45- 13.15 13.40- 14.10 14.30- 15.00 15.25- 15. &hellip;<\/p>\n<p class=\"read-more\"> <a class=\"\" href=\"https:\/\/sp17.pl\/?p=3601\"> <span class=\"screen-reader-text\">POWR\u00d3T DO SZKO\u0141Y<\/span> Czytaj wi\u0119cej<\/a><\/p>\n","protected":false},"author":1,"featured_media":3602,"comment_status":"closed","ping_status":"open","sticky":false,"template":"","format":"standard","meta":{"ngg_post_thumbnail":0,"site-sidebar-layout":"default","site-content-layout":"","ast-site-content-layout":"","site-content-style":"default","site-sidebar-style":"default","ast-global-header-display":"","ast-banner-title-visibility":"","ast-main-header-display":"","ast-hfb-above-header-display":"","ast-hfb-below-header-display":"","ast-hfb-mobile-header-display":"","site-post-title":"","ast-breadcrumbs-content":"","ast-featured-img":"","footer-sml-layout":"","theme-transparent-header-meta":"","adv-header-id-meta":"","stick-header-meta":"","header-above-stick-meta":"","header-main-stick-meta":"","header-below-stick-meta":"","astra-migrate-meta-layouts":"default","ast-page-background-enabled":"default","ast-page-background-meta":{"desktop":{"background-color":"var(--ast-global-color-4)","background-image":"","background-repeat":"repeat","background-position":"center center","background-size":"auto","background-attachment":"scroll","background-type":"","background-media":"","overlay-type":"","overlay-color":"","overlay-gradient":""},"tablet":{"background-color":"","background-image":"","background-repeat":"repeat","background-position":"center center","background-size":"auto","background-attachment":"scroll","background-type":"","background-media":"","overlay-type":"","overlay-color":"","overlay-gradient":""},"mobile":{"background-color":"","background-image":"","background-repeat":"repeat","background-position":"center center","background-size":"auto","background-attachment":"scroll","background-type":"","background-media":"","overlay-type":"","overlay-color":"","overlay-gradient":""}},"ast-content-background-meta":{"desktop":{"background-color":"var(--ast-global-color-5)","background-image":"","background-repeat":"repeat","background-position":"center center","background-size":"auto","background-attachment":"scroll","background-type":"","background-media":"","overlay-type":"","overlay-color":"","overlay-gradient":""},"tablet":{"background-color":"var(--ast-global-color-5)","background-image":"","background-repeat":"repeat","background-position":"center center","background-size":"auto","background-attachment":"scroll","background-type":"","background-media":"","overlay-type":"","overlay-color":"","overlay-gradient":""},"mobile":{"background-color":"var(--ast-global-color-5)","background-image":"","background-repeat":"repeat","background-position":"center center","background-size":"auto","background-attachment":"scroll","background-type":"","background-media":"","overlay-type":"","overlay-color":"","overlay-gradient":""}},"footnotes":""},"categories":[6],"tags":[],"_links":{"self":[{"href":"https:\/\/sp17.pl\/index.php?rest_route=\/wp\/v2\/posts\/3601"}],"collection":[{"href":"https:\/\/sp17.pl\/index.php?rest_route=\/wp\/v2\/posts"}],"about":[{"href":"https:\/\/sp17.pl\/index.php?rest_route=\/wp\/v2\/types\/post"}],"author":[{"embeddable":true,"href":"https:\/\/sp17.pl\/index.php?rest_route=\/wp\/v2\/users\/1"}],"replies":[{"embeddable":true,"href":"https:\/\/sp17.pl\/index.php?rest_route=%2Fwp%2Fv2%2Fcomments&post=3601"}],"version-history":[{"count":4,"href":"https:\/\/sp17.pl\/index.php?rest_route=\/wp\/v2\/posts\/3601\/revisions"}],"predecessor-version":[{"id":3652,"href":"https:\/\/sp17.pl\/index.php?rest_route=\/wp\/v2\/posts\/3601\/revisions\/3652"}],"wp:featuredmedia":[{"embeddable":true,"href":"https:\/\/sp17.pl\/index.php?rest_route=\/wp\/v2\/media\/3602"}],"wp:attachment":[{"href":"https:\/\/sp17.pl\/index.php?rest_route=%2Fwp%2Fv2%2Fmedia&parent=3601"}],"wp:term":[{"taxonomy":"category","embeddable":true,"href":"https:\/\/sp17.pl\/index.php?rest_route=%2Fwp%2Fv2%2Fcategories&post=3601"},{"taxonomy":"post_tag","embeddable":true,"href":"https:\/\/sp17.pl\/index.php?rest_route=%2Fwp%2Fv2%2Ftags&post=3601"}],"curies":[{"name":"wp","href":"https:\/\/api.w.org\/{rel}","templated":true}]}}