{"id":5949,"date":"2022-03-31T18:35:43","date_gmt":"2022-03-31T16:35:43","guid":{"rendered":"https:\/\/sp17.pl\/?p=5949"},"modified":"2022-03-31T18:35:44","modified_gmt":"2022-03-31T16:35:44","slug":"szkolny-konkurs-recytatorski","status":"publish","type":"post","link":"https:\/\/sp17.pl\/?p=5949","title":{"rendered":"SZKOLNY KONKURS RECYTATORSKI"},"content":{"rendered":"\n<div class=\"__fb-light-mode l9j0dhe7\" role=\"row\">\n<div class=\"\">\n<div class=\"j83agx80 cbu4d94t l9j0dhe7\" tabindex=\"0\" role=\"gridcell\" data-scope=\"messages_table\" data-release-focus-from=\"CLICK\">\n<div class=\"j83agx80\" role=\"none\">\n<div class=\"j83agx80 buofh1pr g5gj957u hpfvmrgz\" role=\"none\" data-testid=\"message-container\">\n<div class=\"ns4p8fja j83agx80 cbu4d94t a6sixzi8 bkfpd7mw nred35xi a1xu1aao\" role=\"none\">\n<div class=\"j83agx80 k4urcfbm\" role=\"none\">\n<div class=\"ll8tlv6m j83agx80 cbu4d94t d2edcug0 l9j0dhe7\">\n<div class=\"j83agx80 k4urcfbm\" role=\"none\">\n<div class=\"cxgpxx05 d1544ag0 sj5x9vvc tw6a2znq l9j0dhe7 ni8dbmo4 stjgntxs e72ty7fz qlfml3jp inkptoze jm1wdb64 qv66sw1b ljqsnud1 odn2s2vf tkr6xdv7 qttc61fc\" role=\"none\">\n<h5 class=\"rq0escxv l9j0dhe7 du4w35lb __fb-light-mode\" style=\"text-align: justify;\" role=\"none\">22 marca odby\u0142 si\u0119 Szkolny Konkurs Recytatorski klas 1-3. Wzi\u0119\u0142o w nim udzia\u0142 pi\u0119tnastu doskonale przygotowanych uczestnik\u00f3w, kt\u00f3rzy prezentowali utwory poezji dzieci\u0119cej. Wyst\u0119pom towarzyszy\u0142y wielkie emocje. Wyb\u00f3r laureat\u00f3w nie by\u0142 \u0142atwy. Wy\u0142oniono nast\u0119puj\u0105cych zwyci\u0119zc\u00f3w:<\/h5>\n<\/div>\n<\/div>\n<\/div>\n<\/div>\n<\/div>\n<\/div>\n<\/div>\n<\/div>\n<\/div>\n<\/div>\n<div class=\"j83agx80 cbu4d94t l9j0dhe7\" tabindex=\"0\" role=\"gridcell\" data-scope=\"messages_table\" data-release-focus-from=\"CLICK\">\n<div class=\"j83agx80\" role=\"none\">\n<div class=\"j83agx80 buofh1pr g5gj957u hpfvmrgz\" role=\"none\" data-testid=\"message-container\">\n<div class=\"ns4p8fja j83agx80 cbu4d94t a6sixzi8 bkfpd7mw nred35xi a1xu1aao\" role=\"none\">\n<div class=\"j83agx80 k4urcfbm\" role=\"none\">\n<div class=\"ll8tlv6m j83agx80 cbu4d94t d2edcug0 l9j0dhe7\">\n<h4 class=\"nred35xi p3ovkuyr k4urcfbm\">&nbsp; &nbsp; &nbsp; &nbsp; &nbsp; &nbsp; &nbsp; &nbsp; &nbsp;I miejsce- Zuzanna Nowak kl 2b&nbsp; &nbsp; &nbsp; &nbsp; &nbsp; &nbsp; &nbsp; &nbsp; &nbsp; &nbsp; &nbsp; &nbsp; &nbsp; &nbsp; &nbsp; &nbsp; &nbsp; &nbsp; &nbsp; &nbsp; &nbsp; &nbsp; &nbsp; &nbsp; &nbsp; &nbsp;II miejsce&nbsp; &nbsp;Oliwia Krupko&nbsp; &nbsp;kl 2b&nbsp; &nbsp; &nbsp; &nbsp; &nbsp; &nbsp; &nbsp; &nbsp; &nbsp; &nbsp; &nbsp; &nbsp; &nbsp; &nbsp; &nbsp; &nbsp; &nbsp; &nbsp; &nbsp; &nbsp; &nbsp; &nbsp; &nbsp; &nbsp; &nbsp; III miejsce Tymoteusz Sprawka kl 1a<\/h4>\n<div class=\"j83agx80 k4urcfbm\" role=\"none\">\n<div class=\"ns4p8fja j83agx80 cbu4d94t a6sixzi8 bkfpd7mw d2edcug0 buofh1pr nred35xi\" role=\"none\">\n<div class=\"buofh1pr rj1gh0hx\" role=\"none\">&nbsp;<\/div>\n<\/div>\n<\/div>\n<\/div>\n<\/div>\n<\/div>\n<\/div>\n<\/div>\n<\/div>\n<div class=\"__fb-light-mode l9j0dhe7\" role=\"row\">\n<div class=\"\">\n<div class=\"j83agx80 cbu4d94t l9j0dhe7\" tabindex=\"0\" role=\"gridcell\" data-scope=\"messages_table\" data-release-focus-from=\"CLICK\">\n<div class=\"j83agx80\" role=\"none\">\n<div class=\"j83agx80 buofh1pr g5gj957u hpfvmrgz\" role=\"none\" data-testid=\"message-container\">\n<div class=\"ns4p8fja j83agx80 cbu4d94t a6sixzi8 bkfpd7mw nred35xi a1xu1aao\" role=\"none\">\n<div class=\"j83agx80 k4urcfbm\" role=\"none\">\n<div class=\"ll8tlv6m j83agx80 cbu4d94t d2edcug0 l9j0dhe7\">\n<div class=\"j83agx80 k4urcfbm\" role=\"none\">\n<div class=\"cxgpxx05 d1544ag0 sj5x9vvc tw6a2znq l9j0dhe7 ni8dbmo4 stjgntxs qlfml3jp inkptoze qmr60zad jm1wdb64 qv66sw1b ljqsnud1 odn2s2vf tkr6xdv7 jk6sbkaj\" role=\"none\">\n<h5 class=\"rq0escxv l9j0dhe7 du4w35lb __fb-light-mode\" style=\"text-align: justify;\" role=\"none\">B\u0119d\u0105 oni reprezentowali nasz\u0105 szko\u0142\u0119 w Miejskim Konkursie Recytatorskim organizowanym przez Zielonog\u00f3rski O\u015brodek Kultury. Wszystkim uczestnikom gratulujemy talentu artystycznego i \u017cyczymy dalszych sukces\u00f3w!<\/h5>\n<p>&nbsp;<\/p>\n<!-- default-view.php -->\n<div\n\tclass=\"ngg-galleryoverview default-view \"\n\tid=\"ngg-gallery-15b7a336d58eb0529084302727d0051c-1\">\n\n\t\t<!-- Thumbnails -->\n\t\t\t\t<div id=\"ngg-image-0\" class=\"ngg-gallery-thumbnail-box ngg-3-columns\" >\n\t\t\t\t        <div class=\"ngg-gallery-thumbnail\">\n            <a href=\"https:\/\/sp17.pl\/wp-content\/gallery\/rec\/rec.jpg\"\n               title=\"\"\n               data-src=\"https:\/\/sp17.pl\/wp-content\/gallery\/rec\/rec.jpg\"\n               data-thumbnail=\"https:\/\/sp17.pl\/wp-content\/gallery\/rec\/thumbs\/thumbs_rec.jpg\"\n               data-image-id=\"2030\"\n               data-title=\"rec\"\n               data-description=\"\"\n               data-image-slug=\"rec\"\n               class=\"ngg-simplelightbox\" rel=\"15b7a336d58eb0529084302727d0051c\">\n                <img\n                    title=\"rec\"\n                    alt=\"rec\"\n                    src=\"https:\/\/sp17.pl\/wp-content\/gallery\/rec\/thumbs\/thumbs_rec.jpg\"\n                    width=\"240\"\n                    height=\"160\"\n                    style=\"max-width:100%;\"\n                \/>\n            <\/a>\n        <\/div>\n\t\t\t\t\t\t\t<\/div> \n\t\t\t\n\t\t\t\t<div id=\"ngg-image-1\" class=\"ngg-gallery-thumbnail-box ngg-3-columns\" >\n\t\t\t\t        <div class=\"ngg-gallery-thumbnail\">\n            <a href=\"https:\/\/sp17.pl\/wp-content\/gallery\/rec\/rec1.jpg\"\n               title=\"\"\n               data-src=\"https:\/\/sp17.pl\/wp-content\/gallery\/rec\/rec1.jpg\"\n               data-thumbnail=\"https:\/\/sp17.pl\/wp-content\/gallery\/rec\/thumbs\/thumbs_rec1.jpg\"\n               data-image-id=\"2031\"\n               data-title=\"rec1\"\n               data-description=\"\"\n               data-image-slug=\"rec1\"\n               class=\"ngg-simplelightbox\" rel=\"15b7a336d58eb0529084302727d0051c\">\n                <img\n                    title=\"rec1\"\n                    alt=\"rec1\"\n                    src=\"https:\/\/sp17.pl\/wp-content\/gallery\/rec\/thumbs\/thumbs_rec1.jpg\"\n                    width=\"240\"\n                    height=\"160\"\n                    style=\"max-width:100%;\"\n                \/>\n            <\/a>\n        <\/div>\n\t\t\t\t\t\t\t<\/div> \n\t\t\t\n\t\t\t\t<div id=\"ngg-image-2\" class=\"ngg-gallery-thumbnail-box ngg-3-columns\" >\n\t\t\t\t        <div class=\"ngg-gallery-thumbnail\">\n            <a href=\"https:\/\/sp17.pl\/wp-content\/gallery\/rec\/rec3.jpg\"\n               title=\"\"\n               data-src=\"https:\/\/sp17.pl\/wp-content\/gallery\/rec\/rec3.jpg\"\n               data-thumbnail=\"https:\/\/sp17.pl\/wp-content\/gallery\/rec\/thumbs\/thumbs_rec3.jpg\"\n               data-image-id=\"2032\"\n               data-title=\"rec3\"\n               data-description=\"\"\n               data-image-slug=\"rec3\"\n               class=\"ngg-simplelightbox\" rel=\"15b7a336d58eb0529084302727d0051c\">\n                <img\n                    title=\"rec3\"\n                    alt=\"rec3\"\n                    src=\"https:\/\/sp17.pl\/wp-content\/gallery\/rec\/thumbs\/thumbs_rec3.jpg\"\n                    width=\"240\"\n                    height=\"160\"\n                    style=\"max-width:100%;\"\n                \/>\n            <\/a>\n        <\/div>\n\t\t\t\t\t\t\t<\/div> \n\t\t\t\n\t\t\t\t<div id=\"ngg-image-3\" class=\"ngg-gallery-thumbnail-box ngg-3-columns\" >\n\t\t\t\t        <div class=\"ngg-gallery-thumbnail\">\n            <a href=\"https:\/\/sp17.pl\/wp-content\/gallery\/rec\/rec4.jpg\"\n               title=\"\"\n               data-src=\"https:\/\/sp17.pl\/wp-content\/gallery\/rec\/rec4.jpg\"\n               data-thumbnail=\"https:\/\/sp17.pl\/wp-content\/gallery\/rec\/thumbs\/thumbs_rec4.jpg\"\n               data-image-id=\"2033\"\n               data-title=\"rec4\"\n               data-description=\"\"\n               data-image-slug=\"rec4\"\n               class=\"ngg-simplelightbox\" rel=\"15b7a336d58eb0529084302727d0051c\">\n                <img\n                    title=\"rec4\"\n                    alt=\"rec4\"\n                    src=\"https:\/\/sp17.pl\/wp-content\/gallery\/rec\/thumbs\/thumbs_rec4.jpg\"\n                    width=\"240\"\n                    height=\"160\"\n                    style=\"max-width:100%;\"\n                \/>\n            <\/a>\n        <\/div>\n\t\t\t\t\t\t\t<\/div> \n\t\t\t\n\t\t\t\t<div id=\"ngg-image-4\" class=\"ngg-gallery-thumbnail-box ngg-3-columns\" >\n\t\t\t\t        <div class=\"ngg-gallery-thumbnail\">\n            <a href=\"https:\/\/sp17.pl\/wp-content\/gallery\/rec\/rec5.jpg\"\n               title=\"\"\n               data-src=\"https:\/\/sp17.pl\/wp-content\/gallery\/rec\/rec5.jpg\"\n               data-thumbnail=\"https:\/\/sp17.pl\/wp-content\/gallery\/rec\/thumbs\/thumbs_rec5.jpg\"\n               data-image-id=\"2034\"\n               data-title=\"rec5\"\n               data-description=\"\"\n               data-image-slug=\"rec5\"\n               class=\"ngg-simplelightbox\" rel=\"15b7a336d58eb0529084302727d0051c\">\n                <img\n                    title=\"rec5\"\n                    alt=\"rec5\"\n                    src=\"https:\/\/sp17.pl\/wp-content\/gallery\/rec\/thumbs\/thumbs_rec5.jpg\"\n                    width=\"240\"\n                    height=\"160\"\n                    style=\"max-width:100%;\"\n                \/>\n            <\/a>\n        <\/div>\n\t\t\t\t\t\t\t<\/div> \n\t\t\t\n\t\n\t<br style=\"clear: both\" \/>\n\n\t\n\t\t<!-- Pagination -->\n\t<div class='ngg-clear'><\/div>\t<\/div>\n\n<\/div>\n<\/div>\n<\/div>\n<\/div>\n<\/div>\n<\/div>\n<\/div>\n<\/div>\n<\/div>\n<\/div>\n","protected":false},"excerpt":{"rendered":"<p>22 marca odby\u0142 si\u0119 Szkolny Konkurs Recytatorski klas 1-3. Wzi\u0119\u0142o w nim udzia\u0142 pi\u0119tnastu doskonale przygotowanych uczestnik\u00f3w, kt\u00f3rzy prezentowali utwory poezji dzieci\u0119cej. Wyst\u0119pom towarzyszy\u0142y wielkie emocje. Wyb\u00f3r laureat\u00f3w nie by\u0142 \u0142atwy. Wy\u0142oniono nast\u0119puj\u0105cych zwyci\u0119zc\u00f3w: &nbsp; &nbsp; &nbsp; &nbsp; &nbsp; &nbsp; &nbsp; &nbsp; &nbsp;I miejsce- Zuzanna Nowak kl 2b&nbsp; &nbsp; &nbsp; &nbsp; &nbsp; &nbsp; &nbsp; &nbsp; &hellip;<\/p>\n<p class=\"read-more\"> <a class=\"\" href=\"https:\/\/sp17.pl\/?p=5949\"> <span class=\"screen-reader-text\">SZKOLNY KONKURS RECYTATORSKI<\/span> Czytaj wi\u0119cej<\/a><\/p>\n","protected":false},"author":1,"featured_media":5958,"comment_status":"closed","ping_status":"open","sticky":false,"template":"","format":"standard","meta":{"ngg_post_thumbnail":0,"site-sidebar-layout":"default","site-content-layout":"","ast-site-content-layout":"","site-content-style":"default","site-sidebar-style":"default","ast-global-header-display":"","ast-banner-title-visibility":"","ast-main-header-display":"","ast-hfb-above-header-display":"","ast-hfb-below-header-display":"","ast-hfb-mobile-header-display":"","site-post-title":"","ast-breadcrumbs-content":"","ast-featured-img":"","footer-sml-layout":"","theme-transparent-header-meta":"","adv-header-id-meta":"","stick-header-meta":"","header-above-stick-meta":"","header-main-stick-meta":"","header-below-stick-meta":"","astra-migrate-meta-layouts":"default","ast-page-background-enabled":"default","ast-page-background-meta":{"desktop":{"background-color":"var(--ast-global-color-4)","background-image":"","background-repeat":"repeat","background-position":"center center","background-size":"auto","background-attachment":"scroll","background-type":"","background-media":"","overlay-type":"","overlay-color":"","overlay-gradient":""},"tablet":{"background-color":"","background-image":"","background-repeat":"repeat","background-position":"center center","background-size":"auto","background-attachment":"scroll","background-type":"","background-media":"","overlay-type":"","overlay-color":"","overlay-gradient":""},"mobile":{"background-color":"","background-image":"","background-repeat":"repeat","background-position":"center center","background-size":"auto","background-attachment":"scroll","background-type":"","background-media":"","overlay-type":"","overlay-color":"","overlay-gradient":""}},"ast-content-background-meta":{"desktop":{"background-color":"var(--ast-global-color-5)","background-image":"","background-repeat":"repeat","background-position":"center center","background-size":"auto","background-attachment":"scroll","background-type":"","background-media":"","overlay-type":"","overlay-color":"","overlay-gradient":""},"tablet":{"background-color":"var(--ast-global-color-5)","background-image":"","background-repeat":"repeat","background-position":"center center","background-size":"auto","background-attachment":"scroll","background-type":"","background-media":"","overlay-type":"","overlay-color":"","overlay-gradient":""},"mobile":{"background-color":"var(--ast-global-color-5)","background-image":"","background-repeat":"repeat","background-position":"center center","background-size":"auto","background-attachment":"scroll","background-type":"","background-media":"","overlay-type":"","overlay-color":"","overlay-gradient":""}},"footnotes":""},"categories":[6],"tags":[],"_links":{"self":[{"href":"https:\/\/sp17.pl\/index.php?rest_route=\/wp\/v2\/posts\/5949"}],"collection":[{"href":"https:\/\/sp17.pl\/index.php?rest_route=\/wp\/v2\/posts"}],"about":[{"href":"https:\/\/sp17.pl\/index.php?rest_route=\/wp\/v2\/types\/post"}],"author":[{"embeddable":true,"href":"https:\/\/sp17.pl\/index.php?rest_route=\/wp\/v2\/users\/1"}],"replies":[{"embeddable":true,"href":"https:\/\/sp17.pl\/index.php?rest_route=%2Fwp%2Fv2%2Fcomments&post=5949"}],"version-history":[{"count":4,"href":"https:\/\/sp17.pl\/index.php?rest_route=\/wp\/v2\/posts\/5949\/revisions"}],"predecessor-version":[{"id":5961,"href":"https:\/\/sp17.pl\/index.php?rest_route=\/wp\/v2\/posts\/5949\/revisions\/5961"}],"wp:featuredmedia":[{"embeddable":true,"href":"https:\/\/sp17.pl\/index.php?rest_route=\/wp\/v2\/media\/5958"}],"wp:attachment":[{"href":"https:\/\/sp17.pl\/index.php?rest_route=%2Fwp%2Fv2%2Fmedia&parent=5949"}],"wp:term":[{"taxonomy":"category","embeddable":true,"href":"https:\/\/sp17.pl\/index.php?rest_route=%2Fwp%2Fv2%2Fcategories&post=5949"},{"taxonomy":"post_tag","embeddable":true,"href":"https:\/\/sp17.pl\/index.php?rest_route=%2Fwp%2Fv2%2Ftags&post=5949"}],"curies":[{"name":"wp","href":"https:\/\/api.w.org\/{rel}","templated":true}]}}