{"id":6314,"date":"2022-05-28T09:17:07","date_gmt":"2022-05-28T07:17:07","guid":{"rendered":"https:\/\/sp17.pl\/?p=6314"},"modified":"2022-05-31T18:56:52","modified_gmt":"2022-05-31T16:56:52","slug":"festyn-kultury-polsko-japonskiej","status":"publish","type":"post","link":"https:\/\/sp17.pl\/?p=6314","title":{"rendered":"FESTYN KULTURY            POLSKO-JAPO\u0143SKIEJ"},"content":{"rendered":"\n<h5 style=\"text-align: justify;\">31 maja we wtorek klasa 7A organizuje co\u015b specjalnego Festyn Kultury polsko-japo\u0144skiej. To z okazji \u015awiatowego Dnia R\u00f3\u017cnorodno\u015bci&nbsp;Kulturowej, kt\u00f3ry obchodzony by\u0142 w maju.&nbsp;Przewidujemy wiele atrakcji i co\u015b smakowitego&nbsp;na z\u0105b. B\u0119dzie&nbsp;kuchnia polowa, warsztaty&nbsp;z rysowania mangi oraz quiz w formie gry terenowej i wykorzystaniem kod\u00f3w QR! Zapraszamy od 10:30 przed szko\u0142\u0119 na dobr\u0105 zabaw\u0119 \ud83d\ude42<\/h5>\n<h5 style=\"text-align: justify;\">Akcja organizowana jest w ramach Projektu Edukacyjno-Artystycznego&nbsp; na zaj\u0119ciach z plastyki.&nbsp;<\/h5>\n<!-- default-view.php -->\n<div\n\tclass=\"ngg-galleryoverview default-view \"\n\tid=\"ngg-gallery-bf919547c9768354499001ee4665ebcc-1\">\n\n\t\t<!-- Thumbnails -->\n\t\t\t\t<div id=\"ngg-image-0\" class=\"ngg-gallery-thumbnail-box ngg-3-columns\" >\n\t\t\t\t        <div class=\"ngg-gallery-thumbnail\">\n            <a href=\"https:\/\/sp17.pl\/wp-content\/gallery\/ania-k\/ANIA-K-1.JPG\"\n               title=\"\"\n               data-src=\"https:\/\/sp17.pl\/wp-content\/gallery\/ania-k\/ANIA-K-1.JPG\"\n               data-thumbnail=\"https:\/\/sp17.pl\/wp-content\/gallery\/ania-k\/thumbs\/thumbs_ANIA-K-1.JPG\"\n               data-image-id=\"2192\"\n               data-title=\"ANIA-K-1\"\n               data-description=\"\"\n               data-image-slug=\"ania-k-1\"\n               class=\"ngg-simplelightbox\" rel=\"bf919547c9768354499001ee4665ebcc\">\n                <img\n                    title=\"ANIA-K-1\"\n                    alt=\"ANIA-K-1\"\n                    src=\"https:\/\/sp17.pl\/wp-content\/gallery\/ania-k\/thumbs\/thumbs_ANIA-K-1.JPG\"\n                    width=\"240\"\n                    height=\"160\"\n                    style=\"max-width:100%;\"\n                \/>\n            <\/a>\n        <\/div>\n\t\t\t\t\t\t\t<\/div> \n\t\t\t\n\t\t\t\t<div id=\"ngg-image-1\" class=\"ngg-gallery-thumbnail-box ngg-3-columns\" >\n\t\t\t\t        <div class=\"ngg-gallery-thumbnail\">\n            <a href=\"https:\/\/sp17.pl\/wp-content\/gallery\/ania-k\/ANIA-K.JPG\"\n               title=\"\"\n               data-src=\"https:\/\/sp17.pl\/wp-content\/gallery\/ania-k\/ANIA-K.JPG\"\n               data-thumbnail=\"https:\/\/sp17.pl\/wp-content\/gallery\/ania-k\/thumbs\/thumbs_ANIA-K.JPG\"\n               data-image-id=\"2193\"\n               data-title=\"ANIA-K\"\n               data-description=\"\"\n               data-image-slug=\"ania-k-2\"\n               class=\"ngg-simplelightbox\" rel=\"bf919547c9768354499001ee4665ebcc\">\n                <img\n                    title=\"ANIA-K\"\n                    alt=\"ANIA-K\"\n                    src=\"https:\/\/sp17.pl\/wp-content\/gallery\/ania-k\/thumbs\/thumbs_ANIA-K.JPG\"\n                    width=\"240\"\n                    height=\"160\"\n                    style=\"max-width:100%;\"\n                \/>\n            <\/a>\n        <\/div>\n\t\t\t\t\t\t\t<\/div> \n\t\t\t\n\t\n\t<br style=\"clear: both\" \/>\n\n\t\n\t\t<!-- Pagination -->\n\t<div class='ngg-clear'><\/div>\t<\/div>\n\n\n\n\n<p><\/p>\n\n\n\n<p><\/p>\n\n\n\n<p><\/p>\n","protected":false},"excerpt":{"rendered":"<p>31 maja we wtorek klasa 7A organizuje co\u015b specjalnego Festyn Kultury polsko-japo\u0144skiej. To z okazji \u015awiatowego Dnia R\u00f3\u017cnorodno\u015bci&nbsp;Kulturowej, kt\u00f3ry obchodzony by\u0142 w maju.&nbsp;Przewidujemy wiele atrakcji i co\u015b smakowitego&nbsp;na z\u0105b. B\u0119dzie&nbsp;kuchnia polowa, warsztaty&nbsp;z rysowania mangi oraz quiz w formie gry terenowej i wykorzystaniem kod\u00f3w QR! Zapraszamy od 10:30 przed szko\u0142\u0119 na dobr\u0105 zabaw\u0119 \ud83d\ude42 Akcja organizowana &hellip;<\/p>\n<p class=\"read-more\"> <a class=\"\" href=\"https:\/\/sp17.pl\/?p=6314\"> <span class=\"screen-reader-text\">FESTYN KULTURY            POLSKO-JAPO\u0143SKIEJ<\/span> Czytaj wi\u0119cej<\/a><\/p>\n","protected":false},"author":1,"featured_media":6315,"comment_status":"closed","ping_status":"open","sticky":false,"template":"","format":"standard","meta":{"ngg_post_thumbnail":0,"site-sidebar-layout":"default","site-content-layout":"","ast-site-content-layout":"","site-content-style":"default","site-sidebar-style":"default","ast-global-header-display":"","ast-banner-title-visibility":"","ast-main-header-display":"","ast-hfb-above-header-display":"","ast-hfb-below-header-display":"","ast-hfb-mobile-header-display":"","site-post-title":"","ast-breadcrumbs-content":"","ast-featured-img":"","footer-sml-layout":"","theme-transparent-header-meta":"","adv-header-id-meta":"","stick-header-meta":"","header-above-stick-meta":"","header-main-stick-meta":"","header-below-stick-meta":"","astra-migrate-meta-layouts":"default","ast-page-background-enabled":"default","ast-page-background-meta":{"desktop":{"background-color":"var(--ast-global-color-4)","background-image":"","background-repeat":"repeat","background-position":"center center","background-size":"auto","background-attachment":"scroll","background-type":"","background-media":"","overlay-type":"","overlay-color":"","overlay-gradient":""},"tablet":{"background-color":"","background-image":"","background-repeat":"repeat","background-position":"center center","background-size":"auto","background-attachment":"scroll","background-type":"","background-media":"","overlay-type":"","overlay-color":"","overlay-gradient":""},"mobile":{"background-color":"","background-image":"","background-repeat":"repeat","background-position":"center center","background-size":"auto","background-attachment":"scroll","background-type":"","background-media":"","overlay-type":"","overlay-color":"","overlay-gradient":""}},"ast-content-background-meta":{"desktop":{"background-color":"var(--ast-global-color-5)","background-image":"","background-repeat":"repeat","background-position":"center center","background-size":"auto","background-attachment":"scroll","background-type":"","background-media":"","overlay-type":"","overlay-color":"","overlay-gradient":""},"tablet":{"background-color":"var(--ast-global-color-5)","background-image":"","background-repeat":"repeat","background-position":"center center","background-size":"auto","background-attachment":"scroll","background-type":"","background-media":"","overlay-type":"","overlay-color":"","overlay-gradient":""},"mobile":{"background-color":"var(--ast-global-color-5)","background-image":"","background-repeat":"repeat","background-position":"center center","background-size":"auto","background-attachment":"scroll","background-type":"","background-media":"","overlay-type":"","overlay-color":"","overlay-gradient":""}},"footnotes":""},"categories":[6],"tags":[],"_links":{"self":[{"href":"https:\/\/sp17.pl\/index.php?rest_route=\/wp\/v2\/posts\/6314"}],"collection":[{"href":"https:\/\/sp17.pl\/index.php?rest_route=\/wp\/v2\/posts"}],"about":[{"href":"https:\/\/sp17.pl\/index.php?rest_route=\/wp\/v2\/types\/post"}],"author":[{"embeddable":true,"href":"https:\/\/sp17.pl\/index.php?rest_route=\/wp\/v2\/users\/1"}],"replies":[{"embeddable":true,"href":"https:\/\/sp17.pl\/index.php?rest_route=%2Fwp%2Fv2%2Fcomments&post=6314"}],"version-history":[{"count":5,"href":"https:\/\/sp17.pl\/index.php?rest_route=\/wp\/v2\/posts\/6314\/revisions"}],"predecessor-version":[{"id":6323,"href":"https:\/\/sp17.pl\/index.php?rest_route=\/wp\/v2\/posts\/6314\/revisions\/6323"}],"wp:featuredmedia":[{"embeddable":true,"href":"https:\/\/sp17.pl\/index.php?rest_route=\/wp\/v2\/media\/6315"}],"wp:attachment":[{"href":"https:\/\/sp17.pl\/index.php?rest_route=%2Fwp%2Fv2%2Fmedia&parent=6314"}],"wp:term":[{"taxonomy":"category","embeddable":true,"href":"https:\/\/sp17.pl\/index.php?rest_route=%2Fwp%2Fv2%2Fcategories&post=6314"},{"taxonomy":"post_tag","embeddable":true,"href":"https:\/\/sp17.pl\/index.php?rest_route=%2Fwp%2Fv2%2Ftags&post=6314"}],"curies":[{"name":"wp","href":"https:\/\/api.w.org\/{rel}","templated":true}]}}