{"id":6556,"date":"2022-06-20T17:21:41","date_gmt":"2022-06-20T15:21:41","guid":{"rendered":"https:\/\/sp17.pl\/?p=6556"},"modified":"2022-06-20T17:22:47","modified_gmt":"2022-06-20T15:22:47","slug":"rozkrecamy-wakacje","status":"publish","type":"post","link":"https:\/\/sp17.pl\/?p=6556","title":{"rendered":"ROZKR\u0118CAMY WAKACJE"},"content":{"rendered":"\n<h5 style=\"text-align: justify;\">Serdecznie zapraszamy do udzia\u0142u w imprezie pt. &#8222;Rozkr\u0119camy Wakacje&#8221;, kt\u00f3ra zostanie zorganizowana 24.06.2022 r. (pi\u0105tek) od godz. 17.40 &#8211; szczeg\u00f3\u0142y w za\u0142\u0105czeniu.<\/h5>\n<h5 style=\"text-align: justify;\">Jest to dzia\u0142anie nawi\u0105zuj\u0105ce do akcji AKTYWNE MIASTA &#8211; Rowerowa Stolica Polski.<br>Impreza jest organizowana przez Miasto Zielona G\u00f3ra we wsp\u00f3\u0142pracy ze Stowarzyszeniem OCZYWI\u015aCIE ZIELONA G\u00d3RA.<\/h5>\n<h5 style=\"text-align: justify;\">W za\u0142\u0105czeniu jest szczeg\u00f3\u0142owa informacja dotycz\u0105ca miejsca zbi\u00f3rki uczestnik\u00f3w oraz miejsca dojazdu do celu.<\/h5>\n<h5 style=\"text-align: justify;\">To Pa\u0144stwo jako rodzice b\u0119d\u0105 musieli zadecydowa\u0107, do kt\u00f3rego miejsca razem z dzieckiem jeste\u015bcie w stanie dojecha\u0107.<\/h5>\n<p><a href=\"https:\/\/drive.google.com\/file\/d\/1B5tYA92UBNwiTTs2NOhIv7NKaTJTtMNu\/view?usp=sharing\">https:\/\/drive.google.com\/file\/d\/1B5tYA92UBNwiTTs2NOhIv7NKaTJTtMNu\/view?usp=sharing<\/a><\/p>\n<p><a href=\"https:\/\/drive.google.com\/file\/d\/1EgG9vx05UaL8fWftmaBeMHmwKwfZSiGM\/view?usp=sharing\">https:\/\/drive.google.com\/file\/d\/1EgG9vx05UaL8fWftmaBeMHmwKwfZSiGM\/view?usp=sharing<\/a><\/p>\n","protected":false},"excerpt":{"rendered":"<p>Serdecznie zapraszamy do udzia\u0142u w imprezie pt. &#8222;Rozkr\u0119camy Wakacje&#8221;, kt\u00f3ra zostanie zorganizowana 24.06.2022 r. (pi\u0105tek) od godz. 17.40 &#8211; szczeg\u00f3\u0142y w za\u0142\u0105czeniu. Jest to dzia\u0142anie nawi\u0105zuj\u0105ce do akcji AKTYWNE MIASTA &#8211; Rowerowa Stolica Polski.Impreza jest organizowana przez Miasto Zielona G\u00f3ra we wsp\u00f3\u0142pracy ze Stowarzyszeniem OCZYWI\u015aCIE ZIELONA G\u00d3RA. W za\u0142\u0105czeniu jest szczeg\u00f3\u0142owa informacja dotycz\u0105ca miejsca zbi\u00f3rki &hellip;<\/p>\n<p class=\"read-more\"> <a class=\"\" href=\"https:\/\/sp17.pl\/?p=6556\"> <span class=\"screen-reader-text\">ROZKR\u0118CAMY WAKACJE<\/span> Czytaj wi\u0119cej<\/a><\/p>\n","protected":false},"author":1,"featured_media":6557,"comment_status":"closed","ping_status":"open","sticky":false,"template":"","format":"standard","meta":{"ngg_post_thumbnail":0,"site-sidebar-layout":"default","site-content-layout":"","ast-site-content-layout":"","site-content-style":"default","site-sidebar-style":"default","ast-global-header-display":"","ast-banner-title-visibility":"","ast-main-header-display":"","ast-hfb-above-header-display":"","ast-hfb-below-header-display":"","ast-hfb-mobile-header-display":"","site-post-title":"","ast-breadcrumbs-content":"","ast-featured-img":"","footer-sml-layout":"","theme-transparent-header-meta":"","adv-header-id-meta":"","stick-header-meta":"","header-above-stick-meta":"","header-main-stick-meta":"","header-below-stick-meta":"","astra-migrate-meta-layouts":"default","ast-page-background-enabled":"default","ast-page-background-meta":{"desktop":{"background-color":"var(--ast-global-color-4)","background-image":"","background-repeat":"repeat","background-position":"center center","background-size":"auto","background-attachment":"scroll","background-type":"","background-media":"","overlay-type":"","overlay-color":"","overlay-gradient":""},"tablet":{"background-color":"","background-image":"","background-repeat":"repeat","background-position":"center center","background-size":"auto","background-attachment":"scroll","background-type":"","background-media":"","overlay-type":"","overlay-color":"","overlay-gradient":""},"mobile":{"background-color":"","background-image":"","background-repeat":"repeat","background-position":"center center","background-size":"auto","background-attachment":"scroll","background-type":"","background-media":"","overlay-type":"","overlay-color":"","overlay-gradient":""}},"ast-content-background-meta":{"desktop":{"background-color":"var(--ast-global-color-5)","background-image":"","background-repeat":"repeat","background-position":"center center","background-size":"auto","background-attachment":"scroll","background-type":"","background-media":"","overlay-type":"","overlay-color":"","overlay-gradient":""},"tablet":{"background-color":"var(--ast-global-color-5)","background-image":"","background-repeat":"repeat","background-position":"center center","background-size":"auto","background-attachment":"scroll","background-type":"","background-media":"","overlay-type":"","overlay-color":"","overlay-gradient":""},"mobile":{"background-color":"var(--ast-global-color-5)","background-image":"","background-repeat":"repeat","background-position":"center center","background-size":"auto","background-attachment":"scroll","background-type":"","background-media":"","overlay-type":"","overlay-color":"","overlay-gradient":""}},"footnotes":""},"categories":[6],"tags":[],"_links":{"self":[{"href":"https:\/\/sp17.pl\/index.php?rest_route=\/wp\/v2\/posts\/6556"}],"collection":[{"href":"https:\/\/sp17.pl\/index.php?rest_route=\/wp\/v2\/posts"}],"about":[{"href":"https:\/\/sp17.pl\/index.php?rest_route=\/wp\/v2\/types\/post"}],"author":[{"embeddable":true,"href":"https:\/\/sp17.pl\/index.php?rest_route=\/wp\/v2\/users\/1"}],"replies":[{"embeddable":true,"href":"https:\/\/sp17.pl\/index.php?rest_route=%2Fwp%2Fv2%2Fcomments&post=6556"}],"version-history":[{"count":1,"href":"https:\/\/sp17.pl\/index.php?rest_route=\/wp\/v2\/posts\/6556\/revisions"}],"predecessor-version":[{"id":6558,"href":"https:\/\/sp17.pl\/index.php?rest_route=\/wp\/v2\/posts\/6556\/revisions\/6558"}],"wp:featuredmedia":[{"embeddable":true,"href":"https:\/\/sp17.pl\/index.php?rest_route=\/wp\/v2\/media\/6557"}],"wp:attachment":[{"href":"https:\/\/sp17.pl\/index.php?rest_route=%2Fwp%2Fv2%2Fmedia&parent=6556"}],"wp:term":[{"taxonomy":"category","embeddable":true,"href":"https:\/\/sp17.pl\/index.php?rest_route=%2Fwp%2Fv2%2Fcategories&post=6556"},{"taxonomy":"post_tag","embeddable":true,"href":"https:\/\/sp17.pl\/index.php?rest_route=%2Fwp%2Fv2%2Ftags&post=6556"}],"curies":[{"name":"wp","href":"https:\/\/api.w.org\/{rel}","templated":true}]}}