{"id":6636,"date":"2022-06-26T12:36:11","date_gmt":"2022-06-26T10:36:11","guid":{"rendered":"https:\/\/sp17.pl\/?p=6636"},"modified":"2022-09-16T18:46:05","modified_gmt":"2022-09-16T16:46:05","slug":"swiat-nalezy-do-was-zakonczenie-roku-klas-osmych","status":"publish","type":"post","link":"https:\/\/sp17.pl\/?p=6636","title":{"rendered":"&#8222;\u015bwiat nale\u017cy do was&#8221;   Zako\u0144czenie roku klas \u00f3smych"},"content":{"rendered":"\n<h3 style=\"text-align: justify;\">23 czerwca odby\u0142a si\u0119 uroczysto\u015b\u0107 zako\u0144czenia Szko\u0142y dla klas \u00f3smych. Nie oby\u0142o si\u0119 bez \u0142ez&nbsp; &nbsp; &nbsp; &nbsp; &nbsp; i wzrusze\u0144 oraz wielu przem\u00f3wie\u0144 \ud83d\ude42&nbsp; &nbsp; &nbsp; &nbsp; &nbsp; &nbsp; &nbsp; &nbsp; Uczni\u00f3w po\u017cegna\u0142a Dyrekcja, nauczyciele&nbsp; &nbsp; &nbsp; &nbsp; &nbsp; &nbsp; &nbsp; &nbsp; i m\u0142odsi koledzy i kole\u017canki, kt\u00f3rzy wr\u0119czyli&nbsp; &nbsp; &nbsp; &nbsp; &nbsp; &nbsp; im r\u00f3\u017ce. Absolwenci \u015blubowali, \u017ce b\u0119d\u0105 godnie reprezentowa\u0107 nasz\u0105 szko\u0142\u0119 poza jej murami.&nbsp; &nbsp; &nbsp; &nbsp; \u017byczymy \u00f3smoklasistom aby dostali si\u0119&nbsp; &nbsp; &nbsp; &nbsp; &nbsp; &nbsp; &nbsp; &nbsp; &nbsp; &nbsp; do swoich wymarzonych szk\u00f3\u0142 i \u017cyczymy im s\u0142onecznych wakacji i spokojnego wypoczynku.&nbsp; &nbsp; &nbsp; &nbsp; &nbsp; &nbsp; &nbsp; &nbsp; &nbsp; &nbsp; &nbsp; &nbsp; &nbsp; &nbsp; &nbsp; &nbsp; &nbsp; &nbsp; &nbsp; &nbsp;&nbsp;<\/h3>\n\n\n\n<figure class=\"wp-block-image is-resized\"><img loading=\"lazy\" decoding=\"async\" src=\"https:\/\/sp17.pl\/wp-content\/uploads\/2022\/06\/262-SP-8-KL-2022-1-1024x683.jpg\" alt=\"\" class=\"wp-image-6640\" width=\"832\" height=\"554\" srcset=\"https:\/\/sp17.pl\/wp-content\/uploads\/2022\/06\/262-SP-8-KL-2022-1-1024x683.jpg 1024w, https:\/\/sp17.pl\/wp-content\/uploads\/2022\/06\/262-SP-8-KL-2022-1-300x200.jpg 300w, https:\/\/sp17.pl\/wp-content\/uploads\/2022\/06\/262-SP-8-KL-2022-1-768x512.jpg 768w, https:\/\/sp17.pl\/wp-content\/uploads\/2022\/06\/262-SP-8-KL-2022-1.jpg 1373w\" sizes=\"(max-width: 832px) 100vw, 832px\" \/><\/figure>\n\n\n\n<figure class=\"wp-block-image is-resized\"><img loading=\"lazy\" decoding=\"async\" src=\"https:\/\/sp17.pl\/wp-content\/uploads\/2022\/06\/268-SP-8-KL-2022-1024x683.jpg\" alt=\"\" class=\"wp-image-6642\" width=\"835\" height=\"557\" srcset=\"https:\/\/sp17.pl\/wp-content\/uploads\/2022\/06\/268-SP-8-KL-2022-1024x683.jpg 1024w, https:\/\/sp17.pl\/wp-content\/uploads\/2022\/06\/268-SP-8-KL-2022-300x200.jpg 300w, https:\/\/sp17.pl\/wp-content\/uploads\/2022\/06\/268-SP-8-KL-2022-768x512.jpg 768w, https:\/\/sp17.pl\/wp-content\/uploads\/2022\/06\/268-SP-8-KL-2022.jpg 1348w\" sizes=\"(max-width: 835px) 100vw, 835px\" \/><\/figure>\n\n\n\n<figure class=\"wp-block-image is-resized\"><img loading=\"lazy\" decoding=\"async\" src=\"https:\/\/sp17.pl\/wp-content\/uploads\/2022\/06\/276-SP-8-KL-2022-1024x682.jpg\" alt=\"\" class=\"wp-image-6643\" width=\"834\" height=\"555\" srcset=\"https:\/\/sp17.pl\/wp-content\/uploads\/2022\/06\/276-SP-8-KL-2022-1024x682.jpg 1024w, https:\/\/sp17.pl\/wp-content\/uploads\/2022\/06\/276-SP-8-KL-2022-300x200.jpg 300w, https:\/\/sp17.pl\/wp-content\/uploads\/2022\/06\/276-SP-8-KL-2022-768x512.jpg 768w, https:\/\/sp17.pl\/wp-content\/uploads\/2022\/06\/276-SP-8-KL-2022.jpg 1277w\" sizes=\"(max-width: 834px) 100vw, 834px\" \/><\/figure>\n","protected":false},"excerpt":{"rendered":"<p>23 czerwca odby\u0142a si\u0119 uroczysto\u015b\u0107 zako\u0144czenia Szko\u0142y dla klas \u00f3smych. Nie oby\u0142o si\u0119 bez \u0142ez&nbsp; &nbsp; &nbsp; &nbsp; &nbsp; i wzrusze\u0144 oraz wielu przem\u00f3wie\u0144 \ud83d\ude42&nbsp; &nbsp; &nbsp; &nbsp; &nbsp; &nbsp; &nbsp; &nbsp; Uczni\u00f3w po\u017cegna\u0142a Dyrekcja, nauczyciele&nbsp; &nbsp; &nbsp; &nbsp; &nbsp; &nbsp; &nbsp; &nbsp; i m\u0142odsi koledzy i kole\u017canki, kt\u00f3rzy wr\u0119czyli&nbsp; &nbsp; &nbsp; &nbsp; &nbsp; &nbsp; &hellip;<\/p>\n<p class=\"read-more\"> <a class=\"\" href=\"https:\/\/sp17.pl\/?p=6636\"> <span class=\"screen-reader-text\">&#8222;\u015bwiat nale\u017cy do was&#8221;   Zako\u0144czenie roku klas \u00f3smych<\/span> Czytaj wi\u0119cej<\/a><\/p>\n","protected":false},"author":1,"featured_media":6637,"comment_status":"closed","ping_status":"open","sticky":false,"template":"","format":"standard","meta":{"ngg_post_thumbnail":0,"site-sidebar-layout":"default","site-content-layout":"","ast-site-content-layout":"","site-content-style":"default","site-sidebar-style":"default","ast-global-header-display":"","ast-banner-title-visibility":"","ast-main-header-display":"","ast-hfb-above-header-display":"","ast-hfb-below-header-display":"","ast-hfb-mobile-header-display":"","site-post-title":"","ast-breadcrumbs-content":"","ast-featured-img":"","footer-sml-layout":"","theme-transparent-header-meta":"","adv-header-id-meta":"","stick-header-meta":"","header-above-stick-meta":"","header-main-stick-meta":"","header-below-stick-meta":"","astra-migrate-meta-layouts":"default","ast-page-background-enabled":"default","ast-page-background-meta":{"desktop":{"background-color":"var(--ast-global-color-4)","background-image":"","background-repeat":"repeat","background-position":"center center","background-size":"auto","background-attachment":"scroll","background-type":"","background-media":"","overlay-type":"","overlay-color":"","overlay-gradient":""},"tablet":{"background-color":"","background-image":"","background-repeat":"repeat","background-position":"center center","background-size":"auto","background-attachment":"scroll","background-type":"","background-media":"","overlay-type":"","overlay-color":"","overlay-gradient":""},"mobile":{"background-color":"","background-image":"","background-repeat":"repeat","background-position":"center center","background-size":"auto","background-attachment":"scroll","background-type":"","background-media":"","overlay-type":"","overlay-color":"","overlay-gradient":""}},"ast-content-background-meta":{"desktop":{"background-color":"var(--ast-global-color-5)","background-image":"","background-repeat":"repeat","background-position":"center center","background-size":"auto","background-attachment":"scroll","background-type":"","background-media":"","overlay-type":"","overlay-color":"","overlay-gradient":""},"tablet":{"background-color":"var(--ast-global-color-5)","background-image":"","background-repeat":"repeat","background-position":"center center","background-size":"auto","background-attachment":"scroll","background-type":"","background-media":"","overlay-type":"","overlay-color":"","overlay-gradient":""},"mobile":{"background-color":"var(--ast-global-color-5)","background-image":"","background-repeat":"repeat","background-position":"center center","background-size":"auto","background-attachment":"scroll","background-type":"","background-media":"","overlay-type":"","overlay-color":"","overlay-gradient":""}},"footnotes":""},"categories":[12],"tags":[],"_links":{"self":[{"href":"https:\/\/sp17.pl\/index.php?rest_route=\/wp\/v2\/posts\/6636"}],"collection":[{"href":"https:\/\/sp17.pl\/index.php?rest_route=\/wp\/v2\/posts"}],"about":[{"href":"https:\/\/sp17.pl\/index.php?rest_route=\/wp\/v2\/types\/post"}],"author":[{"embeddable":true,"href":"https:\/\/sp17.pl\/index.php?rest_route=\/wp\/v2\/users\/1"}],"replies":[{"embeddable":true,"href":"https:\/\/sp17.pl\/index.php?rest_route=%2Fwp%2Fv2%2Fcomments&post=6636"}],"version-history":[{"count":5,"href":"https:\/\/sp17.pl\/index.php?rest_route=\/wp\/v2\/posts\/6636\/revisions"}],"predecessor-version":[{"id":6795,"href":"https:\/\/sp17.pl\/index.php?rest_route=\/wp\/v2\/posts\/6636\/revisions\/6795"}],"wp:featuredmedia":[{"embeddable":true,"href":"https:\/\/sp17.pl\/index.php?rest_route=\/wp\/v2\/media\/6637"}],"wp:attachment":[{"href":"https:\/\/sp17.pl\/index.php?rest_route=%2Fwp%2Fv2%2Fmedia&parent=6636"}],"wp:term":[{"taxonomy":"category","embeddable":true,"href":"https:\/\/sp17.pl\/index.php?rest_route=%2Fwp%2Fv2%2Fcategories&post=6636"},{"taxonomy":"post_tag","embeddable":true,"href":"https:\/\/sp17.pl\/index.php?rest_route=%2Fwp%2Fv2%2Ftags&post=6636"}],"curies":[{"name":"wp","href":"https:\/\/api.w.org\/{rel}","templated":true}]}}