{"id":7248,"date":"2022-11-21T19:25:49","date_gmt":"2022-11-21T18:25:49","guid":{"rendered":"https:\/\/sp17.pl\/?p=7248"},"modified":"2022-11-21T19:25:50","modified_gmt":"2022-11-21T18:25:50","slug":"szkola-pamieta-klasa-8a-odwiedza-miejsca-pamieci","status":"publish","type":"post","link":"https:\/\/sp17.pl\/?p=7248","title":{"rendered":"SZKO\u0141A PAMI\u0118TA-  Klasa 8A ODWIEDZA MIEJSCA PAMI\u0118CI"},"content":{"rendered":"\n<h5 style=\"text-align: justify;\">Nasza szko\u0142a uczestniczy w kolejnej edycji projektu zorganizowanego przez Ministerstwo Edukacji Narodowej pt. <strong>\u201eSzko\u0142a pami\u0119ta\u201d<\/strong>.&nbsp; Celem tej inicjatywy jest zwr\u00f3cenie uwagi m\u0142odych ludzi na potrzeb\u0119 piel\u0119gnowania pami\u0119ci&nbsp; &nbsp; &nbsp;o zmar\u0142ych, a tak\u017ce o historii i bohaterach naszego kraju oraz regionu.<\/h5>\n<h5 style=\"text-align: justify;\">W ramach projektu, 14 listopada uczniowie klasy 8a odwiedzili cmentarz komunalny w Zielonej G\u00f3rze oraz miejsca pami\u0119ci ofiar wojen i przemocy, by zapali\u0107 znicze&nbsp; &nbsp; &nbsp; i odda\u0107 ho\u0142d naszym przodkom. R\u00f3wnocze\u015bnie mogli uczestniczy\u0107 w \u017cywej lekcji historii, us\u0142ysze\u0107 o losach polskich sybirak\u00f3w, powsta\u0144c\u00f3w, ofiar zbrodni faszystowskich i komunistycznych.<\/h5>\n<p style=\"text-align: justify;\">#Szko\u0142aPami\u0119ta<\/p>\n<!-- default-view.php -->\n<div\n\tclass=\"ngg-galleryoverview default-view \"\n\tid=\"ngg-gallery-ed25f24a66ec5a6190419b94fa7dc0ed-1\">\n\n\t\t<!-- Thumbnails -->\n\t\t\t\t<div id=\"ngg-image-0\" class=\"ngg-gallery-thumbnail-box ngg-3-columns\" >\n\t\t\t\t        <div class=\"ngg-gallery-thumbnail\">\n            <a href=\"https:\/\/sp17.pl\/wp-content\/gallery\/szkola-pamieta-2022\/20221114_115557.jpg\"\n               title=\"\"\n               data-src=\"https:\/\/sp17.pl\/wp-content\/gallery\/szkola-pamieta-2022\/20221114_115557.jpg\"\n               data-thumbnail=\"https:\/\/sp17.pl\/wp-content\/gallery\/szkola-pamieta-2022\/thumbs\/thumbs_20221114_115557.jpg\"\n               data-image-id=\"2583\"\n               data-title=\"20221114_115557\"\n               data-description=\"\"\n               data-image-slug=\"20221114_115557\"\n               class=\"ngg-simplelightbox\" rel=\"ed25f24a66ec5a6190419b94fa7dc0ed\">\n                <img\n                    title=\"20221114_115557\"\n                    alt=\"20221114_115557\"\n                    src=\"https:\/\/sp17.pl\/wp-content\/gallery\/szkola-pamieta-2022\/thumbs\/thumbs_20221114_115557.jpg\"\n                    width=\"240\"\n                    height=\"160\"\n                    style=\"max-width:100%;\"\n                \/>\n            <\/a>\n        <\/div>\n\t\t\t\t\t\t\t<\/div> \n\t\t\t\n\t\t\t\t<div id=\"ngg-image-1\" class=\"ngg-gallery-thumbnail-box ngg-3-columns\" >\n\t\t\t\t        <div class=\"ngg-gallery-thumbnail\">\n            <a href=\"https:\/\/sp17.pl\/wp-content\/gallery\/szkola-pamieta-2022\/20221114_115759.jpg\"\n               title=\"\"\n               data-src=\"https:\/\/sp17.pl\/wp-content\/gallery\/szkola-pamieta-2022\/20221114_115759.jpg\"\n               data-thumbnail=\"https:\/\/sp17.pl\/wp-content\/gallery\/szkola-pamieta-2022\/thumbs\/thumbs_20221114_115759.jpg\"\n               data-image-id=\"2584\"\n               data-title=\"20221114_115759\"\n               data-description=\"\"\n               data-image-slug=\"20221114_115759\"\n               class=\"ngg-simplelightbox\" rel=\"ed25f24a66ec5a6190419b94fa7dc0ed\">\n                <img\n                    title=\"20221114_115759\"\n                    alt=\"20221114_115759\"\n                    src=\"https:\/\/sp17.pl\/wp-content\/gallery\/szkola-pamieta-2022\/thumbs\/thumbs_20221114_115759.jpg\"\n                    width=\"240\"\n                    height=\"160\"\n                    style=\"max-width:100%;\"\n                \/>\n            <\/a>\n        <\/div>\n\t\t\t\t\t\t\t<\/div> \n\t\t\t\n\t\t\t\t<div id=\"ngg-image-2\" class=\"ngg-gallery-thumbnail-box ngg-3-columns\" >\n\t\t\t\t        <div class=\"ngg-gallery-thumbnail\">\n            <a href=\"https:\/\/sp17.pl\/wp-content\/gallery\/szkola-pamieta-2022\/20221114_120735.jpg\"\n               title=\"\"\n               data-src=\"https:\/\/sp17.pl\/wp-content\/gallery\/szkola-pamieta-2022\/20221114_120735.jpg\"\n               data-thumbnail=\"https:\/\/sp17.pl\/wp-content\/gallery\/szkola-pamieta-2022\/thumbs\/thumbs_20221114_120735.jpg\"\n               data-image-id=\"2585\"\n               data-title=\"20221114_120735\"\n               data-description=\"\"\n               data-image-slug=\"20221114_120735\"\n               class=\"ngg-simplelightbox\" rel=\"ed25f24a66ec5a6190419b94fa7dc0ed\">\n                <img\n                    title=\"20221114_120735\"\n                    alt=\"20221114_120735\"\n                    src=\"https:\/\/sp17.pl\/wp-content\/gallery\/szkola-pamieta-2022\/thumbs\/thumbs_20221114_120735.jpg\"\n                    width=\"240\"\n                    height=\"160\"\n                    style=\"max-width:100%;\"\n                \/>\n            <\/a>\n        <\/div>\n\t\t\t\t\t\t\t<\/div> \n\t\t\t\n\t\t\t\t<div id=\"ngg-image-3\" class=\"ngg-gallery-thumbnail-box ngg-3-columns\" >\n\t\t\t\t        <div class=\"ngg-gallery-thumbnail\">\n            <a href=\"https:\/\/sp17.pl\/wp-content\/gallery\/szkola-pamieta-2022\/20221114_121609.jpg\"\n               title=\"\"\n               data-src=\"https:\/\/sp17.pl\/wp-content\/gallery\/szkola-pamieta-2022\/20221114_121609.jpg\"\n               data-thumbnail=\"https:\/\/sp17.pl\/wp-content\/gallery\/szkola-pamieta-2022\/thumbs\/thumbs_20221114_121609.jpg\"\n               data-image-id=\"2586\"\n               data-title=\"20221114_121609\"\n               data-description=\"\"\n               data-image-slug=\"20221114_121609\"\n               class=\"ngg-simplelightbox\" rel=\"ed25f24a66ec5a6190419b94fa7dc0ed\">\n                <img\n                    title=\"20221114_121609\"\n                    alt=\"20221114_121609\"\n                    src=\"https:\/\/sp17.pl\/wp-content\/gallery\/szkola-pamieta-2022\/thumbs\/thumbs_20221114_121609.jpg\"\n                    width=\"240\"\n                    height=\"160\"\n                    style=\"max-width:100%;\"\n                \/>\n            <\/a>\n        <\/div>\n\t\t\t\t\t\t\t<\/div> \n\t\t\t\n\t\t\t\t<div id=\"ngg-image-4\" class=\"ngg-gallery-thumbnail-box ngg-3-columns\" >\n\t\t\t\t        <div class=\"ngg-gallery-thumbnail\">\n            <a href=\"https:\/\/sp17.pl\/wp-content\/gallery\/szkola-pamieta-2022\/20221114_122226.jpg\"\n               title=\"\"\n               data-src=\"https:\/\/sp17.pl\/wp-content\/gallery\/szkola-pamieta-2022\/20221114_122226.jpg\"\n               data-thumbnail=\"https:\/\/sp17.pl\/wp-content\/gallery\/szkola-pamieta-2022\/thumbs\/thumbs_20221114_122226.jpg\"\n               data-image-id=\"2587\"\n               data-title=\"20221114_122226\"\n               data-description=\"\"\n               data-image-slug=\"20221114_122226\"\n               class=\"ngg-simplelightbox\" rel=\"ed25f24a66ec5a6190419b94fa7dc0ed\">\n                <img\n                    title=\"20221114_122226\"\n                    alt=\"20221114_122226\"\n                    src=\"https:\/\/sp17.pl\/wp-content\/gallery\/szkola-pamieta-2022\/thumbs\/thumbs_20221114_122226.jpg\"\n                    width=\"240\"\n                    height=\"160\"\n                    style=\"max-width:100%;\"\n                \/>\n            <\/a>\n        <\/div>\n\t\t\t\t\t\t\t<\/div> \n\t\t\t\n\t\t\t\t<div id=\"ngg-image-5\" class=\"ngg-gallery-thumbnail-box ngg-3-columns\" >\n\t\t\t\t        <div class=\"ngg-gallery-thumbnail\">\n            <a href=\"https:\/\/sp17.pl\/wp-content\/gallery\/szkola-pamieta-2022\/20221114_122447.jpg\"\n               title=\"\"\n               data-src=\"https:\/\/sp17.pl\/wp-content\/gallery\/szkola-pamieta-2022\/20221114_122447.jpg\"\n               data-thumbnail=\"https:\/\/sp17.pl\/wp-content\/gallery\/szkola-pamieta-2022\/thumbs\/thumbs_20221114_122447.jpg\"\n               data-image-id=\"2588\"\n               data-title=\"20221114_122447\"\n               data-description=\"\"\n               data-image-slug=\"20221114_122447\"\n               class=\"ngg-simplelightbox\" rel=\"ed25f24a66ec5a6190419b94fa7dc0ed\">\n                <img\n                    title=\"20221114_122447\"\n                    alt=\"20221114_122447\"\n                    src=\"https:\/\/sp17.pl\/wp-content\/gallery\/szkola-pamieta-2022\/thumbs\/thumbs_20221114_122447.jpg\"\n                    width=\"240\"\n                    height=\"160\"\n                    style=\"max-width:100%;\"\n                \/>\n            <\/a>\n        <\/div>\n\t\t\t\t\t\t\t<\/div> \n\t\t\t\n\t\n\t<br style=\"clear: both\" \/>\n\n\t\n\t\t<!-- Pagination -->\n\t<div class='ngg-clear'><\/div>\t<\/div>\n\n","protected":false},"excerpt":{"rendered":"<p>Nasza szko\u0142a uczestniczy w kolejnej edycji projektu zorganizowanego przez Ministerstwo Edukacji Narodowej pt. \u201eSzko\u0142a pami\u0119ta\u201d.&nbsp; Celem tej inicjatywy jest zwr\u00f3cenie uwagi m\u0142odych ludzi na potrzeb\u0119 piel\u0119gnowania pami\u0119ci&nbsp; &nbsp; &nbsp;o zmar\u0142ych, a tak\u017ce o historii i bohaterach naszego kraju oraz regionu. W ramach projektu, 14 listopada uczniowie klasy 8a odwiedzili cmentarz komunalny w Zielonej G\u00f3rze oraz &hellip;<\/p>\n<p class=\"read-more\"> <a class=\"\" href=\"https:\/\/sp17.pl\/?p=7248\"> <span class=\"screen-reader-text\">SZKO\u0141A PAMI\u0118TA-  Klasa 8A ODWIEDZA MIEJSCA PAMI\u0118CI<\/span> Czytaj wi\u0119cej<\/a><\/p>\n","protected":false},"author":1,"featured_media":7261,"comment_status":"closed","ping_status":"open","sticky":false,"template":"","format":"standard","meta":{"ngg_post_thumbnail":0,"site-sidebar-layout":"default","site-content-layout":"","ast-site-content-layout":"","site-content-style":"default","site-sidebar-style":"default","ast-global-header-display":"","ast-banner-title-visibility":"","ast-main-header-display":"","ast-hfb-above-header-display":"","ast-hfb-below-header-display":"","ast-hfb-mobile-header-display":"","site-post-title":"","ast-breadcrumbs-content":"","ast-featured-img":"","footer-sml-layout":"","theme-transparent-header-meta":"","adv-header-id-meta":"","stick-header-meta":"","header-above-stick-meta":"","header-main-stick-meta":"","header-below-stick-meta":"","astra-migrate-meta-layouts":"default","ast-page-background-enabled":"default","ast-page-background-meta":{"desktop":{"background-color":"var(--ast-global-color-4)","background-image":"","background-repeat":"repeat","background-position":"center center","background-size":"auto","background-attachment":"scroll","background-type":"","background-media":"","overlay-type":"","overlay-color":"","overlay-gradient":""},"tablet":{"background-color":"","background-image":"","background-repeat":"repeat","background-position":"center center","background-size":"auto","background-attachment":"scroll","background-type":"","background-media":"","overlay-type":"","overlay-color":"","overlay-gradient":""},"mobile":{"background-color":"","background-image":"","background-repeat":"repeat","background-position":"center center","background-size":"auto","background-attachment":"scroll","background-type":"","background-media":"","overlay-type":"","overlay-color":"","overlay-gradient":""}},"ast-content-background-meta":{"desktop":{"background-color":"var(--ast-global-color-5)","background-image":"","background-repeat":"repeat","background-position":"center center","background-size":"auto","background-attachment":"scroll","background-type":"","background-media":"","overlay-type":"","overlay-color":"","overlay-gradient":""},"tablet":{"background-color":"var(--ast-global-color-5)","background-image":"","background-repeat":"repeat","background-position":"center center","background-size":"auto","background-attachment":"scroll","background-type":"","background-media":"","overlay-type":"","overlay-color":"","overlay-gradient":""},"mobile":{"background-color":"var(--ast-global-color-5)","background-image":"","background-repeat":"repeat","background-position":"center center","background-size":"auto","background-attachment":"scroll","background-type":"","background-media":"","overlay-type":"","overlay-color":"","overlay-gradient":""}},"footnotes":""},"categories":[6],"tags":[],"_links":{"self":[{"href":"https:\/\/sp17.pl\/index.php?rest_route=\/wp\/v2\/posts\/7248"}],"collection":[{"href":"https:\/\/sp17.pl\/index.php?rest_route=\/wp\/v2\/posts"}],"about":[{"href":"https:\/\/sp17.pl\/index.php?rest_route=\/wp\/v2\/types\/post"}],"author":[{"embeddable":true,"href":"https:\/\/sp17.pl\/index.php?rest_route=\/wp\/v2\/users\/1"}],"replies":[{"embeddable":true,"href":"https:\/\/sp17.pl\/index.php?rest_route=%2Fwp%2Fv2%2Fcomments&post=7248"}],"version-history":[{"count":6,"href":"https:\/\/sp17.pl\/index.php?rest_route=\/wp\/v2\/posts\/7248\/revisions"}],"predecessor-version":[{"id":7262,"href":"https:\/\/sp17.pl\/index.php?rest_route=\/wp\/v2\/posts\/7248\/revisions\/7262"}],"wp:featuredmedia":[{"embeddable":true,"href":"https:\/\/sp17.pl\/index.php?rest_route=\/wp\/v2\/media\/7261"}],"wp:attachment":[{"href":"https:\/\/sp17.pl\/index.php?rest_route=%2Fwp%2Fv2%2Fmedia&parent=7248"}],"wp:term":[{"taxonomy":"category","embeddable":true,"href":"https:\/\/sp17.pl\/index.php?rest_route=%2Fwp%2Fv2%2Fcategories&post=7248"},{"taxonomy":"post_tag","embeddable":true,"href":"https:\/\/sp17.pl\/index.php?rest_route=%2Fwp%2Fv2%2Ftags&post=7248"}],"curies":[{"name":"wp","href":"https:\/\/api.w.org\/{rel}","templated":true}]}}