{"id":8020,"date":"2023-04-03T18:51:18","date_gmt":"2023-04-03T16:51:18","guid":{"rendered":"https:\/\/sp17.pl\/?p=8020"},"modified":"2023-04-05T16:33:01","modified_gmt":"2023-04-05T14:33:01","slug":"obchody-dnia-sw-patryka","status":"publish","type":"post","link":"https:\/\/sp17.pl\/?p=8020","title":{"rendered":"OBCHODY DNIA \u015aW. PATRYKA"},"content":{"rendered":"\n<h5><span style=\"font-weight: 400;\">W \u015brod\u0119 w naszej szkole \u015bwi\u0119towali\u015bmy <\/span><b>Dzie\u0144 \u015awi\u0119tego Patryka<\/b><span style=\"font-weight: 400;\"> \u2013 patrona Irlandii. Obchody poprzedzone by\u0142y przygotowaniami, kt\u00f3re mia\u0142y na celu przybli\u017cenie uczniom postaci \u015bw. Patryka oraz historii, geografii i kultury ludno\u015bci zamieszkuj\u0105cej <\/span><i><span style=\"font-weight: 400;\">Szmaragdow\u0105 Wysp\u0119<\/span><\/i><span style=\"font-weight: 400;\">.<\/span><\/h5>\n<h5><span style=\"font-weight: 400;\">Jak podaje legenda, \u015bw. Patryk nawr\u00f3ci\u0142 Irlandi\u0119 na chrze\u015bcija\u0144stwo i opowiada\u0142 o Tr\u00f3jcy \u015awi\u0119tej na przyk\u0142adzie trzylistnej koniczynki. To tylko niekt\u00f3re z fakt\u00f3w, kt\u00f3re poznali uczniowie na lekcjach j\u0119zyka angielskiego.<\/span><\/h5>\n<h5><span style=\"font-weight: 400;\">W tym dniu ca\u0142a szko\u0142a t\u0119tni\u0142a<\/span><b> zielonym kolorem<\/b><span style=\"font-weight: 400;\">. Odby\u0142o si\u0119 <\/span><b>losowanie szcz\u0119\u015bliwej koniczynki,<\/b><span style=\"font-weight: 400;\"> pod kt\u00f3rymi ukry\u0142y si\u0119 skrzaty Leprechaun. Szcz\u0119\u015bliwcy, kt\u00f3rzy znale\u017ali pod&nbsp; koniczynk\u0105 skrzata, mogli wymieni\u0107 j\u0105 na <\/span><b>czekoladow\u0105 monet\u0119. <\/b><span style=\"font-weight: 400;\">Podczas przerwy by\u0142 <\/span><b>pokaz ta\u0144ca irlandzkiego<\/b><span style=\"font-weight: 400;\">,&nbsp; &nbsp; &nbsp; &nbsp; a tak\u017ce wsp\u00f3lna zabawa w rytmach irlandzkiej muzyki. <\/span><span style=\"font-weight: 400;\">Nie zabrak\u0142o r\u00f3wnie\u017c konkurs\u00f3w.&nbsp; Przeprowadzono <\/span><b>quizy&nbsp; &nbsp; &nbsp; &nbsp; &nbsp; &nbsp; &nbsp; &nbsp;<\/b><span style=\"font-weight: 400;\">z pytaniami dotycz\u0105cymi St. Patrick\u2019s Day&nbsp; i Irlandii.<\/span><\/h5>\n<h5><span style=\"font-weight: 400;\">Mo\u017cna by\u0142o tak\u017ce <\/span><b>skosztowa\u0107 \u201czielonych pyszno\u015bci<\/b><span style=\"font-weight: 400;\">\u201d,&nbsp; &nbsp; &nbsp; &nbsp; &nbsp; &nbsp; &nbsp; &nbsp; a tak\u017ce podziwia\u0107 <\/span><b>wystaw\u0119<\/b><span style=\"font-weight: 400;\"> przepi\u0119knych <\/span><b>kapeluszy<\/b><span style=\"font-weight: 400;\">&#8211; prace wykonane przez uczni\u00f3w bior\u0105cych udzia\u0142 w konkursie na najciekawsze nakrycie g\u0142owy dla irlandzkiego skrzata.&nbsp;<\/span><\/h5>\n<h5><span style=\"font-weight: 400;\">Cieszy nas fakt, \u017ce uczniowie z tak wielkim zaanga\u017cowaniem celebrowali Dzie\u0144 \u015awi\u0119tego Patryka. Ju\u017c teraz nie mo\u017cemy doczeka\u0107 si\u0119 kolejnego roku i kolejnych obchod\u00f3w! Wszystkim, kt\u00f3rzy w\u0142\u0105czyli si\u0119 w przygotowania, serdecznie dzi\u0119kujemy!<\/span><\/h5>\n<p style=\"text-align: justify;\">&nbsp;<\/p>\n<!-- default-view.php -->\n<div\n\tclass=\"ngg-galleryoverview default-view \"\n\tid=\"ngg-gallery-2b21f023e13a561de010fb4f48d12ee9-1\">\n\n\t\t<!-- Thumbnails -->\n\t\t\t\t<div id=\"ngg-image-0\" class=\"ngg-gallery-thumbnail-box ngg-3-columns\" >\n\t\t\t\t        <div class=\"ngg-gallery-thumbnail\">\n            <a href=\"https:\/\/sp17.pl\/wp-content\/gallery\/dzien-patryka-2023\/20230329_103808.jpg\"\n               title=\"\"\n               data-src=\"https:\/\/sp17.pl\/wp-content\/gallery\/dzien-patryka-2023\/20230329_103808.jpg\"\n               data-thumbnail=\"https:\/\/sp17.pl\/wp-content\/gallery\/dzien-patryka-2023\/thumbs\/thumbs_20230329_103808.jpg\"\n               data-image-id=\"2879\"\n               data-title=\"20230329_103808\"\n               data-description=\"\"\n               data-image-slug=\"20230329_103808\"\n               class=\"ngg-simplelightbox\" rel=\"2b21f023e13a561de010fb4f48d12ee9\">\n                <img\n                    title=\"20230329_103808\"\n                    alt=\"20230329_103808\"\n                    src=\"https:\/\/sp17.pl\/wp-content\/gallery\/dzien-patryka-2023\/thumbs\/thumbs_20230329_103808.jpg\"\n                    width=\"240\"\n                    height=\"160\"\n                    style=\"max-width:100%;\"\n                \/>\n            <\/a>\n        <\/div>\n\t\t\t\t\t\t\t<\/div> \n\t\t\t\n\t\t\t\t<div id=\"ngg-image-1\" class=\"ngg-gallery-thumbnail-box ngg-3-columns\" >\n\t\t\t\t        <div class=\"ngg-gallery-thumbnail\">\n            <a href=\"https:\/\/sp17.pl\/wp-content\/gallery\/dzien-patryka-2023\/20230329_104214.jpg\"\n               title=\"\"\n               data-src=\"https:\/\/sp17.pl\/wp-content\/gallery\/dzien-patryka-2023\/20230329_104214.jpg\"\n               data-thumbnail=\"https:\/\/sp17.pl\/wp-content\/gallery\/dzien-patryka-2023\/thumbs\/thumbs_20230329_104214.jpg\"\n               data-image-id=\"2880\"\n               data-title=\"20230329_104214\"\n               data-description=\"\"\n               data-image-slug=\"20230329_104214\"\n               class=\"ngg-simplelightbox\" rel=\"2b21f023e13a561de010fb4f48d12ee9\">\n                <img\n                    title=\"20230329_104214\"\n                    alt=\"20230329_104214\"\n                    src=\"https:\/\/sp17.pl\/wp-content\/gallery\/dzien-patryka-2023\/thumbs\/thumbs_20230329_104214.jpg\"\n                    width=\"240\"\n                    height=\"160\"\n                    style=\"max-width:100%;\"\n                \/>\n            <\/a>\n        <\/div>\n\t\t\t\t\t\t\t<\/div> \n\t\t\t\n\t\t\t\t<div id=\"ngg-image-2\" class=\"ngg-gallery-thumbnail-box ngg-3-columns\" >\n\t\t\t\t        <div class=\"ngg-gallery-thumbnail\">\n            <a href=\"https:\/\/sp17.pl\/wp-content\/gallery\/dzien-patryka-2023\/20230329_113703.jpg\"\n               title=\"\"\n               data-src=\"https:\/\/sp17.pl\/wp-content\/gallery\/dzien-patryka-2023\/20230329_113703.jpg\"\n               data-thumbnail=\"https:\/\/sp17.pl\/wp-content\/gallery\/dzien-patryka-2023\/thumbs\/thumbs_20230329_113703.jpg\"\n               data-image-id=\"2881\"\n               data-title=\"20230329_113703\"\n               data-description=\"\"\n               data-image-slug=\"20230329_113703\"\n               class=\"ngg-simplelightbox\" rel=\"2b21f023e13a561de010fb4f48d12ee9\">\n                <img\n                    title=\"20230329_113703\"\n                    alt=\"20230329_113703\"\n                    src=\"https:\/\/sp17.pl\/wp-content\/gallery\/dzien-patryka-2023\/thumbs\/thumbs_20230329_113703.jpg\"\n                    width=\"240\"\n                    height=\"160\"\n                    style=\"max-width:100%;\"\n                \/>\n            <\/a>\n        <\/div>\n\t\t\t\t\t\t\t<\/div> \n\t\t\t\n\t\t\t\t<div id=\"ngg-image-3\" class=\"ngg-gallery-thumbnail-box ngg-3-columns\" >\n\t\t\t\t        <div class=\"ngg-gallery-thumbnail\">\n            <a href=\"https:\/\/sp17.pl\/wp-content\/gallery\/dzien-patryka-2023\/20230329_114720.jpg\"\n               title=\"\"\n               data-src=\"https:\/\/sp17.pl\/wp-content\/gallery\/dzien-patryka-2023\/20230329_114720.jpg\"\n               data-thumbnail=\"https:\/\/sp17.pl\/wp-content\/gallery\/dzien-patryka-2023\/thumbs\/thumbs_20230329_114720.jpg\"\n               data-image-id=\"2882\"\n               data-title=\"20230329_114720\"\n               data-description=\"\"\n               data-image-slug=\"20230329_114720\"\n               class=\"ngg-simplelightbox\" rel=\"2b21f023e13a561de010fb4f48d12ee9\">\n                <img\n                    title=\"20230329_114720\"\n                    alt=\"20230329_114720\"\n                    src=\"https:\/\/sp17.pl\/wp-content\/gallery\/dzien-patryka-2023\/thumbs\/thumbs_20230329_114720.jpg\"\n                    width=\"240\"\n                    height=\"160\"\n                    style=\"max-width:100%;\"\n                \/>\n            <\/a>\n        <\/div>\n\t\t\t\t\t\t\t<\/div> \n\t\t\t\n\t\t\t\t<div id=\"ngg-image-4\" class=\"ngg-gallery-thumbnail-box ngg-3-columns\" >\n\t\t\t\t        <div class=\"ngg-gallery-thumbnail\">\n            <a href=\"https:\/\/sp17.pl\/wp-content\/gallery\/dzien-patryka-2023\/20230329_115103.jpg\"\n               title=\"\"\n               data-src=\"https:\/\/sp17.pl\/wp-content\/gallery\/dzien-patryka-2023\/20230329_115103.jpg\"\n               data-thumbnail=\"https:\/\/sp17.pl\/wp-content\/gallery\/dzien-patryka-2023\/thumbs\/thumbs_20230329_115103.jpg\"\n               data-image-id=\"2883\"\n               data-title=\"20230329_115103\"\n               data-description=\"\"\n               data-image-slug=\"20230329_115103\"\n               class=\"ngg-simplelightbox\" rel=\"2b21f023e13a561de010fb4f48d12ee9\">\n                <img\n                    title=\"20230329_115103\"\n                    alt=\"20230329_115103\"\n                    src=\"https:\/\/sp17.pl\/wp-content\/gallery\/dzien-patryka-2023\/thumbs\/thumbs_20230329_115103.jpg\"\n                    width=\"240\"\n                    height=\"160\"\n                    style=\"max-width:100%;\"\n                \/>\n            <\/a>\n        <\/div>\n\t\t\t\t\t\t\t<\/div> \n\t\t\t\n\t\t\t\t<div id=\"ngg-image-5\" class=\"ngg-gallery-thumbnail-box ngg-3-columns\" >\n\t\t\t\t        <div class=\"ngg-gallery-thumbnail\">\n            <a href=\"https:\/\/sp17.pl\/wp-content\/gallery\/dzien-patryka-2023\/20230329_150434.jpg\"\n               title=\"\"\n               data-src=\"https:\/\/sp17.pl\/wp-content\/gallery\/dzien-patryka-2023\/20230329_150434.jpg\"\n               data-thumbnail=\"https:\/\/sp17.pl\/wp-content\/gallery\/dzien-patryka-2023\/thumbs\/thumbs_20230329_150434.jpg\"\n               data-image-id=\"2884\"\n               data-title=\"20230329_150434\"\n               data-description=\"\"\n               data-image-slug=\"20230329_150434\"\n               class=\"ngg-simplelightbox\" rel=\"2b21f023e13a561de010fb4f48d12ee9\">\n                <img\n                    title=\"20230329_150434\"\n                    alt=\"20230329_150434\"\n                    src=\"https:\/\/sp17.pl\/wp-content\/gallery\/dzien-patryka-2023\/thumbs\/thumbs_20230329_150434.jpg\"\n                    width=\"240\"\n                    height=\"160\"\n                    style=\"max-width:100%;\"\n                \/>\n            <\/a>\n        <\/div>\n\t\t\t\t\t\t\t<\/div> \n\t\t\t\n\t\t\t\t<div id=\"ngg-image-6\" class=\"ngg-gallery-thumbnail-box ngg-3-columns\" >\n\t\t\t\t        <div class=\"ngg-gallery-thumbnail\">\n            <a href=\"https:\/\/sp17.pl\/wp-content\/gallery\/dzien-patryka-2023\/IMG-20230329-WA0002.jpg\"\n               title=\"\"\n               data-src=\"https:\/\/sp17.pl\/wp-content\/gallery\/dzien-patryka-2023\/IMG-20230329-WA0002.jpg\"\n               data-thumbnail=\"https:\/\/sp17.pl\/wp-content\/gallery\/dzien-patryka-2023\/thumbs\/thumbs_IMG-20230329-WA0002.jpg\"\n               data-image-id=\"2885\"\n               data-title=\"IMG-20230329-WA0002\"\n               data-description=\"\"\n               data-image-slug=\"img-20230329-wa0002\"\n               class=\"ngg-simplelightbox\" rel=\"2b21f023e13a561de010fb4f48d12ee9\">\n                <img\n                    title=\"IMG-20230329-WA0002\"\n                    alt=\"IMG-20230329-WA0002\"\n                    src=\"https:\/\/sp17.pl\/wp-content\/gallery\/dzien-patryka-2023\/thumbs\/thumbs_IMG-20230329-WA0002.jpg\"\n                    width=\"240\"\n                    height=\"160\"\n                    style=\"max-width:100%;\"\n                \/>\n            <\/a>\n        <\/div>\n\t\t\t\t\t\t\t<\/div> \n\t\t\t\n\t\t\t\t<div id=\"ngg-image-7\" class=\"ngg-gallery-thumbnail-box ngg-3-columns\" >\n\t\t\t\t        <div class=\"ngg-gallery-thumbnail\">\n            <a href=\"https:\/\/sp17.pl\/wp-content\/gallery\/dzien-patryka-2023\/IMG-20230329-WA0007.jpg\"\n               title=\"\"\n               data-src=\"https:\/\/sp17.pl\/wp-content\/gallery\/dzien-patryka-2023\/IMG-20230329-WA0007.jpg\"\n               data-thumbnail=\"https:\/\/sp17.pl\/wp-content\/gallery\/dzien-patryka-2023\/thumbs\/thumbs_IMG-20230329-WA0007.jpg\"\n               data-image-id=\"2886\"\n               data-title=\"IMG-20230329-WA0007\"\n               data-description=\"\"\n               data-image-slug=\"img-20230329-wa0007\"\n               class=\"ngg-simplelightbox\" rel=\"2b21f023e13a561de010fb4f48d12ee9\">\n                <img\n                    title=\"IMG-20230329-WA0007\"\n                    alt=\"IMG-20230329-WA0007\"\n                    src=\"https:\/\/sp17.pl\/wp-content\/gallery\/dzien-patryka-2023\/thumbs\/thumbs_IMG-20230329-WA0007.jpg\"\n                    width=\"240\"\n                    height=\"160\"\n                    style=\"max-width:100%;\"\n                \/>\n            <\/a>\n        <\/div>\n\t\t\t\t\t\t\t<\/div> \n\t\t\t\n\t\t\t\t<div id=\"ngg-image-8\" class=\"ngg-gallery-thumbnail-box ngg-3-columns\" >\n\t\t\t\t        <div class=\"ngg-gallery-thumbnail\">\n            <a href=\"https:\/\/sp17.pl\/wp-content\/gallery\/dzien-patryka-2023\/IMG-20230329-WA0017.jpg\"\n               title=\"\"\n               data-src=\"https:\/\/sp17.pl\/wp-content\/gallery\/dzien-patryka-2023\/IMG-20230329-WA0017.jpg\"\n               data-thumbnail=\"https:\/\/sp17.pl\/wp-content\/gallery\/dzien-patryka-2023\/thumbs\/thumbs_IMG-20230329-WA0017.jpg\"\n               data-image-id=\"2887\"\n               data-title=\"IMG-20230329-WA0017\"\n               data-description=\"\"\n               data-image-slug=\"img-20230329-wa0017\"\n               class=\"ngg-simplelightbox\" rel=\"2b21f023e13a561de010fb4f48d12ee9\">\n                <img\n                    title=\"IMG-20230329-WA0017\"\n                    alt=\"IMG-20230329-WA0017\"\n                    src=\"https:\/\/sp17.pl\/wp-content\/gallery\/dzien-patryka-2023\/thumbs\/thumbs_IMG-20230329-WA0017.jpg\"\n                    width=\"240\"\n                    height=\"160\"\n                    style=\"max-width:100%;\"\n                \/>\n            <\/a>\n        <\/div>\n\t\t\t\t\t\t\t<\/div> \n\t\t\t\n\t\n\t<br style=\"clear: both\" \/>\n\n\t\n\t\t<!-- Pagination -->\n\t<div class='ngg-clear'><\/div>\t<\/div>\n\n","protected":false},"excerpt":{"rendered":"<p>W \u015brod\u0119 w naszej szkole \u015bwi\u0119towali\u015bmy Dzie\u0144 \u015awi\u0119tego Patryka \u2013 patrona Irlandii. Obchody poprzedzone by\u0142y przygotowaniami, kt\u00f3re mia\u0142y na celu przybli\u017cenie uczniom postaci \u015bw. Patryka oraz historii, geografii i kultury ludno\u015bci zamieszkuj\u0105cej Szmaragdow\u0105 Wysp\u0119. Jak podaje legenda, \u015bw. Patryk nawr\u00f3ci\u0142 Irlandi\u0119 na chrze\u015bcija\u0144stwo i opowiada\u0142 o Tr\u00f3jcy \u015awi\u0119tej na przyk\u0142adzie trzylistnej koniczynki. To tylko niekt\u00f3re &hellip;<\/p>\n<p class=\"read-more\"> <a class=\"\" href=\"https:\/\/sp17.pl\/?p=8020\"> <span class=\"screen-reader-text\">OBCHODY DNIA \u015aW. PATRYKA<\/span> Czytaj wi\u0119cej<\/a><\/p>\n","protected":false},"author":1,"featured_media":8031,"comment_status":"closed","ping_status":"open","sticky":false,"template":"","format":"standard","meta":{"ngg_post_thumbnail":0,"site-sidebar-layout":"default","site-content-layout":"","ast-site-content-layout":"","site-content-style":"default","site-sidebar-style":"default","ast-global-header-display":"","ast-banner-title-visibility":"","ast-main-header-display":"","ast-hfb-above-header-display":"","ast-hfb-below-header-display":"","ast-hfb-mobile-header-display":"","site-post-title":"","ast-breadcrumbs-content":"","ast-featured-img":"","footer-sml-layout":"","theme-transparent-header-meta":"","adv-header-id-meta":"","stick-header-meta":"","header-above-stick-meta":"","header-main-stick-meta":"","header-below-stick-meta":"","astra-migrate-meta-layouts":"default","ast-page-background-enabled":"default","ast-page-background-meta":{"desktop":{"background-color":"var(--ast-global-color-4)","background-image":"","background-repeat":"repeat","background-position":"center center","background-size":"auto","background-attachment":"scroll","background-type":"","background-media":"","overlay-type":"","overlay-color":"","overlay-gradient":""},"tablet":{"background-color":"","background-image":"","background-repeat":"repeat","background-position":"center center","background-size":"auto","background-attachment":"scroll","background-type":"","background-media":"","overlay-type":"","overlay-color":"","overlay-gradient":""},"mobile":{"background-color":"","background-image":"","background-repeat":"repeat","background-position":"center center","background-size":"auto","background-attachment":"scroll","background-type":"","background-media":"","overlay-type":"","overlay-color":"","overlay-gradient":""}},"ast-content-background-meta":{"desktop":{"background-color":"var(--ast-global-color-5)","background-image":"","background-repeat":"repeat","background-position":"center center","background-size":"auto","background-attachment":"scroll","background-type":"","background-media":"","overlay-type":"","overlay-color":"","overlay-gradient":""},"tablet":{"background-color":"var(--ast-global-color-5)","background-image":"","background-repeat":"repeat","background-position":"center center","background-size":"auto","background-attachment":"scroll","background-type":"","background-media":"","overlay-type":"","overlay-color":"","overlay-gradient":""},"mobile":{"background-color":"var(--ast-global-color-5)","background-image":"","background-repeat":"repeat","background-position":"center center","background-size":"auto","background-attachment":"scroll","background-type":"","background-media":"","overlay-type":"","overlay-color":"","overlay-gradient":""}},"footnotes":""},"categories":[6],"tags":[],"_links":{"self":[{"href":"https:\/\/sp17.pl\/index.php?rest_route=\/wp\/v2\/posts\/8020"}],"collection":[{"href":"https:\/\/sp17.pl\/index.php?rest_route=\/wp\/v2\/posts"}],"about":[{"href":"https:\/\/sp17.pl\/index.php?rest_route=\/wp\/v2\/types\/post"}],"author":[{"embeddable":true,"href":"https:\/\/sp17.pl\/index.php?rest_route=\/wp\/v2\/users\/1"}],"replies":[{"embeddable":true,"href":"https:\/\/sp17.pl\/index.php?rest_route=%2Fwp%2Fv2%2Fcomments&post=8020"}],"version-history":[{"count":3,"href":"https:\/\/sp17.pl\/index.php?rest_route=\/wp\/v2\/posts\/8020\/revisions"}],"predecessor-version":[{"id":8057,"href":"https:\/\/sp17.pl\/index.php?rest_route=\/wp\/v2\/posts\/8020\/revisions\/8057"}],"wp:featuredmedia":[{"embeddable":true,"href":"https:\/\/sp17.pl\/index.php?rest_route=\/wp\/v2\/media\/8031"}],"wp:attachment":[{"href":"https:\/\/sp17.pl\/index.php?rest_route=%2Fwp%2Fv2%2Fmedia&parent=8020"}],"wp:term":[{"taxonomy":"category","embeddable":true,"href":"https:\/\/sp17.pl\/index.php?rest_route=%2Fwp%2Fv2%2Fcategories&post=8020"},{"taxonomy":"post_tag","embeddable":true,"href":"https:\/\/sp17.pl\/index.php?rest_route=%2Fwp%2Fv2%2Ftags&post=8020"}],"curies":[{"name":"wp","href":"https:\/\/api.w.org\/{rel}","templated":true}]}}