{"id":9029,"date":"2023-10-28T14:59:44","date_gmt":"2023-10-28T12:59:44","guid":{"rendered":"https:\/\/sp17.pl\/?p=9029"},"modified":"2024-01-01T17:56:01","modified_gmt":"2024-01-01T16:56:01","slug":"dzien-jezykow-obcych-3","status":"publish","type":"post","link":"https:\/\/sp17.pl\/?p=9029","title":{"rendered":"DZIE\u0143 J\u0118ZYK\u00d3W OBCYCH"},"content":{"rendered":"\n<h5 style=\"text-align: justify;\"><span style=\"font-weight: 400;\">J\u0119zyki obce nie s\u0105 nam obce!<\/span><\/h5>\n<h5 style=\"text-align: justify;\"><span style=\"font-weight: 400;\">11 pa\u017adziernika 2023 uczniowie klas I &#8211; VIII wzi\u0119li udzia\u0142&nbsp; &nbsp; &nbsp; &nbsp;w obchodach Dnia J\u0119zyk\u00f3w Obcych. <\/span><span style=\"font-weight: 400;\">Wcze\u015bniej, ka\u017cda z klas wylosowa\u0142a kraj, kt\u00f3ry nast\u0119pnie nale\u017ca\u0142o zaprezentowa\u0107&nbsp; &nbsp;w kreatywnym projekcie \/ plakacie realizowanym na lekcjach j\u0119zyka obcego. Kolejnym etapem by\u0142 quiz dotycz\u0105cy wiedzy, w kt\u00f3rym wzi\u0119li udzia\u0142 wszyscy nasi uczniowie.<\/span><\/h5>\n<h5 style=\"text-align: justify;\"><span style=\"font-weight: 400;\">I tak poznali\u015bmy bli\u017cej kraje takie jak:&nbsp;<\/span><span style=\"font-weight: 400;\">Indie, <\/span><span style=\"font-weight: 400;\">Polska, <\/span><span style=\"font-weight: 400;\">Hiszpania, <\/span><span style=\"font-weight: 400;\">Szkocja, <\/span><span style=\"font-weight: 400;\">Japonia, <\/span><span style=\"font-weight: 400;\">Grecja, <\/span><span style=\"font-weight: 400;\">USA, <\/span><span style=\"font-weight: 400;\">Niemcy, <\/span><span style=\"font-weight: 400;\">Francja, <\/span><span style=\"font-weight: 400;\">Anglia, <\/span><span style=\"font-weight: 400;\">Meksyk, <\/span><span style=\"font-weight: 400;\">Ukraina<\/span><\/h5>\n<h5 style=\"text-align: justify;\"><span style=\"font-weight: 400;\">Dodatkowo na d\u0142ugich przerwach rozbrzmiewa\u0142a muzyka charakterystyczna dla powy\u017cszych kraj\u00f3w, nie ta tradycyjna, ale wsp\u00f3\u0142czesna w gatunku pop. W trakcie przerw uczniowie mieli okazj\u0119 zaprezentowa\u0107 Pokaz Mody odzwierciedlaj\u0105cy po cz\u0119\u015bci kultur\u0119 wymienionych pa\u0144stw. Niespodziank\u0105 okaza\u0142a si\u0119 r\u00f3wnie\u017c cz\u0119\u015b\u0107 taneczna, w kt\u00f3rej instruktork\u0105 by\u0142a pani Kamila Forysiak.&nbsp;<\/span><\/h5>\n<h5 style=\"text-align: justify;\"><span style=\"font-weight: 400;\">Prezentowane poni\u017cej projekty mo\u017cna by\u0142o ogl\u0105da\u0107 w holu szko\u0142y, a nast\u0119pnie w salach 13 i 33 oraz na III pi\u0119trze&nbsp; &nbsp; &nbsp; &nbsp; &nbsp; &nbsp; &nbsp; &nbsp; &nbsp;i p\u00f3\u0142pi\u0119trze. Serdecznie zapraszamy do zapoznania si\u0119&nbsp; &nbsp; &nbsp; &nbsp; &nbsp; &nbsp; &nbsp;z pracami naszych uczni\u00f3w. <\/span><\/h5>\n<h5 style=\"text-align: justify;\"><em><span style=\"font-weight: 400;\">Zesp\u00f3\u0142 Nauczycieli J\u0119zyk\u00f3w Obcych<\/span><\/em><\/h5>\n<!-- default-view.php -->\n<div\n\tclass=\"ngg-galleryoverview default-view \"\n\tid=\"ngg-gallery-81c9036891020f29ccefb1fb503b6c27-1\">\n\n\t\t<!-- Thumbnails -->\n\t\t\t\t<div id=\"ngg-image-0\" class=\"ngg-gallery-thumbnail-box ngg-3-columns\" >\n\t\t\t\t        <div class=\"ngg-gallery-thumbnail\">\n            <a href=\"https:\/\/sp17.pl\/wp-content\/gallery\/2023-dzien-jezykow-obcych\/20231011_114220.jpg\"\n               title=\"\"\n               data-src=\"https:\/\/sp17.pl\/wp-content\/gallery\/2023-dzien-jezykow-obcych\/20231011_114220.jpg\"\n               data-thumbnail=\"https:\/\/sp17.pl\/wp-content\/gallery\/2023-dzien-jezykow-obcych\/thumbs\/thumbs_20231011_114220.jpg\"\n               data-image-id=\"3303\"\n               data-title=\"20231011_114220\"\n               data-description=\"\"\n               data-image-slug=\"20231011_114220\"\n               class=\"ngg-simplelightbox\" rel=\"81c9036891020f29ccefb1fb503b6c27\">\n                <img\n                    title=\"20231011_114220\"\n                    alt=\"20231011_114220\"\n                    src=\"https:\/\/sp17.pl\/wp-content\/gallery\/2023-dzien-jezykow-obcych\/thumbs\/thumbs_20231011_114220.jpg\"\n                    width=\"240\"\n                    height=\"160\"\n                    style=\"max-width:100%;\"\n                \/>\n            <\/a>\n        <\/div>\n\t\t\t\t\t\t\t<\/div> \n\t\t\t\n\t\t\t\t<div id=\"ngg-image-1\" class=\"ngg-gallery-thumbnail-box ngg-3-columns\" >\n\t\t\t\t        <div class=\"ngg-gallery-thumbnail\">\n            <a href=\"https:\/\/sp17.pl\/wp-content\/gallery\/2023-dzien-jezykow-obcych\/20231011_114236.jpg\"\n               title=\"\"\n               data-src=\"https:\/\/sp17.pl\/wp-content\/gallery\/2023-dzien-jezykow-obcych\/20231011_114236.jpg\"\n               data-thumbnail=\"https:\/\/sp17.pl\/wp-content\/gallery\/2023-dzien-jezykow-obcych\/thumbs\/thumbs_20231011_114236.jpg\"\n               data-image-id=\"3304\"\n               data-title=\"20231011_114236\"\n               data-description=\"\"\n               data-image-slug=\"20231011_114236\"\n               class=\"ngg-simplelightbox\" rel=\"81c9036891020f29ccefb1fb503b6c27\">\n                <img\n                    title=\"20231011_114236\"\n                    alt=\"20231011_114236\"\n                    src=\"https:\/\/sp17.pl\/wp-content\/gallery\/2023-dzien-jezykow-obcych\/thumbs\/thumbs_20231011_114236.jpg\"\n                    width=\"240\"\n                    height=\"160\"\n                    style=\"max-width:100%;\"\n                \/>\n            <\/a>\n        <\/div>\n\t\t\t\t\t\t\t<\/div> \n\t\t\t\n\t\t\t\t<div id=\"ngg-image-2\" class=\"ngg-gallery-thumbnail-box ngg-3-columns\" >\n\t\t\t\t        <div class=\"ngg-gallery-thumbnail\">\n            <a href=\"https:\/\/sp17.pl\/wp-content\/gallery\/2023-dzien-jezykow-obcych\/20231011_114246.jpg\"\n               title=\"\"\n               data-src=\"https:\/\/sp17.pl\/wp-content\/gallery\/2023-dzien-jezykow-obcych\/20231011_114246.jpg\"\n               data-thumbnail=\"https:\/\/sp17.pl\/wp-content\/gallery\/2023-dzien-jezykow-obcych\/thumbs\/thumbs_20231011_114246.jpg\"\n               data-image-id=\"3305\"\n               data-title=\"20231011_114246\"\n               data-description=\"\"\n               data-image-slug=\"20231011_114246\"\n               class=\"ngg-simplelightbox\" rel=\"81c9036891020f29ccefb1fb503b6c27\">\n                <img\n                    title=\"20231011_114246\"\n                    alt=\"20231011_114246\"\n                    src=\"https:\/\/sp17.pl\/wp-content\/gallery\/2023-dzien-jezykow-obcych\/thumbs\/thumbs_20231011_114246.jpg\"\n                    width=\"240\"\n                    height=\"160\"\n                    style=\"max-width:100%;\"\n                \/>\n            <\/a>\n        <\/div>\n\t\t\t\t\t\t\t<\/div> \n\t\t\t\n\t\t\t\t<div id=\"ngg-image-3\" class=\"ngg-gallery-thumbnail-box ngg-3-columns\" >\n\t\t\t\t        <div class=\"ngg-gallery-thumbnail\">\n            <a href=\"https:\/\/sp17.pl\/wp-content\/gallery\/2023-dzien-jezykow-obcych\/20231011_114545.jpg\"\n               title=\"\"\n               data-src=\"https:\/\/sp17.pl\/wp-content\/gallery\/2023-dzien-jezykow-obcych\/20231011_114545.jpg\"\n               data-thumbnail=\"https:\/\/sp17.pl\/wp-content\/gallery\/2023-dzien-jezykow-obcych\/thumbs\/thumbs_20231011_114545.jpg\"\n               data-image-id=\"3306\"\n               data-title=\"20231011_114545\"\n               data-description=\"\"\n               data-image-slug=\"20231011_114545\"\n               class=\"ngg-simplelightbox\" rel=\"81c9036891020f29ccefb1fb503b6c27\">\n                <img\n                    title=\"20231011_114545\"\n                    alt=\"20231011_114545\"\n                    src=\"https:\/\/sp17.pl\/wp-content\/gallery\/2023-dzien-jezykow-obcych\/thumbs\/thumbs_20231011_114545.jpg\"\n                    width=\"240\"\n                    height=\"160\"\n                    style=\"max-width:100%;\"\n                \/>\n            <\/a>\n        <\/div>\n\t\t\t\t\t\t\t<\/div> \n\t\t\t\n\t\t\t\t<div id=\"ngg-image-4\" class=\"ngg-gallery-thumbnail-box ngg-3-columns\" >\n\t\t\t\t        <div class=\"ngg-gallery-thumbnail\">\n            <a href=\"https:\/\/sp17.pl\/wp-content\/gallery\/2023-dzien-jezykow-obcych\/20231011_115238.jpg\"\n               title=\"\"\n               data-src=\"https:\/\/sp17.pl\/wp-content\/gallery\/2023-dzien-jezykow-obcych\/20231011_115238.jpg\"\n               data-thumbnail=\"https:\/\/sp17.pl\/wp-content\/gallery\/2023-dzien-jezykow-obcych\/thumbs\/thumbs_20231011_115238.jpg\"\n               data-image-id=\"3307\"\n               data-title=\"20231011_115238\"\n               data-description=\"\"\n               data-image-slug=\"20231011_115238\"\n               class=\"ngg-simplelightbox\" rel=\"81c9036891020f29ccefb1fb503b6c27\">\n                <img\n                    title=\"20231011_115238\"\n                    alt=\"20231011_115238\"\n                    src=\"https:\/\/sp17.pl\/wp-content\/gallery\/2023-dzien-jezykow-obcych\/thumbs\/thumbs_20231011_115238.jpg\"\n                    width=\"240\"\n                    height=\"160\"\n                    style=\"max-width:100%;\"\n                \/>\n            <\/a>\n        <\/div>\n\t\t\t\t\t\t\t<\/div> \n\t\t\t\n\t\t\t\t<div id=\"ngg-image-5\" class=\"ngg-gallery-thumbnail-box ngg-3-columns\" >\n\t\t\t\t        <div class=\"ngg-gallery-thumbnail\">\n            <a href=\"https:\/\/sp17.pl\/wp-content\/gallery\/2023-dzien-jezykow-obcych\/20231011_115505.jpg\"\n               title=\"\"\n               data-src=\"https:\/\/sp17.pl\/wp-content\/gallery\/2023-dzien-jezykow-obcych\/20231011_115505.jpg\"\n               data-thumbnail=\"https:\/\/sp17.pl\/wp-content\/gallery\/2023-dzien-jezykow-obcych\/thumbs\/thumbs_20231011_115505.jpg\"\n               data-image-id=\"3308\"\n               data-title=\"20231011_115505\"\n               data-description=\"\"\n               data-image-slug=\"20231011_115505\"\n               class=\"ngg-simplelightbox\" rel=\"81c9036891020f29ccefb1fb503b6c27\">\n                <img\n                    title=\"20231011_115505\"\n                    alt=\"20231011_115505\"\n                    src=\"https:\/\/sp17.pl\/wp-content\/gallery\/2023-dzien-jezykow-obcych\/thumbs\/thumbs_20231011_115505.jpg\"\n                    width=\"240\"\n                    height=\"160\"\n                    style=\"max-width:100%;\"\n                \/>\n            <\/a>\n        <\/div>\n\t\t\t\t\t\t\t<\/div> \n\t\t\t\n\t\t\t\t<div id=\"ngg-image-6\" class=\"ngg-gallery-thumbnail-box ngg-3-columns\" >\n\t\t\t\t        <div class=\"ngg-gallery-thumbnail\">\n            <a href=\"https:\/\/sp17.pl\/wp-content\/gallery\/2023-dzien-jezykow-obcych\/20231011_115520.jpg\"\n               title=\"\"\n               data-src=\"https:\/\/sp17.pl\/wp-content\/gallery\/2023-dzien-jezykow-obcych\/20231011_115520.jpg\"\n               data-thumbnail=\"https:\/\/sp17.pl\/wp-content\/gallery\/2023-dzien-jezykow-obcych\/thumbs\/thumbs_20231011_115520.jpg\"\n               data-image-id=\"3309\"\n               data-title=\"20231011_115520\"\n               data-description=\"\"\n               data-image-slug=\"20231011_115520\"\n               class=\"ngg-simplelightbox\" rel=\"81c9036891020f29ccefb1fb503b6c27\">\n                <img\n                    title=\"20231011_115520\"\n                    alt=\"20231011_115520\"\n                    src=\"https:\/\/sp17.pl\/wp-content\/gallery\/2023-dzien-jezykow-obcych\/thumbs\/thumbs_20231011_115520.jpg\"\n                    width=\"240\"\n                    height=\"160\"\n                    style=\"max-width:100%;\"\n                \/>\n            <\/a>\n        <\/div>\n\t\t\t\t\t\t\t<\/div> \n\t\t\t\n\t\t\t\t<div id=\"ngg-image-7\" class=\"ngg-gallery-thumbnail-box ngg-3-columns\" >\n\t\t\t\t        <div class=\"ngg-gallery-thumbnail\">\n            <a href=\"https:\/\/sp17.pl\/wp-content\/gallery\/2023-dzien-jezykow-obcych\/DSC_3624.JPG\"\n               title=\"\"\n               data-src=\"https:\/\/sp17.pl\/wp-content\/gallery\/2023-dzien-jezykow-obcych\/DSC_3624.JPG\"\n               data-thumbnail=\"https:\/\/sp17.pl\/wp-content\/gallery\/2023-dzien-jezykow-obcych\/thumbs\/thumbs_DSC_3624.JPG\"\n               data-image-id=\"3310\"\n               data-title=\"DSC_3624\"\n               data-description=\"\"\n               data-image-slug=\"dsc_3624\"\n               class=\"ngg-simplelightbox\" rel=\"81c9036891020f29ccefb1fb503b6c27\">\n                <img\n                    title=\"DSC_3624\"\n                    alt=\"DSC_3624\"\n                    src=\"https:\/\/sp17.pl\/wp-content\/gallery\/2023-dzien-jezykow-obcych\/thumbs\/thumbs_DSC_3624.JPG\"\n                    width=\"240\"\n                    height=\"160\"\n                    style=\"max-width:100%;\"\n                \/>\n            <\/a>\n        <\/div>\n\t\t\t\t\t\t\t<\/div> \n\t\t\t\n\t\t\t\t<div id=\"ngg-image-8\" class=\"ngg-gallery-thumbnail-box ngg-3-columns\" >\n\t\t\t\t        <div class=\"ngg-gallery-thumbnail\">\n            <a href=\"https:\/\/sp17.pl\/wp-content\/gallery\/2023-dzien-jezykow-obcych\/DSC_3625.JPG\"\n               title=\"\"\n               data-src=\"https:\/\/sp17.pl\/wp-content\/gallery\/2023-dzien-jezykow-obcych\/DSC_3625.JPG\"\n               data-thumbnail=\"https:\/\/sp17.pl\/wp-content\/gallery\/2023-dzien-jezykow-obcych\/thumbs\/thumbs_DSC_3625.JPG\"\n               data-image-id=\"3311\"\n               data-title=\"DSC_3625\"\n               data-description=\"\"\n               data-image-slug=\"dsc_3625\"\n               class=\"ngg-simplelightbox\" rel=\"81c9036891020f29ccefb1fb503b6c27\">\n                <img\n                    title=\"DSC_3625\"\n                    alt=\"DSC_3625\"\n                    src=\"https:\/\/sp17.pl\/wp-content\/gallery\/2023-dzien-jezykow-obcych\/thumbs\/thumbs_DSC_3625.JPG\"\n                    width=\"240\"\n                    height=\"160\"\n                    style=\"max-width:100%;\"\n                \/>\n            <\/a>\n        <\/div>\n\t\t\t\t\t\t\t<\/div> \n\t\t\t\n\t\t\t\t<div id=\"ngg-image-9\" class=\"ngg-gallery-thumbnail-box ngg-3-columns\" >\n\t\t\t\t        <div class=\"ngg-gallery-thumbnail\">\n            <a href=\"https:\/\/sp17.pl\/wp-content\/gallery\/2023-dzien-jezykow-obcych\/DSC_3626.JPG\"\n               title=\"\"\n               data-src=\"https:\/\/sp17.pl\/wp-content\/gallery\/2023-dzien-jezykow-obcych\/DSC_3626.JPG\"\n               data-thumbnail=\"https:\/\/sp17.pl\/wp-content\/gallery\/2023-dzien-jezykow-obcych\/thumbs\/thumbs_DSC_3626.JPG\"\n               data-image-id=\"3312\"\n               data-title=\"DSC_3626\"\n               data-description=\"\"\n               data-image-slug=\"dsc_3626\"\n               class=\"ngg-simplelightbox\" rel=\"81c9036891020f29ccefb1fb503b6c27\">\n                <img\n                    title=\"DSC_3626\"\n                    alt=\"DSC_3626\"\n                    src=\"https:\/\/sp17.pl\/wp-content\/gallery\/2023-dzien-jezykow-obcych\/thumbs\/thumbs_DSC_3626.JPG\"\n                    width=\"240\"\n                    height=\"160\"\n                    style=\"max-width:100%;\"\n                \/>\n            <\/a>\n        <\/div>\n\t\t\t\t\t\t\t<\/div> \n\t\t\t\n\t\t\t\t<div id=\"ngg-image-10\" class=\"ngg-gallery-thumbnail-box ngg-3-columns\" >\n\t\t\t\t        <div class=\"ngg-gallery-thumbnail\">\n            <a href=\"https:\/\/sp17.pl\/wp-content\/gallery\/2023-dzien-jezykow-obcych\/DSC_3627.JPG\"\n               title=\"\"\n               data-src=\"https:\/\/sp17.pl\/wp-content\/gallery\/2023-dzien-jezykow-obcych\/DSC_3627.JPG\"\n               data-thumbnail=\"https:\/\/sp17.pl\/wp-content\/gallery\/2023-dzien-jezykow-obcych\/thumbs\/thumbs_DSC_3627.JPG\"\n               data-image-id=\"3313\"\n               data-title=\"DSC_3627\"\n               data-description=\"\"\n               data-image-slug=\"dsc_3627\"\n               class=\"ngg-simplelightbox\" rel=\"81c9036891020f29ccefb1fb503b6c27\">\n                <img\n                    title=\"DSC_3627\"\n                    alt=\"DSC_3627\"\n                    src=\"https:\/\/sp17.pl\/wp-content\/gallery\/2023-dzien-jezykow-obcych\/thumbs\/thumbs_DSC_3627.JPG\"\n                    width=\"240\"\n                    height=\"160\"\n                    style=\"max-width:100%;\"\n                \/>\n            <\/a>\n        <\/div>\n\t\t\t\t\t\t\t<\/div> \n\t\t\t\n\t\t\t\t<div id=\"ngg-image-11\" class=\"ngg-gallery-thumbnail-box ngg-3-columns\" >\n\t\t\t\t        <div class=\"ngg-gallery-thumbnail\">\n            <a href=\"https:\/\/sp17.pl\/wp-content\/gallery\/2023-dzien-jezykow-obcych\/DSC_3628.JPG\"\n               title=\"\"\n               data-src=\"https:\/\/sp17.pl\/wp-content\/gallery\/2023-dzien-jezykow-obcych\/DSC_3628.JPG\"\n               data-thumbnail=\"https:\/\/sp17.pl\/wp-content\/gallery\/2023-dzien-jezykow-obcych\/thumbs\/thumbs_DSC_3628.JPG\"\n               data-image-id=\"3314\"\n               data-title=\"DSC_3628\"\n               data-description=\"\"\n               data-image-slug=\"dsc_3628\"\n               class=\"ngg-simplelightbox\" rel=\"81c9036891020f29ccefb1fb503b6c27\">\n                <img\n                    title=\"DSC_3628\"\n                    alt=\"DSC_3628\"\n                    src=\"https:\/\/sp17.pl\/wp-content\/gallery\/2023-dzien-jezykow-obcych\/thumbs\/thumbs_DSC_3628.JPG\"\n                    width=\"240\"\n                    height=\"160\"\n                    style=\"max-width:100%;\"\n                \/>\n            <\/a>\n        <\/div>\n\t\t\t\t\t\t\t<\/div> \n\t\t\t\n\t\t\t\t<div id=\"ngg-image-12\" class=\"ngg-gallery-thumbnail-box ngg-3-columns\" >\n\t\t\t\t        <div class=\"ngg-gallery-thumbnail\">\n            <a href=\"https:\/\/sp17.pl\/wp-content\/gallery\/2023-dzien-jezykow-obcych\/DSC_3629.JPG\"\n               title=\"\"\n               data-src=\"https:\/\/sp17.pl\/wp-content\/gallery\/2023-dzien-jezykow-obcych\/DSC_3629.JPG\"\n               data-thumbnail=\"https:\/\/sp17.pl\/wp-content\/gallery\/2023-dzien-jezykow-obcych\/thumbs\/thumbs_DSC_3629.JPG\"\n               data-image-id=\"3315\"\n               data-title=\"DSC_3629\"\n               data-description=\"\"\n               data-image-slug=\"dsc_3629\"\n               class=\"ngg-simplelightbox\" rel=\"81c9036891020f29ccefb1fb503b6c27\">\n                <img\n                    title=\"DSC_3629\"\n                    alt=\"DSC_3629\"\n                    src=\"https:\/\/sp17.pl\/wp-content\/gallery\/2023-dzien-jezykow-obcych\/thumbs\/thumbs_DSC_3629.JPG\"\n                    width=\"240\"\n                    height=\"160\"\n                    style=\"max-width:100%;\"\n                \/>\n            <\/a>\n        <\/div>\n\t\t\t\t\t\t\t<\/div> \n\t\t\t\n\t\n\t<br style=\"clear: both\" \/>\n\n\t\n\t\t<!-- Pagination -->\n\t<div class='ngg-clear'><\/div>\t<\/div>\n\n","protected":false},"excerpt":{"rendered":"<p>J\u0119zyki obce nie s\u0105 nam obce! 11 pa\u017adziernika 2023 uczniowie klas I &#8211; VIII wzi\u0119li udzia\u0142&nbsp; &nbsp; &nbsp; &nbsp;w obchodach Dnia J\u0119zyk\u00f3w Obcych. Wcze\u015bniej, ka\u017cda z klas wylosowa\u0142a kraj, kt\u00f3ry nast\u0119pnie nale\u017ca\u0142o zaprezentowa\u0107&nbsp; &nbsp;w kreatywnym projekcie \/ plakacie realizowanym na lekcjach j\u0119zyka obcego. Kolejnym etapem by\u0142 quiz dotycz\u0105cy wiedzy, w kt\u00f3rym wzi\u0119li udzia\u0142 wszyscy nasi &hellip;<\/p>\n<p class=\"read-more\"> <a class=\"\" href=\"https:\/\/sp17.pl\/?p=9029\"> <span class=\"screen-reader-text\">DZIE\u0143 J\u0118ZYK\u00d3W OBCYCH<\/span> Czytaj wi\u0119cej<\/a><\/p>\n","protected":false},"author":1,"featured_media":9046,"comment_status":"closed","ping_status":"open","sticky":false,"template":"","format":"standard","meta":{"ngg_post_thumbnail":0,"site-sidebar-layout":"default","site-content-layout":"","ast-site-content-layout":"","site-content-style":"default","site-sidebar-style":"default","ast-global-header-display":"","ast-banner-title-visibility":"","ast-main-header-display":"","ast-hfb-above-header-display":"","ast-hfb-below-header-display":"","ast-hfb-mobile-header-display":"","site-post-title":"","ast-breadcrumbs-content":"","ast-featured-img":"","footer-sml-layout":"","theme-transparent-header-meta":"","adv-header-id-meta":"","stick-header-meta":"","header-above-stick-meta":"","header-main-stick-meta":"","header-below-stick-meta":"","astra-migrate-meta-layouts":"default","ast-page-background-enabled":"default","ast-page-background-meta":{"desktop":{"background-color":"var(--ast-global-color-4)","background-image":"","background-repeat":"repeat","background-position":"center center","background-size":"auto","background-attachment":"scroll","background-type":"","background-media":"","overlay-type":"","overlay-color":"","overlay-gradient":""},"tablet":{"background-color":"","background-image":"","background-repeat":"repeat","background-position":"center center","background-size":"auto","background-attachment":"scroll","background-type":"","background-media":"","overlay-type":"","overlay-color":"","overlay-gradient":""},"mobile":{"background-color":"","background-image":"","background-repeat":"repeat","background-position":"center center","background-size":"auto","background-attachment":"scroll","background-type":"","background-media":"","overlay-type":"","overlay-color":"","overlay-gradient":""}},"ast-content-background-meta":{"desktop":{"background-color":"var(--ast-global-color-5)","background-image":"","background-repeat":"repeat","background-position":"center center","background-size":"auto","background-attachment":"scroll","background-type":"","background-media":"","overlay-type":"","overlay-color":"","overlay-gradient":""},"tablet":{"background-color":"var(--ast-global-color-5)","background-image":"","background-repeat":"repeat","background-position":"center center","background-size":"auto","background-attachment":"scroll","background-type":"","background-media":"","overlay-type":"","overlay-color":"","overlay-gradient":""},"mobile":{"background-color":"var(--ast-global-color-5)","background-image":"","background-repeat":"repeat","background-position":"center center","background-size":"auto","background-attachment":"scroll","background-type":"","background-media":"","overlay-type":"","overlay-color":"","overlay-gradient":""}},"footnotes":""},"categories":[6],"tags":[],"_links":{"self":[{"href":"https:\/\/sp17.pl\/index.php?rest_route=\/wp\/v2\/posts\/9029"}],"collection":[{"href":"https:\/\/sp17.pl\/index.php?rest_route=\/wp\/v2\/posts"}],"about":[{"href":"https:\/\/sp17.pl\/index.php?rest_route=\/wp\/v2\/types\/post"}],"author":[{"embeddable":true,"href":"https:\/\/sp17.pl\/index.php?rest_route=\/wp\/v2\/users\/1"}],"replies":[{"embeddable":true,"href":"https:\/\/sp17.pl\/index.php?rest_route=%2Fwp%2Fv2%2Fcomments&post=9029"}],"version-history":[{"count":2,"href":"https:\/\/sp17.pl\/index.php?rest_route=\/wp\/v2\/posts\/9029\/revisions"}],"predecessor-version":[{"id":9578,"href":"https:\/\/sp17.pl\/index.php?rest_route=\/wp\/v2\/posts\/9029\/revisions\/9578"}],"wp:featuredmedia":[{"embeddable":true,"href":"https:\/\/sp17.pl\/index.php?rest_route=\/wp\/v2\/media\/9046"}],"wp:attachment":[{"href":"https:\/\/sp17.pl\/index.php?rest_route=%2Fwp%2Fv2%2Fmedia&parent=9029"}],"wp:term":[{"taxonomy":"category","embeddable":true,"href":"https:\/\/sp17.pl\/index.php?rest_route=%2Fwp%2Fv2%2Fcategories&post=9029"},{"taxonomy":"post_tag","embeddable":true,"href":"https:\/\/sp17.pl\/index.php?rest_route=%2Fwp%2Fv2%2Ftags&post=9029"}],"curies":[{"name":"wp","href":"https:\/\/api.w.org\/{rel}","templated":true}]}}