{"id":9816,"date":"2024-01-21T16:00:00","date_gmt":"2024-01-21T15:00:00","guid":{"rendered":"https:\/\/sp17.pl\/?p=9816"},"modified":"2024-01-21T19:02:08","modified_gmt":"2024-01-21T18:02:08","slug":"laureaci-konkursu-himaliskiego","status":"publish","type":"post","link":"https:\/\/sp17.pl\/?p=9816","title":{"rendered":"SZTUK\u0104 ZDOBYWAMY HIMALAJE!"},"content":{"rendered":"\n<p><\/p>\n\n\n<h5 style=\"text-align: justify;\">Na zaproszenie Fundacji Himalaizmu Polskiego im. Andrzeja Zawady nasi uczniowie wzi\u0119li udzia\u0142 w plastycznym konkursie himalajskim z okazji 80.rocznicy urodzin polskiej himalaistki Wandy Rutkiewicz oraz 45. rocznicy zdobycia przez ni\u0105 Mount Everest. Wanda Rutkiewicz by\u0142a pierwsz\u0105 kobiet\u0105 w Europie, a trzeci\u0105 na \u015bwiecie, ale przede wszystkim&nbsp; pierwsz\u0105 osob\u0105 z Polski, kt\u00f3ra stan\u0119\u0142a na najwy\u017cszym szczycie \u015bwiata &#8211; Mount Everest (8849 m). Dokona\u0142a tego 16 pa\u017adziernika 1978 r.<\/h5>\n<h5>Z tej okazji powsta\u0142o Wirtualne Muzeum Wandy Rutkiewicz, kt\u00f3re mo\u017cecie w ka\u017cdej chwili odwiedzi\u0107 i zapozna\u0107 si\u0119 z t\u0105 postaci\u0105: <a href=\"https:\/\/fundacjahimalaizmupolskiego.pl\/wanda-rutkiewicz\/start\/\">Strona g\u0142\u00f3wna \u2013 Wanda Rutkiewicz (fundacjahimalaizmupolskiego.pl)<\/a><\/h5>\n<h5>Natomiast fantastyczne prace konkursowe wykonane na zaj\u0119ciach tw\u00f3rczych i plastycznych przez uczni\u00f3w z dw\u00f3ch klas czwartych i jednej pi\u0105tej pojawi\u0142y si\u0119 w&nbsp; wirtualnej muzealnej galerii i upamietniaj\u0105 wybitn\u0105 himalaistk\u0119: <a href=\"https:\/\/fundacjahimalaizmupolskiego.pl\/wanda-rutkiewicz\/wanda-w-sztuce\/\">Wanda w sztuce \u2013 Wanda Rutkiewicz (fundacjahimalaizmupolskiego.pl)<\/a><\/h5>\n<h5 style=\"text-align: justify;\">Uczestnicy konkursu: Agata W\u0119gier, Hania Maksylewicz, Kira Chai, Wojtek Wierzbicki, Victoria Voronina, Zuza Szmajda, Julia O\u015bka z klasy 4C, Martyna Trzcieli\u0144ska z klasy 4A oraz Filip Drzystek z klasy 6B.<\/h5>\n<h5>Gratulujemy!<\/h5>\n<!-- default-view.php -->\n<div\n\tclass=\"ngg-galleryoverview default-view \"\n\tid=\"ngg-gallery-cf7c422dacc28ed08325a68462d4597e-1\">\n\n\t\t<!-- Thumbnails -->\n\t\t\t\t<div id=\"ngg-image-0\" class=\"ngg-gallery-thumbnail-box ngg-3-columns\" >\n\t\t\t\t        <div class=\"ngg-gallery-thumbnail\">\n            <a href=\"https:\/\/sp17.pl\/wp-content\/gallery\/2023-konkurs-himalaiski\/1-Agata-Wegier-SP-17-w-Zielonej-Gorze.JPG\"\n               title=\"\"\n               data-src=\"https:\/\/sp17.pl\/wp-content\/gallery\/2023-konkurs-himalaiski\/1-Agata-Wegier-SP-17-w-Zielonej-Gorze.JPG\"\n               data-thumbnail=\"https:\/\/sp17.pl\/wp-content\/gallery\/2023-konkurs-himalaiski\/thumbs\/thumbs_1-Agata-Wegier-SP-17-w-Zielonej-Gorze.JPG\"\n               data-image-id=\"3522\"\n               data-title=\"1-Agata-Wegier-SP-17-w-Zielonej-Gorze\"\n               data-description=\"\"\n               data-image-slug=\"1-agata-wegier-sp-17-w-zielonej-gorze\"\n               class=\"ngg-simplelightbox\" rel=\"cf7c422dacc28ed08325a68462d4597e\">\n                <img\n                    title=\"1-Agata-Wegier-SP-17-w-Zielonej-Gorze\"\n                    alt=\"1-Agata-Wegier-SP-17-w-Zielonej-Gorze\"\n                    src=\"https:\/\/sp17.pl\/wp-content\/gallery\/2023-konkurs-himalaiski\/thumbs\/thumbs_1-Agata-Wegier-SP-17-w-Zielonej-Gorze.JPG\"\n                    width=\"240\"\n                    height=\"160\"\n                    style=\"max-width:100%;\"\n                \/>\n            <\/a>\n        <\/div>\n\t\t\t\t\t\t\t<\/div> \n\t\t\t\n\t\t\t\t<div id=\"ngg-image-1\" class=\"ngg-gallery-thumbnail-box ngg-3-columns\" >\n\t\t\t\t        <div class=\"ngg-gallery-thumbnail\">\n            <a href=\"https:\/\/sp17.pl\/wp-content\/gallery\/2023-konkurs-himalaiski\/2-Hanna-Maksylewicz-ZE-nr-2-w-Zielonej-Gorze.JPG\"\n               title=\"\"\n               data-src=\"https:\/\/sp17.pl\/wp-content\/gallery\/2023-konkurs-himalaiski\/2-Hanna-Maksylewicz-ZE-nr-2-w-Zielonej-Gorze.JPG\"\n               data-thumbnail=\"https:\/\/sp17.pl\/wp-content\/gallery\/2023-konkurs-himalaiski\/thumbs\/thumbs_2-Hanna-Maksylewicz-ZE-nr-2-w-Zielonej-Gorze.JPG\"\n               data-image-id=\"3523\"\n               data-title=\"2-Hanna-Maksylewicz-ZE-nr-2-w-Zielonej-Gorze\"\n               data-description=\"\"\n               data-image-slug=\"2-hanna-maksylewicz-ze-nr-2-w-zielonej-gorze\"\n               class=\"ngg-simplelightbox\" rel=\"cf7c422dacc28ed08325a68462d4597e\">\n                <img\n                    title=\"2-Hanna-Maksylewicz-ZE-nr-2-w-Zielonej-Gorze\"\n                    alt=\"2-Hanna-Maksylewicz-ZE-nr-2-w-Zielonej-Gorze\"\n                    src=\"https:\/\/sp17.pl\/wp-content\/gallery\/2023-konkurs-himalaiski\/thumbs\/thumbs_2-Hanna-Maksylewicz-ZE-nr-2-w-Zielonej-Gorze.JPG\"\n                    width=\"240\"\n                    height=\"160\"\n                    style=\"max-width:100%;\"\n                \/>\n            <\/a>\n        <\/div>\n\t\t\t\t\t\t\t<\/div> \n\t\t\t\n\t\t\t\t<div id=\"ngg-image-2\" class=\"ngg-gallery-thumbnail-box ngg-3-columns\" >\n\t\t\t\t        <div class=\"ngg-gallery-thumbnail\">\n            <a href=\"https:\/\/sp17.pl\/wp-content\/gallery\/2023-konkurs-himalaiski\/4-Martyna-Trzcielinska-ZE-nr-2-w-Zielonej-Gorze.JPG\"\n               title=\"\"\n               data-src=\"https:\/\/sp17.pl\/wp-content\/gallery\/2023-konkurs-himalaiski\/4-Martyna-Trzcielinska-ZE-nr-2-w-Zielonej-Gorze.JPG\"\n               data-thumbnail=\"https:\/\/sp17.pl\/wp-content\/gallery\/2023-konkurs-himalaiski\/thumbs\/thumbs_4-Martyna-Trzcielinska-ZE-nr-2-w-Zielonej-Gorze.JPG\"\n               data-image-id=\"3524\"\n               data-title=\"4-Martyna-Trzcielinska-ZE-nr-2-w-Zielonej-Gorze\"\n               data-description=\"\"\n               data-image-slug=\"4-martyna-trzcielinska-ze-nr-2-w-zielonej-gorze\"\n               class=\"ngg-simplelightbox\" rel=\"cf7c422dacc28ed08325a68462d4597e\">\n                <img\n                    title=\"4-Martyna-Trzcielinska-ZE-nr-2-w-Zielonej-Gorze\"\n                    alt=\"4-Martyna-Trzcielinska-ZE-nr-2-w-Zielonej-Gorze\"\n                    src=\"https:\/\/sp17.pl\/wp-content\/gallery\/2023-konkurs-himalaiski\/thumbs\/thumbs_4-Martyna-Trzcielinska-ZE-nr-2-w-Zielonej-Gorze.JPG\"\n                    width=\"240\"\n                    height=\"160\"\n                    style=\"max-width:100%;\"\n                \/>\n            <\/a>\n        <\/div>\n\t\t\t\t\t\t\t<\/div> \n\t\t\t\n\t\t\t\t<div id=\"ngg-image-3\" class=\"ngg-gallery-thumbnail-box ngg-3-columns\" >\n\t\t\t\t        <div class=\"ngg-gallery-thumbnail\">\n            <a href=\"https:\/\/sp17.pl\/wp-content\/gallery\/2023-konkurs-himalaiski\/5-Kira-Chai-SP-nr-17-w-Zielonej-Gorze.JPG\"\n               title=\"\"\n               data-src=\"https:\/\/sp17.pl\/wp-content\/gallery\/2023-konkurs-himalaiski\/5-Kira-Chai-SP-nr-17-w-Zielonej-Gorze.JPG\"\n               data-thumbnail=\"https:\/\/sp17.pl\/wp-content\/gallery\/2023-konkurs-himalaiski\/thumbs\/thumbs_5-Kira-Chai-SP-nr-17-w-Zielonej-Gorze.JPG\"\n               data-image-id=\"3525\"\n               data-title=\"5-Kira-Chai-SP-nr-17-w-Zielonej-Gorze\"\n               data-description=\"\"\n               data-image-slug=\"5-kira-chai-sp-nr-17-w-zielonej-gorze\"\n               class=\"ngg-simplelightbox\" rel=\"cf7c422dacc28ed08325a68462d4597e\">\n                <img\n                    title=\"5-Kira-Chai-SP-nr-17-w-Zielonej-Gorze\"\n                    alt=\"5-Kira-Chai-SP-nr-17-w-Zielonej-Gorze\"\n                    src=\"https:\/\/sp17.pl\/wp-content\/gallery\/2023-konkurs-himalaiski\/thumbs\/thumbs_5-Kira-Chai-SP-nr-17-w-Zielonej-Gorze.JPG\"\n                    width=\"240\"\n                    height=\"160\"\n                    style=\"max-width:100%;\"\n                \/>\n            <\/a>\n        <\/div>\n\t\t\t\t\t\t\t<\/div> \n\t\t\t\n\t\t\t\t<div id=\"ngg-image-4\" class=\"ngg-gallery-thumbnail-box ngg-3-columns\" >\n\t\t\t\t        <div class=\"ngg-gallery-thumbnail\">\n            <a href=\"https:\/\/sp17.pl\/wp-content\/gallery\/2023-konkurs-himalaiski\/7-Wojtek-Wierzbicki-SP-nr-17-w-Zielonej-Gorze.JPG\"\n               title=\"\"\n               data-src=\"https:\/\/sp17.pl\/wp-content\/gallery\/2023-konkurs-himalaiski\/7-Wojtek-Wierzbicki-SP-nr-17-w-Zielonej-Gorze.JPG\"\n               data-thumbnail=\"https:\/\/sp17.pl\/wp-content\/gallery\/2023-konkurs-himalaiski\/thumbs\/thumbs_7-Wojtek-Wierzbicki-SP-nr-17-w-Zielonej-Gorze.JPG\"\n               data-image-id=\"3526\"\n               data-title=\"7-Wojtek-Wierzbicki-SP-nr-17-w-Zielonej-Gorze\"\n               data-description=\"\"\n               data-image-slug=\"7-wojtek-wierzbicki-sp-nr-17-w-zielonej-gorze\"\n               class=\"ngg-simplelightbox\" rel=\"cf7c422dacc28ed08325a68462d4597e\">\n                <img\n                    title=\"7-Wojtek-Wierzbicki-SP-nr-17-w-Zielonej-Gorze\"\n                    alt=\"7-Wojtek-Wierzbicki-SP-nr-17-w-Zielonej-Gorze\"\n                    src=\"https:\/\/sp17.pl\/wp-content\/gallery\/2023-konkurs-himalaiski\/thumbs\/thumbs_7-Wojtek-Wierzbicki-SP-nr-17-w-Zielonej-Gorze.JPG\"\n                    width=\"240\"\n                    height=\"160\"\n                    style=\"max-width:100%;\"\n                \/>\n            <\/a>\n        <\/div>\n\t\t\t\t\t\t\t<\/div> \n\t\t\t\n\t\t\t\t<div id=\"ngg-image-5\" class=\"ngg-gallery-thumbnail-box ngg-3-columns\" >\n\t\t\t\t        <div class=\"ngg-gallery-thumbnail\">\n            <a href=\"https:\/\/sp17.pl\/wp-content\/gallery\/2023-konkurs-himalaiski\/8-Victoria-Voronina-SP-nr-17-w-Zielonej-Gorze-.JPG\"\n               title=\"\"\n               data-src=\"https:\/\/sp17.pl\/wp-content\/gallery\/2023-konkurs-himalaiski\/8-Victoria-Voronina-SP-nr-17-w-Zielonej-Gorze-.JPG\"\n               data-thumbnail=\"https:\/\/sp17.pl\/wp-content\/gallery\/2023-konkurs-himalaiski\/thumbs\/thumbs_8-Victoria-Voronina-SP-nr-17-w-Zielonej-Gorze-.JPG\"\n               data-image-id=\"3527\"\n               data-title=\"8-Victoria-Voronina-SP-nr-17-w-Zielonej-Gorze-\"\n               data-description=\"\"\n               data-image-slug=\"8-victoria-voronina-sp-nr-17-w-zielonej-gorze\"\n               class=\"ngg-simplelightbox\" rel=\"cf7c422dacc28ed08325a68462d4597e\">\n                <img\n                    title=\"8-Victoria-Voronina-SP-nr-17-w-Zielonej-Gorze-\"\n                    alt=\"8-Victoria-Voronina-SP-nr-17-w-Zielonej-Gorze-\"\n                    src=\"https:\/\/sp17.pl\/wp-content\/gallery\/2023-konkurs-himalaiski\/thumbs\/thumbs_8-Victoria-Voronina-SP-nr-17-w-Zielonej-Gorze-.JPG\"\n                    width=\"240\"\n                    height=\"160\"\n                    style=\"max-width:100%;\"\n                \/>\n            <\/a>\n        <\/div>\n\t\t\t\t\t\t\t<\/div> \n\t\t\t\n\t\t\t\t<div id=\"ngg-image-6\" class=\"ngg-gallery-thumbnail-box ngg-3-columns\" >\n\t\t\t\t        <div class=\"ngg-gallery-thumbnail\">\n            <a href=\"https:\/\/sp17.pl\/wp-content\/gallery\/2023-konkurs-himalaiski\/10-Zuzanna-Szmajda-SP-nr-17-w-Zielonej-Gorze.JPG\"\n               title=\"\"\n               data-src=\"https:\/\/sp17.pl\/wp-content\/gallery\/2023-konkurs-himalaiski\/10-Zuzanna-Szmajda-SP-nr-17-w-Zielonej-Gorze.JPG\"\n               data-thumbnail=\"https:\/\/sp17.pl\/wp-content\/gallery\/2023-konkurs-himalaiski\/thumbs\/thumbs_10-Zuzanna-Szmajda-SP-nr-17-w-Zielonej-Gorze.JPG\"\n               data-image-id=\"3528\"\n               data-title=\"10-Zuzanna-Szmajda-SP-nr-17-w-Zielonej-Gorze\"\n               data-description=\"\"\n               data-image-slug=\"10-zuzanna-szmajda-sp-nr-17-w-zielonej-gorze\"\n               class=\"ngg-simplelightbox\" rel=\"cf7c422dacc28ed08325a68462d4597e\">\n                <img\n                    title=\"10-Zuzanna-Szmajda-SP-nr-17-w-Zielonej-Gorze\"\n                    alt=\"10-Zuzanna-Szmajda-SP-nr-17-w-Zielonej-Gorze\"\n                    src=\"https:\/\/sp17.pl\/wp-content\/gallery\/2023-konkurs-himalaiski\/thumbs\/thumbs_10-Zuzanna-Szmajda-SP-nr-17-w-Zielonej-Gorze.JPG\"\n                    width=\"240\"\n                    height=\"160\"\n                    style=\"max-width:100%;\"\n                \/>\n            <\/a>\n        <\/div>\n\t\t\t\t\t\t\t<\/div> \n\t\t\t\n\t\t\t\t<div id=\"ngg-image-7\" class=\"ngg-gallery-thumbnail-box ngg-3-columns\" >\n\t\t\t\t        <div class=\"ngg-gallery-thumbnail\">\n            <a href=\"https:\/\/sp17.pl\/wp-content\/gallery\/2023-konkurs-himalaiski\/11-Julia-Oska-ZE-nr-2-w-Zielonej-Gorze.JPG\"\n               title=\"\"\n               data-src=\"https:\/\/sp17.pl\/wp-content\/gallery\/2023-konkurs-himalaiski\/11-Julia-Oska-ZE-nr-2-w-Zielonej-Gorze.JPG\"\n               data-thumbnail=\"https:\/\/sp17.pl\/wp-content\/gallery\/2023-konkurs-himalaiski\/thumbs\/thumbs_11-Julia-Oska-ZE-nr-2-w-Zielonej-Gorze.JPG\"\n               data-image-id=\"3529\"\n               data-title=\"11-Julia-Oska-ZE-nr-2-w-Zielonej-Gorze\"\n               data-description=\"\"\n               data-image-slug=\"11-julia-oska-ze-nr-2-w-zielonej-gorze\"\n               class=\"ngg-simplelightbox\" rel=\"cf7c422dacc28ed08325a68462d4597e\">\n                <img\n                    title=\"11-Julia-Oska-ZE-nr-2-w-Zielonej-Gorze\"\n                    alt=\"11-Julia-Oska-ZE-nr-2-w-Zielonej-Gorze\"\n                    src=\"https:\/\/sp17.pl\/wp-content\/gallery\/2023-konkurs-himalaiski\/thumbs\/thumbs_11-Julia-Oska-ZE-nr-2-w-Zielonej-Gorze.JPG\"\n                    width=\"240\"\n                    height=\"160\"\n                    style=\"max-width:100%;\"\n                \/>\n            <\/a>\n        <\/div>\n\t\t\t\t\t\t\t<\/div> \n\t\t\t\n\t\t\t\t<div id=\"ngg-image-8\" class=\"ngg-gallery-thumbnail-box ngg-3-columns\" >\n\t\t\t\t        <div class=\"ngg-gallery-thumbnail\">\n            <a href=\"https:\/\/sp17.pl\/wp-content\/gallery\/2023-konkurs-himalaiski\/418937445_6859662130749651_1532711136740893843_n.jpg\"\n               title=\"\"\n               data-src=\"https:\/\/sp17.pl\/wp-content\/gallery\/2023-konkurs-himalaiski\/418937445_6859662130749651_1532711136740893843_n.jpg\"\n               data-thumbnail=\"https:\/\/sp17.pl\/wp-content\/gallery\/2023-konkurs-himalaiski\/thumbs\/thumbs_418937445_6859662130749651_1532711136740893843_n.jpg\"\n               data-image-id=\"3530\"\n               data-title=\"418937445_6859662130749651_1532711136740893843_n\"\n               data-description=\"\"\n               data-image-slug=\"418937445_6859662130749651_1532711136740893843_n\"\n               class=\"ngg-simplelightbox\" rel=\"cf7c422dacc28ed08325a68462d4597e\">\n                <img\n                    title=\"418937445_6859662130749651_1532711136740893843_n\"\n                    alt=\"418937445_6859662130749651_1532711136740893843_n\"\n                    src=\"https:\/\/sp17.pl\/wp-content\/gallery\/2023-konkurs-himalaiski\/thumbs\/thumbs_418937445_6859662130749651_1532711136740893843_n.jpg\"\n                    width=\"240\"\n                    height=\"160\"\n                    style=\"max-width:100%;\"\n                \/>\n            <\/a>\n        <\/div>\n\t\t\t\t\t\t\t<\/div> \n\t\t\t\n\t\t\t\t<div id=\"ngg-image-9\" class=\"ngg-gallery-thumbnail-box ngg-3-columns\" >\n\t\t\t\t        <div class=\"ngg-gallery-thumbnail\">\n            <a href=\"https:\/\/sp17.pl\/wp-content\/gallery\/2023-konkurs-himalaiski\/DSC_3984.JPG\"\n               title=\"\"\n               data-src=\"https:\/\/sp17.pl\/wp-content\/gallery\/2023-konkurs-himalaiski\/DSC_3984.JPG\"\n               data-thumbnail=\"https:\/\/sp17.pl\/wp-content\/gallery\/2023-konkurs-himalaiski\/thumbs\/thumbs_DSC_3984.JPG\"\n               data-image-id=\"3531\"\n               data-title=\"DSC_3984\"\n               data-description=\"\"\n               data-image-slug=\"dsc_3984\"\n               class=\"ngg-simplelightbox\" rel=\"cf7c422dacc28ed08325a68462d4597e\">\n                <img\n                    title=\"DSC_3984\"\n                    alt=\"DSC_3984\"\n                    src=\"https:\/\/sp17.pl\/wp-content\/gallery\/2023-konkurs-himalaiski\/thumbs\/thumbs_DSC_3984.JPG\"\n                    width=\"240\"\n                    height=\"160\"\n                    style=\"max-width:100%;\"\n                \/>\n            <\/a>\n        <\/div>\n\t\t\t\t\t\t\t<\/div> \n\t\t\t\n\t\t\t\t<div id=\"ngg-image-10\" class=\"ngg-gallery-thumbnail-box ngg-3-columns\" >\n\t\t\t\t        <div class=\"ngg-gallery-thumbnail\">\n            <a href=\"https:\/\/sp17.pl\/wp-content\/gallery\/2023-konkurs-himalaiski\/DSC_4315.JPG\"\n               title=\"\"\n               data-src=\"https:\/\/sp17.pl\/wp-content\/gallery\/2023-konkurs-himalaiski\/DSC_4315.JPG\"\n               data-thumbnail=\"https:\/\/sp17.pl\/wp-content\/gallery\/2023-konkurs-himalaiski\/thumbs\/thumbs_DSC_4315.JPG\"\n               data-image-id=\"3532\"\n               data-title=\"DSC_4315\"\n               data-description=\"\"\n               data-image-slug=\"dsc_4315\"\n               class=\"ngg-simplelightbox\" rel=\"cf7c422dacc28ed08325a68462d4597e\">\n                <img\n                    title=\"DSC_4315\"\n                    alt=\"DSC_4315\"\n                    src=\"https:\/\/sp17.pl\/wp-content\/gallery\/2023-konkurs-himalaiski\/thumbs\/thumbs_DSC_4315.JPG\"\n                    width=\"240\"\n                    height=\"160\"\n                    style=\"max-width:100%;\"\n                \/>\n            <\/a>\n        <\/div>\n\t\t\t\t\t\t\t<\/div> \n\t\t\t\n\t\n\t<br style=\"clear: both\" \/>\n\n\t\n\t\t<!-- Pagination -->\n\t<div class='ngg-clear'><\/div>\t<\/div>\n","protected":false},"excerpt":{"rendered":"<p>Na zaproszenie Fundacji Himalaizmu Polskiego im. Andrzeja Zawady nasi uczniowie wzi\u0119li udzia\u0142 w plastycznym konkursie himalajskim z okazji 80.rocznicy urodzin polskiej himalaistki Wandy Rutkiewicz oraz 45. rocznicy zdobycia przez ni\u0105 Mount Everest. Wanda Rutkiewicz by\u0142a pierwsz\u0105 kobiet\u0105 w Europie, a trzeci\u0105 na \u015bwiecie, ale przede wszystkim&nbsp; pierwsz\u0105 osob\u0105 z Polski, kt\u00f3ra stan\u0119\u0142a na najwy\u017cszym szczycie &hellip;<\/p>\n<p class=\"read-more\"> <a class=\"\" href=\"https:\/\/sp17.pl\/?p=9816\"> <span class=\"screen-reader-text\">SZTUK\u0104 ZDOBYWAMY HIMALAJE!<\/span> Czytaj wi\u0119cej<\/a><\/p>\n","protected":false},"author":1,"featured_media":9829,"comment_status":"closed","ping_status":"open","sticky":false,"template":"","format":"standard","meta":{"ngg_post_thumbnail":0,"site-sidebar-layout":"default","site-content-layout":"","ast-site-content-layout":"","site-content-style":"default","site-sidebar-style":"default","ast-global-header-display":"","ast-banner-title-visibility":"","ast-main-header-display":"","ast-hfb-above-header-display":"","ast-hfb-below-header-display":"","ast-hfb-mobile-header-display":"","site-post-title":"","ast-breadcrumbs-content":"","ast-featured-img":"","footer-sml-layout":"","theme-transparent-header-meta":"","adv-header-id-meta":"","stick-header-meta":"","header-above-stick-meta":"","header-main-stick-meta":"","header-below-stick-meta":"","astra-migrate-meta-layouts":"default","ast-page-background-enabled":"default","ast-page-background-meta":{"desktop":{"background-color":"var(--ast-global-color-4)","background-image":"","background-repeat":"repeat","background-position":"center center","background-size":"auto","background-attachment":"scroll","background-type":"","background-media":"","overlay-type":"","overlay-color":"","overlay-gradient":""},"tablet":{"background-color":"","background-image":"","background-repeat":"repeat","background-position":"center center","background-size":"auto","background-attachment":"scroll","background-type":"","background-media":"","overlay-type":"","overlay-color":"","overlay-gradient":""},"mobile":{"background-color":"","background-image":"","background-repeat":"repeat","background-position":"center center","background-size":"auto","background-attachment":"scroll","background-type":"","background-media":"","overlay-type":"","overlay-color":"","overlay-gradient":""}},"ast-content-background-meta":{"desktop":{"background-color":"var(--ast-global-color-5)","background-image":"","background-repeat":"repeat","background-position":"center center","background-size":"auto","background-attachment":"scroll","background-type":"","background-media":"","overlay-type":"","overlay-color":"","overlay-gradient":""},"tablet":{"background-color":"var(--ast-global-color-5)","background-image":"","background-repeat":"repeat","background-position":"center center","background-size":"auto","background-attachment":"scroll","background-type":"","background-media":"","overlay-type":"","overlay-color":"","overlay-gradient":""},"mobile":{"background-color":"var(--ast-global-color-5)","background-image":"","background-repeat":"repeat","background-position":"center center","background-size":"auto","background-attachment":"scroll","background-type":"","background-media":"","overlay-type":"","overlay-color":"","overlay-gradient":""}},"footnotes":""},"categories":[6],"tags":[],"_links":{"self":[{"href":"https:\/\/sp17.pl\/index.php?rest_route=\/wp\/v2\/posts\/9816"}],"collection":[{"href":"https:\/\/sp17.pl\/index.php?rest_route=\/wp\/v2\/posts"}],"about":[{"href":"https:\/\/sp17.pl\/index.php?rest_route=\/wp\/v2\/types\/post"}],"author":[{"embeddable":true,"href":"https:\/\/sp17.pl\/index.php?rest_route=\/wp\/v2\/users\/1"}],"replies":[{"embeddable":true,"href":"https:\/\/sp17.pl\/index.php?rest_route=%2Fwp%2Fv2%2Fcomments&post=9816"}],"version-history":[{"count":4,"href":"https:\/\/sp17.pl\/index.php?rest_route=\/wp\/v2\/posts\/9816\/revisions"}],"predecessor-version":[{"id":9833,"href":"https:\/\/sp17.pl\/index.php?rest_route=\/wp\/v2\/posts\/9816\/revisions\/9833"}],"wp:featuredmedia":[{"embeddable":true,"href":"https:\/\/sp17.pl\/index.php?rest_route=\/wp\/v2\/media\/9829"}],"wp:attachment":[{"href":"https:\/\/sp17.pl\/index.php?rest_route=%2Fwp%2Fv2%2Fmedia&parent=9816"}],"wp:term":[{"taxonomy":"category","embeddable":true,"href":"https:\/\/sp17.pl\/index.php?rest_route=%2Fwp%2Fv2%2Fcategories&post=9816"},{"taxonomy":"post_tag","embeddable":true,"href":"https:\/\/sp17.pl\/index.php?rest_route=%2Fwp%2Fv2%2Ftags&post=9816"}],"curies":[{"name":"wp","href":"https:\/\/api.w.org\/{rel}","templated":true}]}}